{"id":59828,"date":"2026-02-03T14:18:10","date_gmt":"2026-02-03T13:18:10","guid":{"rendered":"https:\/\/www.igmg.org\/?p=59828"},"modified":"2026-02-13T14:19:26","modified_gmt":"2026-02-13T13:19:26","slug":"danimarkada-subeler-arasi-geleneksel-bilgi-yarismasi-duezenlendi","status":"publish","type":"post","link":"https:\/\/www.igmg.org\/tr\/danimarkada-subeler-arasi-geleneksel-bilgi-yarismasi-duezenlendi\/","title":{"rendered":"Danimarka\u2019da \u015eubeler Aras\u0131 Geleneksel Bilgi Yar\u0131\u015fmas\u0131 D\u00fczenlendi"},"content":{"rendered":"<p>Danimarka \u0130slam Toplumu (D\u0130T) \u015fubeleri aras\u0131nda ger\u00e7ekle\u015ftirilen bilgi yar\u0131\u015fmas\u0131 10 ila 13 ya\u015f aras\u0131 ve tek kategori olarak d\u00fczenlendi. Bilgi yar\u0131\u015fmas\u0131na 13 \u015fubeden toplam 39 yar\u0131\u015fmac\u0131 \u00f6\u011frenci kat\u0131ld\u0131.<\/p>\n<h3><strong>Roskilde \u015eubesi Birinci Oldu<\/strong><\/h3>\n<p>Hvidovre B\u00f6lge Merkezi konferans salonunda d\u00fczenlenen yar\u0131\u015fmada sorular, Temel Bilgiler 1 ve Temel Bilgiler 2 m\u00fcfredat\u0131ndan, Siyer, itikat, ibadet, Genel K\u00fclt\u00fcr, Ahlak ve Te\u015fkilat olmak \u00fczere 6 kategoride haz\u0131rland\u0131.<\/p>\n<p>Dijital Kahoot platformu \u00fczerinden d\u00fczenlenen bilgi yar\u0131\u015fmas\u0131nda j\u00fcri heyeti yer almazken, yar\u0131\u015fmac\u0131lar i\u00e7in daha h\u0131zl\u0131 ve pratik bir ortam sa\u011fland\u0131. Yar\u0131\u015fma sonunda Roskilde \u015fubesi birincilik, Hvidovre \u015fubesi ikincilik, Hedehusene \u015fubesi ise \u00fc\u00e7\u00fcnc\u00fcl\u00fck elde etti.<\/p>\n<p><img decoding=\"async\" loading=\"lazy\" class=\"alignnone  wp-image-107806\" src=\"https:\/\/camiahaber.com\/wp-content\/uploads\/2026\/02\/danimarka-bilgi-yarismasi.avif\" sizes=\"(max-width: 1280px) 100vw, 1280px\" srcset=\"https:\/\/camiahaber.com\/wp-content\/uploads\/2026\/02\/danimarka-bilgi-yarismasi.avif 1280w, https:\/\/camiahaber.com\/wp-content\/uploads\/2026\/02\/danimarka-bilgi-yarismasi-300x169.avif 300w, https:\/\/camiahaber.com\/wp-content\/uploads\/2026\/02\/danimarka-bilgi-yarismasi-1024x576.avif 1024w, https:\/\/camiahaber.com\/wp-content\/uploads\/2026\/02\/danimarka-bilgi-yarismasi-768x432.avif 768w, https:\/\/camiahaber.com\/wp-content\/uploads\/2026\/02\/danimarka-bilgi-yarismasi-570x321.avif 570w, https:\/\/camiahaber.com\/wp-content\/uploads\/2026\/02\/danimarka-bilgi-yarismasi-270x152.avif 270w\" alt=\"\" width=\"560\" height=\"315\"><\/p>\n<h3><strong>\u201cBu Faaliyetler \u00c7ok \u00d6nemli\u201d<\/strong><\/h3>\n<p>Danimarka \u0130slam Toplumu B\u00f6lge Ba\u015fkan\u0131 Latif \u0130bi\u015fo\u011flu, programda yapt\u0131\u011f\u0131 de\u011ferlendirmede organizasyona katk\u0131 sunan E\u011fitim Birimi ve komisyonuna, imamlara, ailelere ve \u00f6zellikle yar\u0131\u015fmaya kat\u0131lan \u00e7ocuklara te\u015fekk\u00fcr etti. \u0130bi\u015fo\u011flu, bu t\u00fcr etkinliklerin Danimarka gibi bir co\u011frafyada \u00e7ocuklar\u0131n bilgi, ahlak ve imani de\u011ferlerle yeti\u015fmesi a\u00e7\u0131s\u0131ndan b\u00fcy\u00fck \u00f6nem ta\u015f\u0131d\u0131\u011f\u0131n\u0131 vurgulad\u0131.<\/p>\n<h3><strong>\u201cNas\u0131l Bir Nesil \u0130stedi\u011fimizin G\u00f6stergesi\u201d<\/strong><\/h3>\n<p>B\u00f6lge E\u011fitim Ba\u015fkan\u0131 Yas\u0131n \u00c7olak ise yar\u0131\u015fman\u0131n sadece bir bilgi \u00f6l\u00e7\u00fcm\u00fc olmad\u0131\u011f\u0131n\u0131, ayn\u0131 zamanda nas\u0131l bir nesil yeti\u015ftirilmek istendi\u011finin de g\u00f6stergesi oldu\u011funu ifade etti. \u00c7olak, g\u00fcn\u00fcm\u00fczde \u00e7ocuklar\u0131n ve gen\u00e7lerin inan\u00e7, ahlak ve kimlik a\u00e7\u0131s\u0131ndan ciddi tehditlerle kar\u015f\u0131 kar\u015f\u0131ya oldu\u011funu belirterek, bu t\u00fcr programlar\u0131n ilim, ahlak ve karde\u015flik ruhunu g\u00fc\u00e7lendirdi\u011fini dile getirdi.<\/p>\n<h3><strong>Program Dua ile Sona Erdi<\/strong><\/h3>\n<p>Program, dereceye giren \u015fubelere ve yar\u0131\u015fmaya kat\u0131lan t\u00fcm \u00f6\u011frencilere \u00f6d\u00fcllerin takdim edilmesinin ard\u0131ndan Kur\u2019an-\u0131 Kerim tilavetiyle sona erdi. Organizasyon, toplumsal birlikteli\u011fi ve bilgi payla\u015f\u0131m\u0131n\u0131 g\u00fc\u00e7lendiren anlaml\u0131 bir etkinlik olarak de\u011ferlendirildi. (<a href=\"https:\/\/camiahaber.com\/2026\/02\/02\/danimarkada-subeler-arasi-geleneksel-bilgi-yarismasi-duzenlendi\/\">Camiahaber<\/a>)<\/p>\n<p><img decoding=\"async\" loading=\"lazy\" class=\"alignnone  wp-image-107807\" src=\"https:\/\/camiahaber.com\/wp-content\/uploads\/2026\/02\/danimarka-bilgi-yarismasi2.avif\" sizes=\"(max-width: 1280px) 100vw, 1280px\" srcset=\"https:\/\/camiahaber.com\/wp-content\/uploads\/2026\/02\/danimarka-bilgi-yarismasi2.avif 1280w, https:\/\/camiahaber.com\/wp-content\/uploads\/2026\/02\/danimarka-bilgi-yarismasi2-300x169.avif 300w, https:\/\/camiahaber.com\/wp-content\/uploads\/2026\/02\/danimarka-bilgi-yarismasi2-1024x576.avif 1024w, https:\/\/camiahaber.com\/wp-content\/uploads\/2026\/02\/danimarka-bilgi-yarismasi2-768x432.avif 768w, https:\/\/camiahaber.com\/wp-content\/uploads\/2026\/02\/danimarka-bilgi-yarismasi2-570x321.avif 570w, https:\/\/camiahaber.com\/wp-content\/uploads\/2026\/02\/danimarka-bilgi-yarismasi2-270x152.avif 270w\" alt=\"\" width=\"540\" height=\"304\"><\/p>\n","protected":false},"excerpt":{"rendered":"<p>Danimarka \u0130slam Toplumu (D\u0130T) \u015fubeler aras\u0131nda Bilgi Yar\u0131\u015fmas\u0131 d\u00fczenledi. Bu y\u0131l 19\u2019uncusu d\u00fczenlenen yar\u0131\u015fmada, Roskilde \u015fubesi birinci oldu.<\/p>\n","protected":false},"author":1,"featured_media":59829,"comment_status":"closed","ping_status":"closed","sticky":false,"template":"","format":"standard","meta":{"ngg_post_thumbnail":0},"categories":[23238],"tags":[],"_links":{"self":[{"href":"https:\/\/www.igmg.org\/tr\/wp-json\/wp\/v2\/posts\/59828"}],"collection":[{"href":"https:\/\/www.igmg.org\/tr\/wp-json\/wp\/v2\/posts"}],"about":[{"href":"https:\/\/www.igmg.org\/tr\/wp-json\/wp\/v2\/types\/post"}],"author":[{"embeddable":true,"href":"https:\/\/www.igmg.org\/tr\/wp-json\/wp\/v2\/users\/1"}],"replies":[{"embeddable":true,"href":"https:\/\/www.igmg.org\/tr\/wp-json\/wp\/v2\/comments?post=59828"}],"version-history":[{"count":1,"href":"https:\/\/www.igmg.org\/tr\/wp-json\/wp\/v2\/posts\/59828\/revisions"}],"predecessor-version":[{"id":59834,"href":"https:\/\/www.igmg.org\/tr\/wp-json\/wp\/v2\/posts\/59828\/revisions\/59834"}],"wp:featuredmedia":[{"embeddable":true,"href":"https:\/\/www.igmg.org\/tr\/wp-json\/wp\/v2\/media\/59829"}],"wp:attachment":[{"href":"https:\/\/www.igmg.org\/tr\/wp-json\/wp\/v2\/media?parent=59828"}],"wp:term":[{"taxonomy":"category","embeddable":true,"href":"https:\/\/www.igmg.org\/tr\/wp-json\/wp\/v2\/categories?post=59828"},{"taxonomy":"post_tag","embeddable":true,"href":"https:\/\/www.igmg.org\/tr\/wp-json\/wp\/v2\/tags?post=59828"}],"curies":[{"name":"wp","href":"https:\/\/api.w.org\/{rel}","templated":true}]}}