{"id":60278,"date":"2026-03-03T10:45:55","date_gmt":"2026-03-03T09:45:55","guid":{"rendered":"https:\/\/www.igmg.org\/?p=60278"},"modified":"2026-03-09T10:54:46","modified_gmt":"2026-03-09T09:54:46","slug":"igmg-tuerkiye-boelgesi-subelerinde-ramazan-coskusu","status":"publish","type":"post","link":"https:\/\/www.igmg.org\/tr\/igmg-tuerkiye-boelgesi-subelerinde-ramazan-coskusu\/","title":{"rendered":"IGMG T\u00fcrkiye B\u00f6lgesi \u015eubelerinde Ramazan Co\u015fkusu"},"content":{"rendered":"<div>\n<p><strong>IGMG T\u00fcrkiye B\u00f6lgesi, Ramazan ay\u0131 dolay\u0131s\u0131yla T\u00fcrkiye genelinde 8 \u015fehirde bulunan \u015fube binalar\u0131n\u0131 Ramazan temal\u0131 s\u00fcslemelerle donatt\u0131.&nbsp;<\/strong><\/p>\n<\/div>\n<p>\u0130slam Toplumu Milli G\u00f6r\u00fc\u015f (IGMG) T\u00fcrkiye B\u00f6lgesi, Ramazan ay\u0131na y\u00f6nelik fark\u0131ndal\u0131k \u00e7al\u0131\u015fmalar\u0131 kapsam\u0131nda T\u00fcrkiye genelinde 8 \u015fehirde yer alan \u015fube binalar\u0131nda Ramazan temal\u0131 s\u00fcslemeler ger\u00e7ekle\u015ftirdi.<\/p>\n<h3><strong>8 \u015eehirde Ramazan Atmosferi<\/strong><\/h3>\n<p>\u00c7al\u0131\u015fma kapsam\u0131nda Ankara, Kayseri, Sivas, Samsun, Konya, Bursa, Aksaray ve \u0130stanbul\u2019daki \u015fube binalar\u0131 Ramazan\u2019\u0131n ruhunu yans\u0131tan g\u00f6rseller ve tematik dokunu\u015flarla s\u00fcslendi. Her \u015fehrin tarihi ve manevi kimli\u011fine vurgu yapan haz\u0131rl\u0131klar; \u201ckalpler haz\u0131rlans\u0131n, sokaklar haz\u0131rlans\u0131n, haneler haz\u0131rlans\u0131n\u201d anlay\u0131\u015f\u0131yla ger\u00e7ekle\u015ftirildi.<\/p>\n<p>IGMG T\u00fcrkiye B\u00f6lgesi Kurumsal \u0130leti\u015fim Ba\u015fkan\u0131 Ahmed Faruk Erg\u00fcn, \u00e7al\u0131\u015fman\u0131n temel amac\u0131n\u0131n Ramazan ay\u0131n\u0131n geli\u015fini \u015fehirlerin farkl\u0131 noktalar\u0131nda hissettirmek, manevi iklimi g\u00f6r\u00fcn\u00fcr k\u0131lmak ve toplumsal payla\u015fma bilincini g\u00fc\u00e7lendirmek oldu\u011funu ifade etti.<\/p>\n<figure id=\"attachment_109339\" class=\"wp-caption alignnone\" style=\"width: 544px;\" aria-describedby=\"caption-attachment-109339\"><img decoding=\"async\" loading=\"lazy\" class=\"wp-image-109339 \" src=\"https:\/\/camiahaber.com\/wp-content\/uploads\/2026\/03\/igmg-turkiye-22-.avif\" sizes=\"(max-width: 1280px) 100vw, 1280px\" srcset=\"https:\/\/camiahaber.com\/wp-content\/uploads\/2026\/03\/igmg-turkiye-22-.avif 1280w, https:\/\/camiahaber.com\/wp-content\/uploads\/2026\/03\/igmg-turkiye-22--300x169.avif 300w, https:\/\/camiahaber.com\/wp-content\/uploads\/2026\/03\/igmg-turkiye-22--1024x576.avif 1024w, https:\/\/camiahaber.com\/wp-content\/uploads\/2026\/03\/igmg-turkiye-22--768x432.avif 768w, https:\/\/camiahaber.com\/wp-content\/uploads\/2026\/03\/igmg-turkiye-22--570x321.avif 570w, https:\/\/camiahaber.com\/wp-content\/uploads\/2026\/03\/igmg-turkiye-22--270x152.avif 270w\" alt=\"\" width=\"544\" height=\"306\"><figcaption id=\"caption-attachment-109339\" class=\"wp-caption-text\">@camiahaber<\/figcaption><\/figure>\n<h3><strong>\u201cRamazan\u2019\u0131n Bereketi \u015eehirlere Yay\u0131ls\u0131n \u0130stedik\u201d<\/strong><\/h3>\n<p>Ahmed Faruk Erg\u00fcn, bina s\u00fcslemelerinin yaln\u0131zca g\u00f6rsel bir uygulama olmad\u0131\u011f\u0131n\u0131, ayn\u0131 zamanda Ramazan\u2019\u0131n rahmet, bereket ve dayan\u0131\u015fma mesaj\u0131n\u0131 hat\u0131rlatan bir davet niteli\u011fi ta\u015f\u0131d\u0131\u011f\u0131n\u0131 belirtti.<\/p>\n<p>Erg\u00fcn, Avrupa\u2019da k\u00fc\u00e7\u00fck mescitlerle ba\u015flayan ve bug\u00fcn 24 \u00fclkede faaliyet g\u00f6steren IGMG\u2019nin k\u00f6kl\u00fc ge\u00e7mi\u015fine de dikkat \u00e7ekti.<\/p>\n<figure id=\"attachment_109334\" class=\"wp-caption alignnone\" style=\"width: 548px;\" aria-describedby=\"caption-attachment-109334\"><img decoding=\"async\" loading=\"lazy\" class=\"wp-image-109334 \" src=\"https:\/\/camiahaber.com\/wp-content\/uploads\/2026\/03\/EV-SUSLEMELERI-1.avif\" sizes=\"(max-width: 1280px) 100vw, 1280px\" srcset=\"https:\/\/camiahaber.com\/wp-content\/uploads\/2026\/03\/EV-SUSLEMELERI-1.avif 1280w, https:\/\/camiahaber.com\/wp-content\/uploads\/2026\/03\/EV-SUSLEMELERI-1-300x169.avif 300w, https:\/\/camiahaber.com\/wp-content\/uploads\/2026\/03\/EV-SUSLEMELERI-1-1024x576.avif 1024w, https:\/\/camiahaber.com\/wp-content\/uploads\/2026\/03\/EV-SUSLEMELERI-1-768x432.avif 768w, https:\/\/camiahaber.com\/wp-content\/uploads\/2026\/03\/EV-SUSLEMELERI-1-570x321.avif 570w, https:\/\/camiahaber.com\/wp-content\/uploads\/2026\/03\/EV-SUSLEMELERI-1-270x152.avif 270w\" alt=\"\" width=\"548\" height=\"308\"><figcaption id=\"caption-attachment-109334\" class=\"wp-caption-text\">@camiahaber<\/figcaption><\/figure>\n<h3><strong>Evlerde \u201cRamazan K\u00f6\u015fesi\u201d Uygulamas\u0131<\/strong><\/h3>\n<p>Bina s\u00fcslemelerine ek olarak ailelerle ger\u00e7ekle\u015ftirilen programlar kapsam\u0131nda ev s\u00fcslemeleri de haz\u0131rlanarak da\u011f\u0131t\u0131ld\u0131. Bu uygulamayla her hanede Ramazan\u2019\u0131 kar\u015f\u0131layan k\u00fc\u00e7\u00fck bir \u201cRamazan k\u00f6\u015fesi\u201d olu\u015fturulmas\u0131n\u0131n ama\u00e7land\u0131\u011f\u0131 bildirildi.&nbsp; \u201c\u00c7ocuklar g\u00f6rs\u00fcn, b\u00fcy\u00fckler hat\u0131rlas\u0131n; Ramazan evin i\u00e7ine de insin\u201d mesaj\u0131yla y\u00fcr\u00fct\u00fclen \u00e7al\u0131\u015fma, ailelerin Ramazan sevincini birlikte ya\u015famas\u0131na katk\u0131 sunmay\u0131 hedefledi.<\/p>\n<p>Kurumsal \u0130leti\u015fim Ba\u015fkan\u0131 Erg\u00fcn, \u00f6zellikle \u00e7ocuklar\u0131n Ramazan bilinciyle b\u00fcy\u00fcmesi ve ailelerin bu ay\u0131n manevi atmosferini birlikte ya\u015famas\u0131 i\u00e7in \u00e7al\u0131\u015fmalar\u0131n s\u00fcrece\u011fini kaydetti. Erg\u00fcn, Ramazan ay\u0131 boyunca birlik, dayan\u0131\u015fma ve payla\u015fma temal\u0131 faaliyetlere devam edece\u011fini a\u00e7\u0131klad\u0131.<\/p>\n<p>(<a href=\"https:\/\/camiahaber.com\/2026\/03\/03\/igmg-turkiye-bolgesi-subelerinde-ramazan-coskusu\/\">camiahaber<\/a>)<\/p>\n<p>&nbsp;<\/p>\n","protected":false},"excerpt":{"rendered":"<p>IGMG T\u00fcrkiye B\u00f6lgesi, Ramazan ay\u0131 dolay\u0131s\u0131yla T\u00fcrkiye genelinde 8 \u015fehirde bulunan \u015fube binalar\u0131n\u0131 Ramazan temal\u0131 s\u00fcslemelerle donatt\u0131. <\/p>\n","protected":false},"author":1,"featured_media":60279,"comment_status":"closed","ping_status":"closed","sticky":false,"template":"","format":"standard","meta":{"ngg_post_thumbnail":0},"categories":[23238],"tags":[25018,24359],"_links":{"self":[{"href":"https:\/\/www.igmg.org\/tr\/wp-json\/wp\/v2\/posts\/60278"}],"collection":[{"href":"https:\/\/www.igmg.org\/tr\/wp-json\/wp\/v2\/posts"}],"about":[{"href":"https:\/\/www.igmg.org\/tr\/wp-json\/wp\/v2\/types\/post"}],"author":[{"embeddable":true,"href":"https:\/\/www.igmg.org\/tr\/wp-json\/wp\/v2\/users\/1"}],"replies":[{"embeddable":true,"href":"https:\/\/www.igmg.org\/tr\/wp-json\/wp\/v2\/comments?post=60278"}],"version-history":[{"count":3,"href":"https:\/\/www.igmg.org\/tr\/wp-json\/wp\/v2\/posts\/60278\/revisions"}],"predecessor-version":[{"id":60286,"href":"https:\/\/www.igmg.org\/tr\/wp-json\/wp\/v2\/posts\/60278\/revisions\/60286"}],"wp:featuredmedia":[{"embeddable":true,"href":"https:\/\/www.igmg.org\/tr\/wp-json\/wp\/v2\/media\/60279"}],"wp:attachment":[{"href":"https:\/\/www.igmg.org\/tr\/wp-json\/wp\/v2\/media?parent=60278"}],"wp:term":[{"taxonomy":"category","embeddable":true,"href":"https:\/\/www.igmg.org\/tr\/wp-json\/wp\/v2\/categories?post=60278"},{"taxonomy":"post_tag","embeddable":true,"href":"https:\/\/www.igmg.org\/tr\/wp-json\/wp\/v2\/tags?post=60278"}],"curies":[{"name":"wp","href":"https:\/\/api.w.org\/{rel}","templated":true}]}}