{"id":60287,"date":"2026-03-04T10:54:54","date_gmt":"2026-03-04T09:54:54","guid":{"rendered":"https:\/\/www.igmg.org\/?p=60287"},"modified":"2026-03-09T11:03:41","modified_gmt":"2026-03-09T10:03:41","slug":"fransanin-baskenti-pariste-iftar-bulusmasi","status":"publish","type":"post","link":"https:\/\/www.igmg.org\/tr\/fransanin-baskenti-pariste-iftar-bulusmasi\/","title":{"rendered":"Fransa\u2019n\u0131n Ba\u015fkenti Paris\u2019te \u0130ftar Bulu\u015fmas\u0131"},"content":{"rendered":"<div>\n<p><strong>Fransa Mill\u00ee G\u00f6r\u00fc\u015f (CIMG) Paris \u00cele-de-France taraf\u0131ndan d\u00fczenlenen geleneksel kurumsal iftar program\u0131, 1 Mart Pazar g\u00fcn\u00fc geni\u015f kat\u0131l\u0131mla ger\u00e7ekle\u015ftirildi. Toplumun farkl\u0131 kesimlerini ayn\u0131 sofrada bulu\u015fturan programda birlik, dayan\u0131\u015fma ve karde\u015flik mesajlar\u0131 \u00f6ne \u00e7\u0131kt\u0131.<\/strong><\/p>\n<article id=\"post-109374\" class=\"qomodo-post-content post-single &quot;layout-2 post-109374 post type-post status-publish format-standard has-post-thumbnail hentry category-fransa category-toplum\">\n<div class=\"content\">\n<p>Fransa Mill\u00ee G\u00f6r\u00fc\u015f&nbsp;\u0130slam Konfederasyonu (CIMG) Paris \u00cele-de-France taraf\u0131ndan geleneksel hale gelen ve her y\u0131l d\u00fczenlenen kurumsal iftar program\u0131, 1 Mart Pazar g\u00fcn\u00fc geni\u015f kat\u0131l\u0131mla ve g\u00fc\u00e7l\u00fc birlik mesajlar\u0131yla ger\u00e7ekle\u015fti. CIMG Paris B\u00f6lgesinin farkl\u0131 \u015fehirlerinden davetlilerin bir araya geldi\u011fi program, toplumun \u00e7e\u015fitli kesimlerini ayn\u0131 sofrada bulu\u015fturarak karde\u015flik ve dayan\u0131\u015fma ruhunu peki\u015ftirdi.<\/p>\n<p><img decoding=\"async\" loading=\"lazy\" class=\"alignnone  wp-image-109377\" src=\"https:\/\/camiahaber.com\/wp-content\/uploads\/2026\/03\/7216cbd1-07d0-46fc-a950-fae0acdaabb2.avif\" sizes=\"(max-width: 1616px) 100vw, 1616px\" srcset=\"https:\/\/camiahaber.com\/wp-content\/uploads\/2026\/03\/7216cbd1-07d0-46fc-a950-fae0acdaabb2.avif 1616w, https:\/\/camiahaber.com\/wp-content\/uploads\/2026\/03\/7216cbd1-07d0-46fc-a950-fae0acdaabb2-300x200.avif 300w, https:\/\/camiahaber.com\/wp-content\/uploads\/2026\/03\/7216cbd1-07d0-46fc-a950-fae0acdaabb2-1024x684.avif 1024w, https:\/\/camiahaber.com\/wp-content\/uploads\/2026\/03\/7216cbd1-07d0-46fc-a950-fae0acdaabb2-768x513.avif 768w, https:\/\/camiahaber.com\/wp-content\/uploads\/2026\/03\/7216cbd1-07d0-46fc-a950-fae0acdaabb2-1536x1027.avif 1536w, https:\/\/camiahaber.com\/wp-content\/uploads\/2026\/03\/7216cbd1-07d0-46fc-a950-fae0acdaabb2-494x330.avif 494w, https:\/\/camiahaber.com\/wp-content\/uploads\/2026\/03\/7216cbd1-07d0-46fc-a950-fae0acdaabb2-270x180.avif 270w\" alt=\"\" width=\"539\" height=\"361\"><\/p>\n<h3><strong>\u201cKar\u015f\u0131l\u0131kl\u0131 Sayg\u0131 ve Anlay\u0131\u015f\u0131 Art\u0131r\u0131yor\u201d<\/strong><\/h3>\n<p>\u0130ftara kat\u0131lan \u0130GMG Genel Ba\u015fkan Yard\u0131mc\u0131s\u0131 Murat \u0130leri yapt\u0131\u011f\u0131 konu\u015fmada birlik ve beraberli\u011fin \u00f6nemine de\u011finerek, bu t\u00fcr programlar\u0131n toplumsal dayan\u0131\u015fmay\u0131 g\u00fc\u00e7lendirdi\u011fini belirtti. C\u0130MG France Ba\u015fkan\u0131 Ey\u00fcp \u015eahin ise konu\u015fmas\u0131nda, farkl\u0131 kesimleri bir araya getiren bu bulu\u015fmalar\u0131n kar\u015f\u0131l\u0131kl\u0131 anlay\u0131\u015f ve sayg\u0131y\u0131 art\u0131rd\u0131\u011f\u0131n\u0131 s\u00f6yledi.<\/p>\n<p><img decoding=\"async\" loading=\"lazy\" class=\"alignnone  wp-image-109376\" src=\"https:\/\/camiahaber.com\/wp-content\/uploads\/2026\/03\/29f3bb40-751a-40d9-b7b7-44fee712648f.avif\" sizes=\"(max-width: 1616px) 100vw, 1616px\" srcset=\"https:\/\/camiahaber.com\/wp-content\/uploads\/2026\/03\/29f3bb40-751a-40d9-b7b7-44fee712648f.avif 1616w, https:\/\/camiahaber.com\/wp-content\/uploads\/2026\/03\/29f3bb40-751a-40d9-b7b7-44fee712648f-300x200.avif 300w, https:\/\/camiahaber.com\/wp-content\/uploads\/2026\/03\/29f3bb40-751a-40d9-b7b7-44fee712648f-1024x684.avif 1024w, https:\/\/camiahaber.com\/wp-content\/uploads\/2026\/03\/29f3bb40-751a-40d9-b7b7-44fee712648f-768x513.avif 768w, https:\/\/camiahaber.com\/wp-content\/uploads\/2026\/03\/29f3bb40-751a-40d9-b7b7-44fee712648f-1536x1027.avif 1536w, https:\/\/camiahaber.com\/wp-content\/uploads\/2026\/03\/29f3bb40-751a-40d9-b7b7-44fee712648f-494x330.avif 494w, https:\/\/camiahaber.com\/wp-content\/uploads\/2026\/03\/29f3bb40-751a-40d9-b7b7-44fee712648f-270x180.avif 270w\" alt=\"\" width=\"538\" height=\"360\"><\/p>\n<h3><strong>\u201cT\u00fcm Kesimler Ortak Sorumluluk Ta\u015f\u0131yor\u201d<\/strong><\/h3>\n<p>Program\u0131n a\u00e7\u0131l\u0131\u015f\u0131nda konu\u015fan B\u00f6lge Ba\u015fkan\u0131 Halil \u0130brahim Ata\u015f, kat\u0131l\u0131mc\u0131lar\u0131 selamlayarak Ramazan ay\u0131n\u0131n manevi iklimine dikkat \u00e7ekti. Ata\u015f, Fransa\u2019da \u0130slam dininin huzur i\u00e7erisinde ya\u015fanabilmesi i\u00e7in t\u00fcm kesimlerin ortak sorumluluk ta\u015f\u0131d\u0131\u011f\u0131n\u0131 hat\u0131rlatt\u0131. D\u00fcnya\u2019n\u0131n neresinde olursa olsun bar\u0131\u015f ve karde\u015flik ad\u0131na at\u0131lan her ad\u0131m\u0131n b\u00fcy\u00fck de\u011fer ta\u015f\u0131d\u0131\u011f\u0131n\u0131 vurgulayan Ata\u015f, iftar sofralar\u0131n\u0131n toplumlar aras\u0131nda k\u00f6pr\u00fc kuran \u00f6nemli bulu\u015fmalar oldu\u011funu ifade etti.<\/p>\n<p><img decoding=\"async\" loading=\"lazy\" class=\"alignnone  wp-image-109379\" src=\"https:\/\/camiahaber.com\/wp-content\/uploads\/2026\/03\/b7fbf4f2-e91f-4e60-9657-ed854519aded.avif\" sizes=\"(max-width: 1280px) 100vw, 1280px\" srcset=\"https:\/\/camiahaber.com\/wp-content\/uploads\/2026\/03\/b7fbf4f2-e91f-4e60-9657-ed854519aded.avif 1280w, https:\/\/camiahaber.com\/wp-content\/uploads\/2026\/03\/b7fbf4f2-e91f-4e60-9657-ed854519aded-300x154.avif 300w, https:\/\/camiahaber.com\/wp-content\/uploads\/2026\/03\/b7fbf4f2-e91f-4e60-9657-ed854519aded-1024x525.avif 1024w, https:\/\/camiahaber.com\/wp-content\/uploads\/2026\/03\/b7fbf4f2-e91f-4e60-9657-ed854519aded-768x394.avif 768w, https:\/\/camiahaber.com\/wp-content\/uploads\/2026\/03\/b7fbf4f2-e91f-4e60-9657-ed854519aded-570x292.avif 570w, https:\/\/camiahaber.com\/wp-content\/uploads\/2026\/03\/b7fbf4f2-e91f-4e60-9657-ed854519aded-270x138.avif 270w\" alt=\"\" width=\"532\" height=\"273\"><\/p>\n<p>Programa kat\u0131lan Val-d\u2019Oise (95) b\u00f6lgesi Milletvekili Carlos Martens Bilongo ile yedi \u015fehrin belediye ba\u015fkanlar\u0131 da s\u00f6z alarak davetlileri selamlad\u0131 ve b\u00f6ylesi kapsay\u0131c\u0131 organizasyonlar\u0131n toplumsal uyuma katk\u0131 sundu\u011funu dile getirdi. T\u00fcrkiye Cumhuriyeti Paris Ba\u015fkonsolos Yard\u0131mc\u0131s\u0131 S\u00fcha Z\u00fclfikar da yapt\u0131\u011f\u0131 konu\u015fmada Ramazan ay\u0131n\u0131n payla\u015fma, dayan\u0131\u015fma ve g\u00f6n\u00fcl k\u00f6pr\u00fcleri kurma ay\u0131 oldu\u011funa i\u015faret ederek organizasyonda eme\u011fi ge\u00e7enlere te\u015fekk\u00fcr etti.<\/p>\n<p><img decoding=\"async\" loading=\"lazy\" class=\"alignnone  wp-image-109378\" src=\"https:\/\/camiahaber.com\/wp-content\/uploads\/2026\/03\/475db115-5e11-4d3d-b227-72f36cf8af51.avif\" sizes=\"(max-width: 1616px) 100vw, 1616px\" srcset=\"https:\/\/camiahaber.com\/wp-content\/uploads\/2026\/03\/475db115-5e11-4d3d-b227-72f36cf8af51.avif 1616w, https:\/\/camiahaber.com\/wp-content\/uploads\/2026\/03\/475db115-5e11-4d3d-b227-72f36cf8af51-300x200.avif 300w, https:\/\/camiahaber.com\/wp-content\/uploads\/2026\/03\/475db115-5e11-4d3d-b227-72f36cf8af51-1024x684.avif 1024w, https:\/\/camiahaber.com\/wp-content\/uploads\/2026\/03\/475db115-5e11-4d3d-b227-72f36cf8af51-768x513.avif 768w, https:\/\/camiahaber.com\/wp-content\/uploads\/2026\/03\/475db115-5e11-4d3d-b227-72f36cf8af51-1536x1027.avif 1536w, https:\/\/camiahaber.com\/wp-content\/uploads\/2026\/03\/475db115-5e11-4d3d-b227-72f36cf8af51-494x330.avif 494w, https:\/\/camiahaber.com\/wp-content\/uploads\/2026\/03\/475db115-5e11-4d3d-b227-72f36cf8af51-270x180.avif 270w\" alt=\"\" width=\"523\" height=\"349\"><\/p>\n<p>\u0130ftar program\u0131na ayr\u0131ca Paris b\u00f6lgesinin \u00e7e\u015fitli \u015fehirlerinden farkl\u0131 din temsilcileri, cami ve dernek y\u00f6neticileri, sivil toplum kurulu\u015flar\u0131n\u0131n temsilcileri ve \u00e7ok say\u0131da kanaat \u00f6nderi kat\u0131ld\u0131. Samimi bir atmosferde ger\u00e7ekle\u015fen bulu\u015fma, birliktelik ve muhabbet mesajlar\u0131n\u0131n \u00f6n plana \u00e7\u0131kt\u0131\u011f\u0131 anlaml\u0131 bir ak\u015fam olarak haf\u0131zalarda yer etti. Program, yap\u0131lan dualar\u0131n ard\u0131ndan kat\u0131l\u0131mc\u0131lar\u0131n kar\u015f\u0131l\u0131kl\u0131 sohbetleriyle sona erdi.(bb)<\/p>\n<\/div>\n<\/article>\n<div class=\"next_prev\">\n<div class=\"row\">\n<div class=\"col-lg-6\">\n<div class=\"next_prv_single border_left3\">(<a href=\"https:\/\/camiahaber.com\/2026\/03\/04\/fransanin-baskenti-pariste-iftar-bulusmasi\/\">camiahaber<\/a>)&nbsp;<\/div>\n<\/div>\n<\/div>\n<\/div>\n<\/div>\n","protected":false},"excerpt":{"rendered":"<p>Fransa Mill\u00ee G\u00f6r\u00fc\u015f (CIMG) Paris \u00cele-de-France taraf\u0131ndan d\u00fczenlenen geleneksel kurumsal iftar program\u0131, 1 Mart Pazar g\u00fcn\u00fc geni\u015f kat\u0131l\u0131mla ger\u00e7ekle\u015ftirildi. Toplumun farkl\u0131 kesimlerini ayn\u0131 sofrada bulu\u015fturan programda birlik, dayan\u0131\u015fma ve karde\u015flik mesajlar\u0131 \u00f6ne \u00e7\u0131kt\u0131.<\/p>\n","protected":false},"author":1,"featured_media":60288,"comment_status":"closed","ping_status":"closed","sticky":false,"template":"","format":"standard","meta":{"ngg_post_thumbnail":0},"categories":[23238],"tags":[24714,24997,24359],"_links":{"self":[{"href":"https:\/\/www.igmg.org\/tr\/wp-json\/wp\/v2\/posts\/60287"}],"collection":[{"href":"https:\/\/www.igmg.org\/tr\/wp-json\/wp\/v2\/posts"}],"about":[{"href":"https:\/\/www.igmg.org\/tr\/wp-json\/wp\/v2\/types\/post"}],"author":[{"embeddable":true,"href":"https:\/\/www.igmg.org\/tr\/wp-json\/wp\/v2\/users\/1"}],"replies":[{"embeddable":true,"href":"https:\/\/www.igmg.org\/tr\/wp-json\/wp\/v2\/comments?post=60287"}],"version-history":[{"count":3,"href":"https:\/\/www.igmg.org\/tr\/wp-json\/wp\/v2\/posts\/60287\/revisions"}],"predecessor-version":[{"id":60295,"href":"https:\/\/www.igmg.org\/tr\/wp-json\/wp\/v2\/posts\/60287\/revisions\/60295"}],"wp:featuredmedia":[{"embeddable":true,"href":"https:\/\/www.igmg.org\/tr\/wp-json\/wp\/v2\/media\/60288"}],"wp:attachment":[{"href":"https:\/\/www.igmg.org\/tr\/wp-json\/wp\/v2\/media?parent=60287"}],"wp:term":[{"taxonomy":"category","embeddable":true,"href":"https:\/\/www.igmg.org\/tr\/wp-json\/wp\/v2\/categories?post=60287"},{"taxonomy":"post_tag","embeddable":true,"href":"https:\/\/www.igmg.org\/tr\/wp-json\/wp\/v2\/tags?post=60287"}],"curies":[{"name":"wp","href":"https:\/\/api.w.org\/{rel}","templated":true}]}}