{"id":60296,"date":"2026-03-04T11:03:46","date_gmt":"2026-03-04T10:03:46","guid":{"rendered":"https:\/\/www.igmg.org\/?p=60296"},"modified":"2026-03-09T11:13:15","modified_gmt":"2026-03-09T10:13:15","slug":"igmg-berlin-boelgesinden-cocuklara-oezel-ramazan-programi","status":"publish","type":"post","link":"https:\/\/www.igmg.org\/tr\/igmg-berlin-boelgesinden-cocuklara-oezel-ramazan-programi\/","title":{"rendered":"IGMG Berlin B\u00f6lgesi\u2019nden \u00c7ocuklara \u00d6zel Ramazan Program\u0131"},"content":{"rendered":"<p><strong>IGMG Berlin B\u00f6lgesi, T\u00fcrk geleneklerinin ya\u015fat\u0131lmas\u0131 ve \u00e7ocuklara aktar\u0131lmas\u0131 amac\u0131yla ramazan boyunca farkl\u0131 camilerde etkinlikler d\u00fczenliyor<\/strong>.<\/p>\n<p>\u0130slam Toplumu Milli G\u00f6r\u00fc\u015f Te\u015fkilat\u0131 (IGMG) Berlin B\u00f6lgesi, ramazanda iftar \u00f6ncesinde \u00e7ocuklara y\u00f6nelik etkinliklerde, Nasreddin Hoca g\u00f6sterisi ile Hacivat ve Karag\u00f6z g\u00f6lge oyunu d\u00fczenliyor.<\/p>\n<p>Reinickendorf il\u00e7esindeki Medine Camisi\u2019nde iftar \u00f6ncesi yap\u0131lan etkinlikte \u00e7ocuklar \u00f6nce Nasreddin Hoca g\u00f6sterisiyle e\u011flendi ve halat \u00e7ekme oyunuyla yar\u0131\u015ft\u0131. Etkinlikte \u00e7ocuklar, \u201cKabe\u2019de hac\u0131lar hu der Allah\u201d ilahisine de e\u015flik etti.<\/p>\n<h3><strong>\u00c7ocuklara \u00d6zel Ramazan Program\u0131<\/strong><\/h3>\n<p>Hacivat ve Karag\u00f6z g\u00f6lge oyunuyla e\u011flenen \u00e7ocuklara program\u0131n sonunda hediyeler verildi. Etkinliklerin ard\u0131ndan \u00e7ocuklar bir arada iftar yapman\u0131n mutlulu\u011funu ya\u015fad\u0131.<\/p>\n<figure id=\"attachment_109385\" class=\"wp-caption alignnone\" style=\"width: 550px;\" aria-describedby=\"caption-attachment-109385\"><img decoding=\"async\" loading=\"lazy\" class=\" wp-image-109385\" src=\"https:\/\/camiahaber.com\/wp-content\/uploads\/2026\/03\/AA-20260304-40730358-40730357-BERLINDE_RAMAZAN_GELENEKLERI_NASREDDIN_HOCA_VE_GOLGE_OYUNUYLA_YASATILIYOR-scaled.avif\" sizes=\"(max-width: 2560px) 100vw, 2560px\" srcset=\"https:\/\/camiahaber.com\/wp-content\/uploads\/2026\/03\/AA-20260304-40730358-40730357-BERLINDE_RAMAZAN_GELENEKLERI_NASREDDIN_HOCA_VE_GOLGE_OYUNUYLA_YASATILIYOR-scaled.avif 2560w, https:\/\/camiahaber.com\/wp-content\/uploads\/2026\/03\/AA-20260304-40730358-40730357-BERLINDE_RAMAZAN_GELENEKLERI_NASREDDIN_HOCA_VE_GOLGE_OYUNUYLA_YASATILIYOR-300x209.avif 300w, https:\/\/camiahaber.com\/wp-content\/uploads\/2026\/03\/AA-20260304-40730358-40730357-BERLINDE_RAMAZAN_GELENEKLERI_NASREDDIN_HOCA_VE_GOLGE_OYUNUYLA_YASATILIYOR-1024x713.avif 1024w, https:\/\/camiahaber.com\/wp-content\/uploads\/2026\/03\/AA-20260304-40730358-40730357-BERLINDE_RAMAZAN_GELENEKLERI_NASREDDIN_HOCA_VE_GOLGE_OYUNUYLA_YASATILIYOR-768x535.avif 768w, https:\/\/camiahaber.com\/wp-content\/uploads\/2026\/03\/AA-20260304-40730358-40730357-BERLINDE_RAMAZAN_GELENEKLERI_NASREDDIN_HOCA_VE_GOLGE_OYUNUYLA_YASATILIYOR-1536x1070.avif 1536w, https:\/\/camiahaber.com\/wp-content\/uploads\/2026\/03\/AA-20260304-40730358-40730357-BERLINDE_RAMAZAN_GELENEKLERI_NASREDDIN_HOCA_VE_GOLGE_OYUNUYLA_YASATILIYOR-2048x1426.avif 2048w, https:\/\/camiahaber.com\/wp-content\/uploads\/2026\/03\/AA-20260304-40730358-40730357-BERLINDE_RAMAZAN_GELENEKLERI_NASREDDIN_HOCA_VE_GOLGE_OYUNUYLA_YASATILIYOR-474x330.avif 474w, https:\/\/camiahaber.com\/wp-content\/uploads\/2026\/03\/AA-20260304-40730358-40730357-BERLINDE_RAMAZAN_GELENEKLERI_NASREDDIN_HOCA_VE_GOLGE_OYUNUYLA_YASATILIYOR-258x180.avif 258w\" alt=\"\" width=\"550\" height=\"383\"><figcaption id=\"caption-attachment-109385\" class=\"wp-caption-text\">Medine Camisi\u2019nde iftar \u00f6ncesi yap\u0131lan etkinlikte \u00e7ocuklar \u00f6nce Nasreddin Hoca g\u00f6sterisiyle e\u011flendi ve halat \u00e7ekme oyunuyla yar\u0131\u015ft\u0131 @aa<\/figcaption><\/figure>\n<h3><strong>\u201cK\u00fclt\u00fcr\u00fcm\u00fcz ve \u0130nanc\u0131m\u0131z Unutulmas\u0131n\u201d<\/strong><\/h3>\n<p>IGMG Berlin B\u00f6lgesi\u2019nde ramazan ay\u0131nda d\u00fczenlenecek programlar\u0131n koordinasyon ekibinde yer alan Ahmet Basri, yapt\u0131\u011f\u0131 a\u00e7\u0131klamada, \u00e7ocuklara ramazan\u0131n ruhunu, g\u00fczelli\u011fini ve bereketini \u00f6\u011fretme amac\u0131yla bu etkinli\u011fi camilerde d\u00fczenlediklerini anlatt\u0131.<\/p>\n<p>Basri, ge\u00e7en y\u0131llarda ramazan\u0131n okul tatiline denk gelmesi nedeniyle bu etkinli\u011fi her g\u00fcn d\u00fczenlediklerini ancak bu ramazanda okul tatili olmad\u0131\u011f\u0131 i\u00e7in sadece hafta sonlar\u0131 belirli camilerde yapt\u0131klar\u0131n\u0131 belirtti.<\/p>\n<p>Basri, Berlin\u2019deki t\u00fcm \u00e7ocuklar\u0131 bu etkinliklere kat\u0131lmaya davet ederek, \u201cAnne-babalara diyoruz ki \u00e7ocuklar\u0131n\u0131z\u0131 al\u0131n gelin. Hem camimizde bu g\u00fczel faaliyete kat\u0131ls\u0131nlar, Nasreddin Hoca\u2019y\u0131, Hacivat-Karag\u00f6z\u00fc g\u00f6rs\u00fcnler hem de toplu bir iftar yapal\u0131m.\u201d dedi.<\/p>\n<h3><strong>Ailelerden Etkinliklere Yo\u011fun \u0130lgi<\/strong><\/h3>\n<p>Bu etkinlikleri ramazan\u0131 g\u00fczel bir \u015fekilde ge\u00e7irme d\u00fc\u015f\u00fcncesiyle d\u00fczenlediklerini aktaran Basri, etkinli\u011fi Nasreddin Hoca\u2019n\u0131n ve Karag\u00f6z\u2019\u00fcn verdi\u011fi mesajlarla, oyunlarla ve ilahilerle her y\u0131l daha da geli\u015ftirmeye \u00e7al\u0131\u015ft\u0131klar\u0131n\u0131 anlatt\u0131.<\/p>\n<p>Basri, anne-babalar\u0131n bu etkinli\u011fin daha s\u0131k yap\u0131lmas\u0131n\u0131 istedi\u011fini belirterek, T\u00fcrkiye\u2019de bunlar\u0131n normal bir faaliyet olarak g\u00f6r\u00fclebilece\u011fini, her yerde bir Nasreddin Hoca, Hacivat, Karag\u00f6z ile kar\u015f\u0131la\u015fabilece\u011fini s\u00f6yledi.<\/p>\n<p>Ancak Almanya\u2019da \u00e7ocuklar\u0131n bu \u00fclkedeki k\u00fclt\u00fcr\u00fc g\u00f6rd\u00fcklerine i\u015faret eden Basri, \u201cAncak Almanya\u2019da b\u00f6yle bir \u015fey yok. Berlin\u2019de ya\u015f\u0131yoruz, \u00e7ocuklar\u0131m\u0131z burada ya\u015f\u0131yorlar, buradaki k\u00fclt\u00fcr\u00fc buradaki inanc\u0131 ister istemez g\u00f6r\u00fcyorlar. Okullarda kre\u015flerde bunlarla kar\u015f\u0131la\u015f\u0131yorlar.\u201d dedi.<\/p>\n<figure id=\"attachment_109384\" class=\"wp-caption alignnone\" style=\"width: 543px;\" aria-describedby=\"caption-attachment-109384\"><img decoding=\"async\" loading=\"lazy\" class=\"wp-image-109384 \" src=\"https:\/\/camiahaber.com\/wp-content\/uploads\/2026\/03\/AA-20260304-40730358-40730356-BERLINDE_RAMAZAN_GELENEKLERI_NASREDDIN_HOCA_VE_GOLGE_OYUNUYLA_YASATILIYOR-scaled.avif\" sizes=\"(max-width: 2560px) 100vw, 2560px\" srcset=\"https:\/\/camiahaber.com\/wp-content\/uploads\/2026\/03\/AA-20260304-40730358-40730356-BERLINDE_RAMAZAN_GELENEKLERI_NASREDDIN_HOCA_VE_GOLGE_OYUNUYLA_YASATILIYOR-scaled.avif 2560w, https:\/\/camiahaber.com\/wp-content\/uploads\/2026\/03\/AA-20260304-40730358-40730356-BERLINDE_RAMAZAN_GELENEKLERI_NASREDDIN_HOCA_VE_GOLGE_OYUNUYLA_YASATILIYOR-300x200.avif 300w, https:\/\/camiahaber.com\/wp-content\/uploads\/2026\/03\/AA-20260304-40730358-40730356-BERLINDE_RAMAZAN_GELENEKLERI_NASREDDIN_HOCA_VE_GOLGE_OYUNUYLA_YASATILIYOR-1024x683.avif 1024w, https:\/\/camiahaber.com\/wp-content\/uploads\/2026\/03\/AA-20260304-40730358-40730356-BERLINDE_RAMAZAN_GELENEKLERI_NASREDDIN_HOCA_VE_GOLGE_OYUNUYLA_YASATILIYOR-768x512.avif 768w, https:\/\/camiahaber.com\/wp-content\/uploads\/2026\/03\/AA-20260304-40730358-40730356-BERLINDE_RAMAZAN_GELENEKLERI_NASREDDIN_HOCA_VE_GOLGE_OYUNUYLA_YASATILIYOR-1536x1024.avif 1536w, https:\/\/camiahaber.com\/wp-content\/uploads\/2026\/03\/AA-20260304-40730358-40730356-BERLINDE_RAMAZAN_GELENEKLERI_NASREDDIN_HOCA_VE_GOLGE_OYUNUYLA_YASATILIYOR-2048x1365.avif 2048w, https:\/\/camiahaber.com\/wp-content\/uploads\/2026\/03\/AA-20260304-40730358-40730356-BERLINDE_RAMAZAN_GELENEKLERI_NASREDDIN_HOCA_VE_GOLGE_OYUNUYLA_YASATILIYOR-495x330.avif 495w, https:\/\/camiahaber.com\/wp-content\/uploads\/2026\/03\/AA-20260304-40730358-40730356-BERLINDE_RAMAZAN_GELENEKLERI_NASREDDIN_HOCA_VE_GOLGE_OYUNUYLA_YASATILIYOR-270x180.avif 270w\" alt=\"\" width=\"543\" height=\"362\"><figcaption id=\"caption-attachment-109384\" class=\"wp-caption-text\">@aa<\/figcaption><\/figure>\n<h3><strong>\u00c7ocuklara Ramazan Bilinci A\u015f\u0131lan\u0131yor<\/strong><\/h3>\n<p>Basri, \u00e7ocuklara T\u00fcrk k\u00fclt\u00fcr\u00fcn\u00fc ve \u0130slam\u2019\u0131 \u00f6\u011frettiklerini vurgulayarak \u201c\u00d6zellikle ramazanlarda, bayramlarda, kandillerde biz ayn\u0131 \u015fekilde camilerimizi evlerimizi s\u00fcsleyerek, programlar\u0131m\u0131z\u0131 yaparak, \u00e7ocuklar\u0131 e\u011flendirerek \u00e7ocuklar\u0131m\u0131za ramazan oldu\u011funu \u00f6\u011fretiyoruz.\u201d ifadesini kulland\u0131.<\/p>\n<p>Anne-babalar\u0131n da bundan memnun kald\u0131\u011f\u0131n\u0131 aktaran Basri, \u201cAnne-babalar \u2018k\u00fclt\u00fcr\u00fcm\u00fcz unutulmas\u0131n, inanc\u0131m\u0131z unutulmas\u0131n\u2019 istiyor. \u00c7ok g\u00fczel tepkiler al\u0131yoruz.\u201d diye konu\u015ftu.<\/p>\n<h3><strong>\u00c7ocuklar K\u00fclt\u00fcr ve Dini \u00d6\u011freniyor<\/strong><\/h3>\n<p>\u00c7ocu\u011funu etkinli\u011fe getiren Kadriye T\u00fcter de bu faaliyetleri \u00e7ok de\u011ferli buldu\u011funu s\u00f6yledi. T\u00fcter, \u201c\u00c7ocuklar\u0131m\u0131z k\u00fclt\u00fcr\u00fcm\u00fcz\u00fc, dinimizi \u00f6\u011freniyor. Hristiyan bir \u00fclkede ya\u015famam\u0131zdan dolay\u0131 Hristiyanlar\u0131n k\u00fclt\u00fcr\u00fcn\u00fc de g\u00f6r\u00fcyorlar. Ama \u00e7ocuklar\u0131m\u0131z\u0131n k\u00fclt\u00fcr\u00fcm\u00fcz\u00fc de g\u00f6rmeleri bizim i\u00e7in \u00e7ok \u00f6nemli.\u201d dedi.<\/p>\n<p>\u00c7ocuklar\u0131n Nasreddin Hoca\u2019y\u0131, Karag\u00f6z ve Hacivat\u0131 televizyondan da bildiklerini ifade eden T\u00fcter, bu etkinliklerin evde de konu oldu\u011funu ve her etkinli\u011fe kat\u0131ld\u0131klar\u0131n\u0131 kaydetti. (aa,c)<\/p>\n<figure id=\"attachment_109395\" class=\"wp-caption alignnone\" style=\"width: 534px;\" aria-describedby=\"caption-attachment-109395\"><img decoding=\"async\" loading=\"lazy\" class=\"wp-image-109395 \" src=\"https:\/\/camiahaber.com\/wp-content\/uploads\/2026\/03\/igmg-berlin-bclgesi.avif\" sizes=\"(max-width: 1280px) 100vw, 1280px\" srcset=\"https:\/\/camiahaber.com\/wp-content\/uploads\/2026\/03\/igmg-berlin-bclgesi.avif 1280w, https:\/\/camiahaber.com\/wp-content\/uploads\/2026\/03\/igmg-berlin-bclgesi-300x169.avif 300w, https:\/\/camiahaber.com\/wp-content\/uploads\/2026\/03\/igmg-berlin-bclgesi-1024x576.avif 1024w, https:\/\/camiahaber.com\/wp-content\/uploads\/2026\/03\/igmg-berlin-bclgesi-768x432.avif 768w, https:\/\/camiahaber.com\/wp-content\/uploads\/2026\/03\/igmg-berlin-bclgesi-570x321.avif 570w, https:\/\/camiahaber.com\/wp-content\/uploads\/2026\/03\/igmg-berlin-bclgesi-270x152.avif 270w\" alt=\"\" width=\"534\" height=\"300\"><\/figure>\n<p>(<a href=\"https:\/\/camiahaber.com\/2026\/03\/04\/igmg-berlin-bolgesinden-cocuklara-ozel-ramazan-programi\/\">camiahaber<\/a>)&nbsp;<\/p>\n","protected":false},"excerpt":{"rendered":"<p>IGMG Berlin B\u00f6lgesi, T\u00fcrk geleneklerinin ya\u015fat\u0131lmas\u0131 ve \u00e7ocuklara aktar\u0131lmas\u0131 amac\u0131yla ramazan boyunca farkl\u0131 camilerde etkinlikler d\u00fczenliyor.<\/p>\n","protected":false},"author":1,"featured_media":60297,"comment_status":"closed","ping_status":"closed","sticky":false,"template":"","format":"standard","meta":{"ngg_post_thumbnail":0},"categories":[23238],"tags":[24735,24997,24359],"_links":{"self":[{"href":"https:\/\/www.igmg.org\/tr\/wp-json\/wp\/v2\/posts\/60296"}],"collection":[{"href":"https:\/\/www.igmg.org\/tr\/wp-json\/wp\/v2\/posts"}],"about":[{"href":"https:\/\/www.igmg.org\/tr\/wp-json\/wp\/v2\/types\/post"}],"author":[{"embeddable":true,"href":"https:\/\/www.igmg.org\/tr\/wp-json\/wp\/v2\/users\/1"}],"replies":[{"embeddable":true,"href":"https:\/\/www.igmg.org\/tr\/wp-json\/wp\/v2\/comments?post=60296"}],"version-history":[{"count":6,"href":"https:\/\/www.igmg.org\/tr\/wp-json\/wp\/v2\/posts\/60296\/revisions"}],"predecessor-version":[{"id":60307,"href":"https:\/\/www.igmg.org\/tr\/wp-json\/wp\/v2\/posts\/60296\/revisions\/60307"}],"wp:featuredmedia":[{"embeddable":true,"href":"https:\/\/www.igmg.org\/tr\/wp-json\/wp\/v2\/media\/60297"}],"wp:attachment":[{"href":"https:\/\/www.igmg.org\/tr\/wp-json\/wp\/v2\/media?parent=60296"}],"wp:term":[{"taxonomy":"category","embeddable":true,"href":"https:\/\/www.igmg.org\/tr\/wp-json\/wp\/v2\/categories?post=60296"},{"taxonomy":"post_tag","embeddable":true,"href":"https:\/\/www.igmg.org\/tr\/wp-json\/wp\/v2\/tags?post=60296"}],"curies":[{"name":"wp","href":"https:\/\/api.w.org\/{rel}","templated":true}]}}