{"id":60308,"date":"2026-03-04T11:13:43","date_gmt":"2026-03-04T10:13:43","guid":{"rendered":"https:\/\/www.igmg.org\/?p=60308"},"modified":"2026-03-09T11:37:18","modified_gmt":"2026-03-09T10:37:18","slug":"igmg-hessen-boelgesi-kurumsal-iftari-genis-katilimla-duezenlendi","status":"publish","type":"post","link":"https:\/\/www.igmg.org\/tr\/igmg-hessen-boelgesi-kurumsal-iftari-genis-katilimla-duezenlendi\/","title":{"rendered":"IGMG Hessen B\u00f6lgesi Kurumsal \u0130ftar\u0131 Geni\u015f Kat\u0131l\u0131mla D\u00fczenlendi"},"content":{"rendered":"<p>IGMG Hessen B\u00f6lgesi taraf\u0131ndan Kelsterbach\u2019ta d\u00fczenlenen Kurumsal \u0130ftar program\u0131, siyaset ve sivil toplum temsilcilerinin geni\u015f kat\u0131l\u0131m\u0131yla ger\u00e7ekle\u015fti. Programa yakla\u015f\u0131k 270 ki\u015fi kat\u0131ld\u0131.<\/p>\n<p>\u0130slam Toplumu Mill\u00ee G\u00f6r\u00fc\u015f (IGMG) Hessen B\u00f6lgesi taraf\u0131ndan organize edilen Kurumsal \u0130ftar program\u0131 28 \u015eubat 2026 Cumartesi g\u00fcn\u00fc, Congresium Kelsterbach\u2019ta b\u00fcy\u00fck bir kat\u0131l\u0131m ve co\u015fku ile ger\u00e7ekle\u015fti. Programa, IGMG Genel Sekreteri Ali Mete, IGMG Hesen B\u00f6lge Ba\u015fkan\u0131 Hikmet Atak, T\u00fcrkiye Cumhuriyeti Frankfurt Ba\u015fkonsolosu Nagihan \u0130lknur Develio\u011flu, Kelsterbach Belediye Ba\u015fkan\u0131 Manfred Ockel ve EKHN\u2019den Andreas Goetze kat\u0131l\u0131m sa\u011flad\u0131.<img decoding=\"async\" loading=\"lazy\" class=\"alignnone wp-image-109419\" src=\"https:\/\/camiahaber.com\/wp-content\/uploads\/2026\/03\/1e2d39b9-6965-4aad-bdb1-af05066a6ba4-scaled.avif\" sizes=\"(max-width: 2560px) 100vw, 2560px\" srcset=\"https:\/\/camiahaber.com\/wp-content\/uploads\/2026\/03\/1e2d39b9-6965-4aad-bdb1-af05066a6ba4-scaled.avif 2560w, https:\/\/camiahaber.com\/wp-content\/uploads\/2026\/03\/1e2d39b9-6965-4aad-bdb1-af05066a6ba4-300x200.avif 300w, https:\/\/camiahaber.com\/wp-content\/uploads\/2026\/03\/1e2d39b9-6965-4aad-bdb1-af05066a6ba4-1024x683.avif 1024w, https:\/\/camiahaber.com\/wp-content\/uploads\/2026\/03\/1e2d39b9-6965-4aad-bdb1-af05066a6ba4-768x512.avif 768w, https:\/\/camiahaber.com\/wp-content\/uploads\/2026\/03\/1e2d39b9-6965-4aad-bdb1-af05066a6ba4-1536x1024.avif 1536w, https:\/\/camiahaber.com\/wp-content\/uploads\/2026\/03\/1e2d39b9-6965-4aad-bdb1-af05066a6ba4-2048x1365.avif 2048w, https:\/\/camiahaber.com\/wp-content\/uploads\/2026\/03\/1e2d39b9-6965-4aad-bdb1-af05066a6ba4-495x330.avif 495w, https:\/\/camiahaber.com\/wp-content\/uploads\/2026\/03\/1e2d39b9-6965-4aad-bdb1-af05066a6ba4-270x180.avif 270w\" alt=\"\" width=\"620\" height=\"413\"><\/p>\n<p>IGMG Genel Sekreteri Ali Mete, yapt\u0131\u011f\u0131 konu\u015fmada, Ramazan ay\u0131n\u0131n yaln\u0131zca bir oru\u00e7 d\u00f6nemi de\u011fil, ayn\u0131 zamanda insan onurunu ve toplumsal sorumlulu\u011fu hat\u0131rlatan bir zaman dilimi oldu\u011funa dikkat \u00e7ekti. Mete, insan onurunun k\u00f6ken, inan\u00e7 ya da stat\u00fcye ba\u011fl\u0131 olmad\u0131\u011f\u0131, her insana do\u011fu\u015ftan verildi\u011fini vurgulad\u0131.<\/p>\n<p data-start=\"369\" data-end=\"675\">Ali Mete, s\u00f6zlerinin devam\u0131nda, Sudan, Gazze ve Ukrayna ba\u015fta olmak \u00fczere bir\u00e7ok b\u00f6lgede ya\u015fanan sava\u015f ve insani krizlere de\u011finerek, \u0130slam\u2019da insan\u0131n \u201csorumluluk ta\u015f\u0131yan varl\u0131k\u201d anlam\u0131na gelen \u201cm\u00fckellef\u201d olarak tan\u0131mland\u0131\u011f\u0131n\u0131 hat\u0131rlatarak, zul\u00fcm kar\u015f\u0131s\u0131nda sessiz kalmaman\u0131n ve insan onurunu savunman\u0131n bir ibadet bilinci oldu\u011funu belirtti. \u0130ftar bulu\u015fmas\u0131n\u0131n ise birlik, dayan\u0131\u015fma ve ortak sorumluluk mesaj\u0131 ta\u015f\u0131d\u0131\u011f\u0131 vurguland\u0131.<\/p>\n<p data-start=\"369\" data-end=\"675\"><img decoding=\"async\" loading=\"lazy\" class=\"alignnone wp-image-109417\" src=\"https:\/\/camiahaber.com\/wp-content\/uploads\/2026\/03\/c906743f-8feb-40f9-8dac-53b4647399d5.avif\" sizes=\"(max-width: 2016px) 100vw, 2016px\" srcset=\"https:\/\/camiahaber.com\/wp-content\/uploads\/2026\/03\/c906743f-8feb-40f9-8dac-53b4647399d5.avif 2016w, https:\/\/camiahaber.com\/wp-content\/uploads\/2026\/03\/c906743f-8feb-40f9-8dac-53b4647399d5-300x135.avif 300w, https:\/\/camiahaber.com\/wp-content\/uploads\/2026\/03\/c906743f-8feb-40f9-8dac-53b4647399d5-1024x461.avif 1024w, https:\/\/camiahaber.com\/wp-content\/uploads\/2026\/03\/c906743f-8feb-40f9-8dac-53b4647399d5-768x346.avif 768w, https:\/\/camiahaber.com\/wp-content\/uploads\/2026\/03\/c906743f-8feb-40f9-8dac-53b4647399d5-1536x692.avif 1536w, https:\/\/camiahaber.com\/wp-content\/uploads\/2026\/03\/c906743f-8feb-40f9-8dac-53b4647399d5-570x257.avif 570w, https:\/\/camiahaber.com\/wp-content\/uploads\/2026\/03\/c906743f-8feb-40f9-8dac-53b4647399d5-270x122.avif 270w\" alt=\"\" width=\"614\" height=\"277\"><\/p>\n<p>IGMG Hesen B\u00f6lge Ba\u015fkan\u0131 Hikmet Atak da Ramazan g\u00fcnlerinin M\u00fcsl\u00fcmanlar i\u00e7in tan\u0131\u015fma ve hp\u015fg\u00f6r\u00fc noktas\u0131nda bir f\u0131rsat oldu\u011funu belirtti. Kelsterbach Belediye Ba\u015fkan\u0131 Manfred Ockel da yapt\u0131\u011f\u0131 konu\u015fmada, IGMG Kelsterbach Camisi ile ileti\u015fim halinde olduklar\u0131n\u0131 belirtti. Ayr\u0131ca yap\u0131lan davetten dolay\u0131 \u00e7ok memnun oldu\u011funu ifade etti.<\/p>\n<p>Di\u011fer STK temsilcileri, B\u00f6lge Y\u00f6netim Kurulu \u00fcyeleri, \u015eube Ba\u015fkanlar\u0131 ve di\u011fer davetlilerin kat\u0131ld\u0131\u011f\u0131 iftar program\u0131, s\u0131cak ve samimi bir atmosferde ger\u00e7ekle\u015fti. Program yakla\u015f\u0131k 270 ki\u015finin kat\u0131l\u0131m\u0131yla ba\u015far\u0131yla ger\u00e7ekle\u015fti.<\/p>\n<p>(<a href=\"https:\/\/camiahaber.com\/2026\/03\/04\/igmg-hessen-bolgesi-kurumsal-iftari-genis-katilimla-duzenlendi\/\">camiahaber<\/a>)&nbsp;<\/p>\n<p>&nbsp;<\/p>\n","protected":false},"excerpt":{"rendered":"<p>IGMG Hessen B\u00f6lgesi taraf\u0131ndan Kelsterbach\u2019ta d\u00fczenlenen Kurumsal \u0130ftar program\u0131, siyaset ve sivil toplum temsilcilerinin geni\u015f kat\u0131l\u0131m\u0131yla ger\u00e7ekle\u015fti. Programa yakla\u015f\u0131k 270 ki\u015fi kat\u0131ld\u0131.<\/p>\n","protected":false},"author":1,"featured_media":60309,"comment_status":"closed","ping_status":"closed","sticky":false,"template":"","format":"standard","meta":{"ngg_post_thumbnail":0},"categories":[23238],"tags":[24761,24997,24359],"_links":{"self":[{"href":"https:\/\/www.igmg.org\/tr\/wp-json\/wp\/v2\/posts\/60308"}],"collection":[{"href":"https:\/\/www.igmg.org\/tr\/wp-json\/wp\/v2\/posts"}],"about":[{"href":"https:\/\/www.igmg.org\/tr\/wp-json\/wp\/v2\/types\/post"}],"author":[{"embeddable":true,"href":"https:\/\/www.igmg.org\/tr\/wp-json\/wp\/v2\/users\/1"}],"replies":[{"embeddable":true,"href":"https:\/\/www.igmg.org\/tr\/wp-json\/wp\/v2\/comments?post=60308"}],"version-history":[{"count":2,"href":"https:\/\/www.igmg.org\/tr\/wp-json\/wp\/v2\/posts\/60308\/revisions"}],"predecessor-version":[{"id":60315,"href":"https:\/\/www.igmg.org\/tr\/wp-json\/wp\/v2\/posts\/60308\/revisions\/60315"}],"wp:featuredmedia":[{"embeddable":true,"href":"https:\/\/www.igmg.org\/tr\/wp-json\/wp\/v2\/media\/60309"}],"wp:attachment":[{"href":"https:\/\/www.igmg.org\/tr\/wp-json\/wp\/v2\/media?parent=60308"}],"wp:term":[{"taxonomy":"category","embeddable":true,"href":"https:\/\/www.igmg.org\/tr\/wp-json\/wp\/v2\/categories?post=60308"},{"taxonomy":"post_tag","embeddable":true,"href":"https:\/\/www.igmg.org\/tr\/wp-json\/wp\/v2\/tags?post=60308"}],"curies":[{"name":"wp","href":"https:\/\/api.w.org\/{rel}","templated":true}]}}