{"id":60316,"date":"2026-03-06T11:46:50","date_gmt":"2026-03-06T10:46:50","guid":{"rendered":"https:\/\/www.igmg.org\/?p=60316"},"modified":"2026-03-09T11:47:12","modified_gmt":"2026-03-09T10:47:12","slug":"igmg-norvec-boelgesi-11-kurumsal-iftar-programini-gerceklestirdi","status":"publish","type":"post","link":"https:\/\/www.igmg.org\/tr\/igmg-norvec-boelgesi-11-kurumsal-iftar-programini-gerceklestirdi\/","title":{"rendered":"IGMG Norve\u00e7 B\u00f6lgesi 11. Kurumsal \u0130ftar Program\u0131n\u0131 Ger\u00e7ekle\u015ftirdi"},"content":{"rendered":"<div>\n<p>IGMG Norve\u00e7 B\u00f6lgesi\u2019nin d\u00fczenledi\u011fi 11. Kurumsal \u0130ftar Program\u0131, diplomasi, siyaset ve farkl\u0131 inan\u00e7 temsilcilerini bir araya getirdi. Programda toplumsal dayan\u0131\u015fma, a\u015f\u0131r\u0131c\u0131l\u0131kla m\u00fccadele ve farkl\u0131 inan\u00e7 topluluklar\u0131 aras\u0131ndaki ortak \u00e7al\u0131\u015fmalar ele al\u0131nd\u0131.<\/p>\n<p class=\"p1\"><span class=\"s2\">\u0130slam Toplumu Mill\u00ee G\u00f6r\u00fc\u015f (IGMG) Norve\u00e7 B\u00f6lgesi taraf\u0131ndan d\u00fczenlenen&nbsp;<\/span><span class=\"s1\">11. Kurumsal \u0130ftar Program\u0131<\/span><span class=\"s2\">, diplomasi, siyaset, din\u00ee kurumlar ve sivil toplum temsilcilerini bir araya getirdi. Oslo\u2019da ger\u00e7ekle\u015ftirilen programa yakla\u015f\u0131k&nbsp;<\/span><span class=\"s1\">80 davetli<\/span><span class=\"s2\">&nbsp;kat\u0131ld\u0131.<\/span><\/p>\n<p><img decoding=\"async\" loading=\"lazy\" class=\"alignnone wp-image-109523\" src=\"https:\/\/camiahaber.com\/wp-content\/uploads\/2026\/03\/438394d0-1bdb-4163-9d8c-0db41fe27e42.avif\" sizes=\"(max-width: 1536px) 100vw, 1536px\" srcset=\"https:\/\/camiahaber.com\/wp-content\/uploads\/2026\/03\/438394d0-1bdb-4163-9d8c-0db41fe27e42.avif 1536w, https:\/\/camiahaber.com\/wp-content\/uploads\/2026\/03\/438394d0-1bdb-4163-9d8c-0db41fe27e42-225x300.avif 225w, https:\/\/camiahaber.com\/wp-content\/uploads\/2026\/03\/438394d0-1bdb-4163-9d8c-0db41fe27e42-768x1024.avif 768w, https:\/\/camiahaber.com\/wp-content\/uploads\/2026\/03\/438394d0-1bdb-4163-9d8c-0db41fe27e42-1152x1536.avif 1152w, https:\/\/camiahaber.com\/wp-content\/uploads\/2026\/03\/438394d0-1bdb-4163-9d8c-0db41fe27e42-248x330.avif 248w, https:\/\/camiahaber.com\/wp-content\/uploads\/2026\/03\/438394d0-1bdb-4163-9d8c-0db41fe27e42-135x180.avif 135w\" alt=\"\" width=\"406\" height=\"541\"><\/p>\n<h3><strong>\u00d6nemli \u0130simler Kat\u0131l\u0131m Sa\u011flad\u0131<\/strong><\/h3>\n<p class=\"p1\"><span class=\"s2\">Programda T\u00fcrkiye Cumhuriyeti Oslo B\u00fcy\u00fckel\u00e7isi&nbsp;<\/span><span class=\"s1\">G\u00fclin Din\u00e7<\/span><span class=\"s2\">, Fudul Sosyal Hizmetler Derne\u011fi Ba\u015fkan\u0131 Mesud G\u00fclbahar, IGMG Norve\u00e7 B\u00f6lge Ba\u015fkan\u0131&nbsp;<\/span><span class=\"s1\">Mehmet Akdeniz<\/span><span class=\"s2\">&nbsp;ve Oslo Belediye Ba\u015fkan\u0131&nbsp;<\/span><span class=\"s1\">Anne Lindboe<\/span><span class=\"s2\">&nbsp;konu\u015fma yapt\u0131. Konu\u015fmalarda Ramazan ay\u0131n\u0131n toplumsal dayan\u0131\u015fma ve birlikte ya\u015fama k\u00fclt\u00fcr\u00fc a\u00e7\u0131s\u0131ndan ta\u015f\u0131d\u0131\u011f\u0131 \u00f6neme vurgu yap\u0131ld\u0131.<\/span><\/p>\n<h3><strong>\u201cM\u00fcsl\u00fcmanlar\u0131n G\u00fcvenli\u011fi Konusunda Ortak Sorumluluk S\u00f6z Konusu\u201d<\/strong><\/h3>\n<p class=\"p1\"><span class=\"s2\">\u0130ftar program\u0131nda farkl\u0131 toplum kesimlerinin bir araya gelerek kar\u015f\u0131l\u0131kl\u0131 anlay\u0131\u015f\u0131 g\u00fc\u00e7lendirmesinin \u00f6nemine dikkat \u00e7ekildi. Konu\u015fmac\u0131lar, Norve\u00e7\u2019te yakla\u015f\u0131k 7\u20138 ay \u00f6nce a\u015f\u0131r\u0131 sa\u011fc\u0131lar taraf\u0131ndan ger\u00e7ekle\u015ftirilen ter\u00f6r sald\u0131r\u0131s\u0131n\u0131 da g\u00fcndeme getirerek, bu t\u00fcr olaylara kar\u015f\u0131 toplumun t\u00fcm kesimlerinin birlikte hareket etmesi gerekti\u011fini ifade etti. \u00d6zellikle M\u00fcsl\u00fcmanlar\u0131n g\u00fcvenli\u011fi ve a\u015f\u0131r\u0131c\u0131l\u0131kla m\u00fccadele konusunda devlet kurumlar\u0131, siyaset\u00e7iler ve sivil toplum kurulu\u015flar\u0131n\u0131n ortak sorumluluk ta\u015f\u0131d\u0131\u011f\u0131 vurguland\u0131.<\/span><\/p>\n<p><img decoding=\"async\" loading=\"lazy\" class=\"alignnone wp-image-109524\" src=\"https:\/\/camiahaber.com\/wp-content\/uploads\/2026\/03\/d62b3abc-4819-419c-bd1c-b681d87e37e7.avif\" sizes=\"(max-width: 1536px) 100vw, 1536px\" srcset=\"https:\/\/camiahaber.com\/wp-content\/uploads\/2026\/03\/d62b3abc-4819-419c-bd1c-b681d87e37e7.avif 1536w, https:\/\/camiahaber.com\/wp-content\/uploads\/2026\/03\/d62b3abc-4819-419c-bd1c-b681d87e37e7-225x300.avif 225w, https:\/\/camiahaber.com\/wp-content\/uploads\/2026\/03\/d62b3abc-4819-419c-bd1c-b681d87e37e7-768x1024.avif 768w, https:\/\/camiahaber.com\/wp-content\/uploads\/2026\/03\/d62b3abc-4819-419c-bd1c-b681d87e37e7-1152x1536.avif 1152w, https:\/\/camiahaber.com\/wp-content\/uploads\/2026\/03\/d62b3abc-4819-419c-bd1c-b681d87e37e7-248x330.avif 248w, https:\/\/camiahaber.com\/wp-content\/uploads\/2026\/03\/d62b3abc-4819-419c-bd1c-b681d87e37e7-135x180.avif 135w\" alt=\"\" width=\"407\" height=\"543\"><\/p>\n<h3><strong>Gazze\u2019deki Geli\u015fmeler Ele Al\u0131nd\u0131<\/strong><\/h3>\n<p class=\"p1\"><span class=\"s2\">Programda ayr\u0131ca Gazze, Sudan ve Ukrayna\u2019daki geli\u015fmeler de ele al\u0131nd\u0131. Kat\u0131l\u0131mc\u0131lar, farkl\u0131 toplum ve inan\u00e7 gruplar\u0131n\u0131n ortak de\u011ferler \u00e7er\u00e7evesinde bar\u0131\u015f, dayan\u0131\u015fma ve toplumsal uyumu g\u00fc\u00e7lendirmek i\u00e7in birlikte neler yapabilece\u011fi konusunda g\u00f6r\u00fc\u015f al\u0131\u015fveri\u015finde bulundu.<\/span><\/p>\n<p><img decoding=\"async\" loading=\"lazy\" class=\"alignnone wp-image-109526\" src=\"https:\/\/camiahaber.com\/wp-content\/uploads\/2026\/03\/6479c91d-62fb-4eb9-bac8-328a77364118.avif\" sizes=\"(max-width: 2048px) 100vw, 2048px\" srcset=\"https:\/\/camiahaber.com\/wp-content\/uploads\/2026\/03\/6479c91d-62fb-4eb9-bac8-328a77364118.avif 2048w, https:\/\/camiahaber.com\/wp-content\/uploads\/2026\/03\/6479c91d-62fb-4eb9-bac8-328a77364118-300x225.avif 300w, https:\/\/camiahaber.com\/wp-content\/uploads\/2026\/03\/6479c91d-62fb-4eb9-bac8-328a77364118-1024x768.avif 1024w, https:\/\/camiahaber.com\/wp-content\/uploads\/2026\/03\/6479c91d-62fb-4eb9-bac8-328a77364118-768x576.avif 768w, https:\/\/camiahaber.com\/wp-content\/uploads\/2026\/03\/6479c91d-62fb-4eb9-bac8-328a77364118-1536x1152.avif 1536w, https:\/\/camiahaber.com\/wp-content\/uploads\/2026\/03\/6479c91d-62fb-4eb9-bac8-328a77364118-440x330.avif 440w, https:\/\/camiahaber.com\/wp-content\/uploads\/2026\/03\/6479c91d-62fb-4eb9-bac8-328a77364118-240x180.avif 240w\" alt=\"\" width=\"500\" height=\"375\"><\/p>\n<h3><strong>\u201cFarkl\u0131 \u0130nan\u00e7 Topluluklar\u0131 Aras\u0131ndaki Anlay\u0131\u015f G\u00fc\u00e7leniyor\u201d<\/strong><\/h3>\n<p class=\"p1\"><span class=\"s2\">\u0130ftar bulu\u015fmas\u0131nda ayr\u0131ca Hristiyanlar\u0131n Paskalya \u00f6ncesi i\u00e7inde bulundu\u011fu&nbsp;<\/span><span class=\"s1\">40 g\u00fcnl\u00fck oru\u00e7 d\u00f6nemi<\/span><span class=\"s2\">&nbsp;vesilesiyle \u0130slam\u2019daki Ramazan orucu ile Hristiyanl\u0131k\u2019taki oru\u00e7 gelene\u011fi aras\u0131ndaki benzerlikler \u00fczerine sohbet edildi. Kat\u0131l\u0131mc\u0131lar bu t\u00fcr bulu\u015fmalar\u0131n farkl\u0131 inan\u00e7 topluluklar\u0131 aras\u0131ndaki anlay\u0131\u015f\u0131 ve i\u015f birli\u011fini g\u00fc\u00e7lendirdi\u011fini dile getirdi.<\/span><\/p>\n<p><img decoding=\"async\" loading=\"lazy\" class=\"alignnone wp-image-109525\" src=\"https:\/\/camiahaber.com\/wp-content\/uploads\/2026\/03\/5e53ac00-b25b-4ae1-9823-4a545e1ebb15.avif\" sizes=\"(max-width: 1536px) 100vw, 1536px\" srcset=\"https:\/\/camiahaber.com\/wp-content\/uploads\/2026\/03\/5e53ac00-b25b-4ae1-9823-4a545e1ebb15.avif 1536w, https:\/\/camiahaber.com\/wp-content\/uploads\/2026\/03\/5e53ac00-b25b-4ae1-9823-4a545e1ebb15-225x300.avif 225w, https:\/\/camiahaber.com\/wp-content\/uploads\/2026\/03\/5e53ac00-b25b-4ae1-9823-4a545e1ebb15-768x1024.avif 768w, https:\/\/camiahaber.com\/wp-content\/uploads\/2026\/03\/5e53ac00-b25b-4ae1-9823-4a545e1ebb15-1152x1536.avif 1152w, https:\/\/camiahaber.com\/wp-content\/uploads\/2026\/03\/5e53ac00-b25b-4ae1-9823-4a545e1ebb15-248x330.avif 248w, https:\/\/camiahaber.com\/wp-content\/uploads\/2026\/03\/5e53ac00-b25b-4ae1-9823-4a545e1ebb15-135x180.avif 135w\" alt=\"\" width=\"503\" height=\"671\"><\/p>\n<p class=\"p1\"><span class=\"s2\">Program, farkl\u0131 kurum ve inan\u00e7 temsilcilerinin bir araya gelerek diyalog ve ortak \u00e7al\u0131\u015fma imk\u00e2nlar\u0131n\u0131 de\u011ferlendirmesi a\u00e7\u0131s\u0131ndan \u00f6nemli bir bulu\u015fma olarak de\u011ferlendirildi.(bb)<\/span><\/p>\n<\/div>\n","protected":false},"excerpt":{"rendered":"<p>IGMG Norve\u00e7 B\u00f6lgesi\u2019nin d\u00fczenledi\u011fi 11. Kurumsal \u0130ftar Program\u0131, diplomasi, siyaset ve farkl\u0131 inan\u00e7 temsilcilerini bir araya getirdi. Programda toplumsal dayan\u0131\u015fma, a\u015f\u0131r\u0131c\u0131l\u0131kla m\u00fccadele ve farkl\u0131 inan\u00e7 topluluklar\u0131 aras\u0131ndaki ortak \u00e7al\u0131\u015fmalar ele al\u0131nd\u0131.<\/p>\n","protected":false},"author":1,"featured_media":60317,"comment_status":"closed","ping_status":"closed","sticky":false,"template":"","format":"standard","meta":{"ngg_post_thumbnail":0},"categories":[23238],"tags":[24997,25019,24359],"_links":{"self":[{"href":"https:\/\/www.igmg.org\/tr\/wp-json\/wp\/v2\/posts\/60316"}],"collection":[{"href":"https:\/\/www.igmg.org\/tr\/wp-json\/wp\/v2\/posts"}],"about":[{"href":"https:\/\/www.igmg.org\/tr\/wp-json\/wp\/v2\/types\/post"}],"author":[{"embeddable":true,"href":"https:\/\/www.igmg.org\/tr\/wp-json\/wp\/v2\/users\/1"}],"replies":[{"embeddable":true,"href":"https:\/\/www.igmg.org\/tr\/wp-json\/wp\/v2\/comments?post=60316"}],"version-history":[{"count":3,"href":"https:\/\/www.igmg.org\/tr\/wp-json\/wp\/v2\/posts\/60316\/revisions"}],"predecessor-version":[{"id":60324,"href":"https:\/\/www.igmg.org\/tr\/wp-json\/wp\/v2\/posts\/60316\/revisions\/60324"}],"wp:featuredmedia":[{"embeddable":true,"href":"https:\/\/www.igmg.org\/tr\/wp-json\/wp\/v2\/media\/60317"}],"wp:attachment":[{"href":"https:\/\/www.igmg.org\/tr\/wp-json\/wp\/v2\/media?parent=60316"}],"wp:term":[{"taxonomy":"category","embeddable":true,"href":"https:\/\/www.igmg.org\/tr\/wp-json\/wp\/v2\/categories?post=60316"},{"taxonomy":"post_tag","embeddable":true,"href":"https:\/\/www.igmg.org\/tr\/wp-json\/wp\/v2\/tags?post=60316"}],"curies":[{"name":"wp","href":"https:\/\/api.w.org\/{rel}","templated":true}]}}