{"id":60411,"date":"2026-03-10T14:18:45","date_gmt":"2026-03-10T13:18:45","guid":{"rendered":"https:\/\/www.igmg.org\/?p=60411"},"modified":"2026-03-12T14:35:00","modified_gmt":"2026-03-12T13:35:00","slug":"balkanlarda-kardeslik-sofrasi-igmg-ve-hasene-goenuelleri-birlestirdi","status":"publish","type":"post","link":"https:\/\/www.igmg.org\/tr\/balkanlarda-kardeslik-sofrasi-igmg-ve-hasene-goenuelleri-birlestirdi\/","title":{"rendered":"Balkanlar\u2019da Karde\u015flik Sofras\u0131: IGMG ve Hasene G\u00f6n\u00fclleri Birle\u015ftirdi"},"content":{"rendered":"<div>\n<p>IGMG ve Hasene Vakf\u0131, Ramazan ay\u0131n\u0131n manevi atmosferini Balkanlar\u2019\u0131n farkl\u0131 \u015fehirlerinde kurulan iftar sofralar\u0131yla payla\u015ft\u0131. \u00dcsk\u00fcp\u2019ten Saraybosna\u2019ya, Gostivar\u2019dan Sancak\u2019a uzanan programlarda idareciler, hay\u0131rseverler ve yetim aileleri ayn\u0131 sofrada bulu\u015farak ramazan\u0131n bereketini birlikte ya\u015fad\u0131.<\/p>\n<p>IGMG Balkanlar B\u00f6lgesi iftar programlar\u0131 Saraybosna ve Sancak\u2019ta d\u00fczenlenen programlarla ba\u015flad\u0131. Saraybosna\u2019da ger\u00e7ekle\u015ftirilen iftar program\u0131na i\u015f d\u00fcnyas\u0131ndan isimler, yerel y\u00f6neticiler ve davetliler kat\u0131ld\u0131. Programda IGMG Genel Ba\u015fkan Dan\u0131\u015fman\u0131 Muhammed Turhan da yer ald\u0131.<\/p>\n<p>Sancak \u015eubesi taraf\u0131ndan d\u00fczenlenen iftarda ise yerel y\u00f6netim temsilcileri ve yetim \u00e7ocuklar ayn\u0131 sofrada bir araya geldi. Program, dayan\u0131\u015fma ve payla\u015fma ruhunun g\u00fc\u00e7l\u00fc bir \u015fekilde hissedildi\u011fi anlaml\u0131 bir bulu\u015fma oldu.<\/p>\n<figure id=\"attachment_109990\" class=\"wp-caption alignnone\" style=\"width: 505px;\" aria-describedby=\"caption-attachment-109990\"><img decoding=\"async\" loading=\"lazy\" class=\" wp-image-109990\" src=\"https:\/\/camiahaber.com\/wp-content\/uploads\/2026\/03\/IMG-20260306-WA0005-e1773232930311.avif\" alt=\"\" width=\"505\" height=\"284\"><figcaption id=\"caption-attachment-109990\" class=\"wp-caption-text\">@camiahaber<\/figcaption><\/figure>\n<h3><strong>\u00dcsk\u00fcp\u2019te Te\u015fkilat \u0130ftar\u0131nda Geni\u015f Kat\u0131l\u0131m<\/strong><\/h3>\n<p>Kuzey Makedonya\u2019daki ilk iftar program\u0131, ba\u015fkent \u00dcsk\u00fcp\u2019te te\u015fkilat idarecilerine y\u00f6nelik olarak ger\u00e7ekle\u015ftirildi. Programa IGMG Kuzey Makedonya \u00fcyeleri ve ailelerinin yan\u0131 s\u0131ra \u00f6nemli isimler de kat\u0131ld\u0131.<\/p>\n<p>IGMG Genel Ba\u015fkan Dan\u0131\u015fman\u0131 Muhammed Turhan, Genel Merkez M\u00fctevelli \u00dcyesi Kadir S\u00fcr\u00fcc\u00fc, Balkanlar B\u00f6lge Ba\u015fkan\u0131 Edis Salkovi\u00e7, Balkanlar B\u00f6lgesi Te\u015fkilatlanma Ba\u015fkan\u0131 H\u00fcseyin Elg\u00f6rm\u00fc\u015f, Sancak \u015eube Ba\u015fkan\u0131 Edis Ujkanovi\u00e7 ve Sancak Kurumsal \u0130leti\u015fim Ba\u015fkan\u0131 Adnan Nuhovic programda yer alan isimler aras\u0131ndayd\u0131.<\/p>\n<figure id=\"attachment_109995\" class=\"wp-caption alignnone\" style=\"width: 504px;\" aria-describedby=\"caption-attachment-109995\"><img decoding=\"async\" loading=\"lazy\" class=\"wp-image-109995 \" src=\"https:\/\/camiahaber.com\/wp-content\/uploads\/2026\/03\/IMG-20260304-WA0127-e1773232999236.avif\" sizes=\"(max-width: 1208px) 100vw, 1208px\" srcset=\"https:\/\/camiahaber.com\/wp-content\/uploads\/2026\/03\/IMG-20260304-WA0127-e1773232999236.avif 1208w, https:\/\/camiahaber.com\/wp-content\/uploads\/2026\/03\/IMG-20260304-WA0127-e1773232999236-300x147.avif 300w, https:\/\/camiahaber.com\/wp-content\/uploads\/2026\/03\/IMG-20260304-WA0127-e1773232999236-1024x503.avif 1024w, https:\/\/camiahaber.com\/wp-content\/uploads\/2026\/03\/IMG-20260304-WA0127-e1773232999236-768x377.avif 768w, https:\/\/camiahaber.com\/wp-content\/uploads\/2026\/03\/IMG-20260304-WA0127-e1773232999236-570x280.avif 570w, https:\/\/camiahaber.com\/wp-content\/uploads\/2026\/03\/IMG-20260304-WA0127-e1773232999236-270x133.avif 270w\" alt=\"\" width=\"504\" height=\"247\"><figcaption id=\"caption-attachment-109995\" class=\"wp-caption-text\">@camiahaber<\/figcaption><\/figure>\n<h3><strong>\u00dcsk\u00fcp\u2019te Geni\u015f Kat\u0131l\u0131ml\u0131 Kurumsal \u0130ftar<br \/>\n<\/strong><\/h3>\n<p>\u00dcsk\u00fcp\u2019te d\u00fczenlenen geleneksel kurumsal iftar program\u0131 ise diplomatik ve akademik \u00e7evreleri bir araya getirdi. Programa s\u0131ra T.C. \u00dcsk\u00fcp B\u00fcy\u00fckel\u00e7ili\u011fi temsilcileri, IGMG T\u00fcrkiye Te\u015fkilatlanma ve Hasene Vakf\u0131 Ba\u015fkan\u0131 Halil Ayd\u0131n\u2019\u0131n yan\u0131, e\u011fitim ve i\u00e7i\u015fleri m\u00fc\u015favirleri, Kuzey Makedonya Meclisi\u2019nden T\u00fcrk milletvekili, Yunus Emre Enstit\u00fcs\u00fc temsilcileri, Maarif Okullar\u0131 yetkilileri, Uluslararas\u0131 Vizyon \u00dcniversitesi Rekt\u00f6r\u00fc, dernek temsilcileri ve \u00fcniversite \u00f6\u011frencileri kat\u0131ld\u0131.<\/p>\n<p>Programa yakla\u015f\u0131k 50 yetim \u00e7ocuk da aile bireyleriyle birlikte i\u015ftirak ederek iftar sofras\u0131na ayr\u0131 bir anlam katt\u0131.<\/p>\n<h3><strong>Gostivar\u2019da Yeni \u015eube Tan\u0131t\u0131ld\u0131<\/strong><\/h3>\n<p>Ramazan programlar\u0131 Gostivar \u015fehrinde d\u00fczenlenen iftar ile devam etti. Ba\u011f\u0131\u015f\u00e7\u0131lar, esnaflar ve g\u00f6n\u00fcll\u00fclerin kat\u0131ld\u0131\u011f\u0131 iftar program\u0131n\u0131n ard\u0131ndan, yeni a\u00e7\u0131lan IGMG Hasene Gostivar \u015eubesi ofisinde bir bulu\u015fma ger\u00e7ekle\u015ftirildi.<\/p>\n<p>Bu bulu\u015fmada misafirlere IGMG ve Hasene\u2019nin d\u00fcnya genelinde y\u00fcr\u00fctt\u00fc\u011f\u00fc insani yard\u0131m faaliyetleri ve sosyal \u00e7al\u0131\u015fmalar hakk\u0131nda detayl\u0131 bilgiler verildi.<\/p>\n<figure id=\"attachment_109996\" class=\"wp-caption alignnone\" style=\"width: 499px;\" aria-describedby=\"caption-attachment-109996\"><img decoding=\"async\" loading=\"lazy\" class=\" wp-image-109996\" src=\"https:\/\/camiahaber.com\/wp-content\/uploads\/2026\/03\/IMG-20260301-WA0044-e1773233046204.avif\" alt=\"\" width=\"499\" height=\"230\"><figcaption id=\"caption-attachment-109996\" class=\"wp-caption-text\">@camiahaber<\/figcaption><\/figure>\n<h3><strong>Radovi\u015f\u2019te Programlar Tamamland\u0131<\/strong><\/h3>\n<p>Balkanlar\u2019daki iftar programlar\u0131n\u0131n son duraklar\u0131ndan biri ise Kuzey Makedonya\u2019n\u0131n Radovi\u015f \u015fehri oldu. Radovi\u015f M\u00fcte\u015febbis \u015eubesi taraf\u0131ndan d\u00fczenlenen iki ayr\u0131 iftar program\u0131nda yerel y\u00f6neticiler, \u00f6\u011fretmenler, \u00f6\u011frenciler ve yetimler bir araya geldi.<\/p>\n<p>Ger\u00e7ekle\u015ftirilen programlar kapsam\u0131nda toplam 70 ki\u015fiye iftar yeme\u011fi ikram edildi. Ramazan ay\u0131n\u0131n payla\u015fma ve karde\u015flik ruhunu Balkanlar\u2019\u0131n farkl\u0131 \u015fehirlerine ta\u015f\u0131yan bu programlar, b\u00f6lge halk\u0131 aras\u0131nda dayan\u0131\u015fma ve birlik duygular\u0131n\u0131n g\u00fc\u00e7lenmesine katk\u0131 sa\u011flad\u0131.<\/p>\n<figure id=\"attachment_109997\" class=\"wp-caption alignnone\" style=\"width: 501px;\" aria-describedby=\"caption-attachment-109997\"><img decoding=\"async\" loading=\"lazy\" class=\" wp-image-109997\" src=\"https:\/\/camiahaber.com\/wp-content\/uploads\/2026\/03\/IMG-20260304-WA0009-e1773233110912.avif\" alt=\"\" width=\"501\" height=\"231\"><\/figure>\n<p>(<a href=\"https:\/\/camiahaber.com\/2026\/03\/11\/balkanlarda-kardeslik-sofrasi-igmg-ve-hasene-gonulleri-birlestirdi\/\">camiahaber<\/a>)<\/p>\n<\/div>\n","protected":false},"excerpt":{"rendered":"<p>IGMG ve Hasene Vakf\u0131, Ramazan ay\u0131n\u0131n manevi atmosferini Balkanlar\u2019\u0131n farkl\u0131 \u015fehirlerinde kurulan iftar sofralar\u0131yla payla\u015ft\u0131. \u00dcsk\u00fcp\u2019ten Saraybosna\u2019ya, Gostivar\u2019dan Sancak\u2019a uzanan programlarda idareciler, hay\u0131rseverler ve yetim aileleri ayn\u0131 sofrada bulu\u015farak ramazan\u0131n bereketini birlikte ya\u015fad\u0131.<\/p>\n","protected":false},"author":1,"featured_media":60412,"comment_status":"closed","ping_status":"closed","sticky":false,"template":"","format":"standard","meta":{"ngg_post_thumbnail":0},"categories":[23238,23239],"tags":[24356,24997,25025],"_links":{"self":[{"href":"https:\/\/www.igmg.org\/tr\/wp-json\/wp\/v2\/posts\/60411"}],"collection":[{"href":"https:\/\/www.igmg.org\/tr\/wp-json\/wp\/v2\/posts"}],"about":[{"href":"https:\/\/www.igmg.org\/tr\/wp-json\/wp\/v2\/types\/post"}],"author":[{"embeddable":true,"href":"https:\/\/www.igmg.org\/tr\/wp-json\/wp\/v2\/users\/1"}],"replies":[{"embeddable":true,"href":"https:\/\/www.igmg.org\/tr\/wp-json\/wp\/v2\/comments?post=60411"}],"version-history":[{"count":4,"href":"https:\/\/www.igmg.org\/tr\/wp-json\/wp\/v2\/posts\/60411\/revisions"}],"predecessor-version":[{"id":60420,"href":"https:\/\/www.igmg.org\/tr\/wp-json\/wp\/v2\/posts\/60411\/revisions\/60420"}],"wp:featuredmedia":[{"embeddable":true,"href":"https:\/\/www.igmg.org\/tr\/wp-json\/wp\/v2\/media\/60412"}],"wp:attachment":[{"href":"https:\/\/www.igmg.org\/tr\/wp-json\/wp\/v2\/media?parent=60411"}],"wp:term":[{"taxonomy":"category","embeddable":true,"href":"https:\/\/www.igmg.org\/tr\/wp-json\/wp\/v2\/categories?post=60411"},{"taxonomy":"post_tag","embeddable":true,"href":"https:\/\/www.igmg.org\/tr\/wp-json\/wp\/v2\/tags?post=60411"}],"curies":[{"name":"wp","href":"https:\/\/api.w.org\/{rel}","templated":true}]}}