{"id":60943,"date":"2026-03-28T11:42:56","date_gmt":"2026-03-28T10:42:56","guid":{"rendered":"https:\/\/www.igmg.org\/?p=60943"},"modified":"2026-04-13T17:08:16","modified_gmt":"2026-04-13T15:08:16","slug":"igmg-komsularla-bayram-aksiyonunu-farkli-sehirlerde-hayata-gecirdi","status":"publish","type":"post","link":"https:\/\/www.igmg.org\/tr\/igmg-komsularla-bayram-aksiyonunu-farkli-sehirlerde-hayata-gecirdi\/","title":{"rendered":"IGMG \u201cKom\u015fularla Bayram\u201d Aksiyonunu Farkl\u0131 \u015eehirlerde Hayata Ge\u00e7irdi"},"content":{"rendered":"<p><strong>IGMG Kad\u0131nlar Te\u015fkilat\u0131, Ramazan Bayram\u0131 ve Uluslararas\u0131 Irk\u00e7\u0131l\u0131kla M\u00fccadele Haftalar\u0131 kapsam\u0131nda d\u00fczenledi\u011fi \u201cKom\u015fularla Bayram\u201d aksiyonuyla toplumsal dayan\u0131\u015fma ve kar\u015f\u0131l\u0131kl\u0131 anlay\u0131\u015f\u0131 g\u00fc\u00e7lendirmeyi hedefledi.<\/strong><\/p>\n<p>\u0130slam Toplumu Mill\u00ee G\u00f6r\u00fc\u015f (IGMG) Kad\u0131nlar Te\u015fkilat\u0131, Ramazan Bayram\u0131 vesilesi ve Uluslararas\u0131 Irk\u00e7\u0131l\u0131kla M\u00fccadele Haftalar\u0131 kapsam\u0131nda \u201cKom\u015fularla Bayram\u201d aksiyonunu hayata ge\u00e7irdi. IGMG Kad\u0131nlar Te\u015fkilat\u0131 Ba\u015fkan\u0131 Aynur Handan Yaz\u0131c\u0131, bayram\u0131n toplumsal dayan\u0131\u015fmay\u0131 g\u00fc\u00e7lendirmek, kar\u015f\u0131l\u0131kl\u0131 anlay\u0131\u015f\u0131 art\u0131rmak ve kom\u015fuluk ili\u015fkilerini peki\u015ftirmek amac\u0131yla de\u011ferlendirildi\u011fini belirterek, kom\u015fularla bayramla\u015ft\u0131klar\u0131n\u0131 ifade etti.<\/p>\n<p>Yaz\u0131c\u0131, bayram\u0131n payla\u015fma, yak\u0131nla\u015fma ve birlikte ya\u015fama k\u00fclt\u00fcr\u00fcn\u00fc yans\u0131tan y\u00f6nlerinin bu \u00e7al\u0131\u015fma ile yeniden ortaya kondu\u011funu vurgulad\u0131. Aksiyon kapsam\u0131nda camiler, idareciler ve cemaat \u00fcyelerinin kom\u015fular\u0131n\u0131 ziyaret etti\u011fini belirten Yaz\u0131c\u0131, bayram sevincinin tatl\u0131lar, k\u00fc\u00e7\u00fck hediyeler ve samimi sohbetler e\u015fli\u011finde payla\u015f\u0131ld\u0131\u011f\u0131n\u0131 kaydetti.<\/p>\n<p>\u201cKom\u015fularla Bayram\u201d aksiyonunun Frankfurt\u2019tan Dortmund\u2019a kadar farkl\u0131 \u015fehirlerde e\u015f zamanl\u0131 olarak ger\u00e7ekle\u015ftirildi\u011fini aktaran Yaz\u0131c\u0131, \u00e7ok say\u0131da ki\u015fiye do\u011frudan ula\u015f\u0131ld\u0131\u011f\u0131n\u0131 ifade etti. Ger\u00e7ekle\u015fen ziyaret ve kar\u015f\u0131la\u015fmalar\u0131n toplumda g\u00fcven, sayg\u0131 ve kar\u015f\u0131l\u0131kl\u0131 anlay\u0131\u015f\u0131n g\u00fc\u00e7lenmesine katk\u0131 sa\u011flad\u0131\u011f\u0131na inand\u0131klar\u0131n\u0131 dile getirdi.<\/p>\n<p>Aksiyonun temel amac\u0131n\u0131n, \u00f6zellikle toplumsal gerginliklerin ve b\u00f6l\u00fcnmelerin ya\u015fand\u0131\u011f\u0131 d\u00f6nemlerde \u00f6n yarg\u0131lar\u0131n azalmas\u0131na katk\u0131da bulunmak, kom\u015fuluk ili\u015fkilerini canland\u0131rmak ve birlikte ya\u015fama k\u00fclt\u00fcr\u00fcn\u00fc g\u00fc\u00e7lendiren olumlu \u00f6rnekleri art\u0131rmak oldu\u011funu belirten Yaz\u0131c\u0131, \u00e7al\u0131\u015fman\u0131n sadece bayram g\u00fcnleriyle s\u0131n\u0131rl\u0131 kalmayarak uzun vadede toplumsal uyuma katk\u0131 sunmas\u0131n\u0131n hedeflendi\u011fini s\u00f6yledi.<\/p>\n<p>Yaz\u0131c\u0131 ayr\u0131ca, aksiyonun hayata ge\u00e7irilmesinde eme\u011fi ge\u00e7en g\u00f6n\u00fcll\u00fclere, organizasyonda g\u00f6rev alanlara, Kad\u0131nlar Te\u015fkilat\u0131 mensuplar\u0131na ve kap\u0131lar\u0131n\u0131 a\u00e7arak bu bulu\u015fmalara vesile olan herkese te\u015fekk\u00fcr ederek, \u201cKom\u015fularla Bayram\u201d aksiyonunun \u00f6n\u00fcm\u00fczdeki d\u00f6nemlerde daha geni\u015f kitlelere ula\u015farak devam etmesini temenni ettiklerini belirtti.(bb)<\/p>\n<p>(<a href=\"https:\/\/camiahaber.com\/2026\/03\/28\/igmg-komsularla-bayram-aksiyonunu-farkli-sehirlerde-hayata-gecirdi\/\">Camiahaber<\/a>)&nbsp;<\/p>\n","protected":false},"excerpt":{"rendered":"<p>IGMG Kad\u0131nlar Te\u015fkilat\u0131, Ramazan Bayram\u0131 ve Uluslararas\u0131 Irk\u00e7\u0131l\u0131kla M\u00fccadele Haftalar\u0131 kapsam\u0131nda d\u00fczenledi\u011fi \u201cKom\u015fularla Bayram\u201d aksiyonuyla toplumsal dayan\u0131\u015fma ve kar\u015f\u0131l\u0131kl\u0131 anlay\u0131\u015f\u0131 g\u00fc\u00e7lendirmeyi hedefledi.<\/p>\n","protected":false},"author":1,"featured_media":60944,"comment_status":"closed","ping_status":"closed","sticky":false,"template":"","format":"standard","meta":{"ngg_post_thumbnail":0},"categories":[23238,23257],"tags":[24887,24457,25059],"_links":{"self":[{"href":"https:\/\/www.igmg.org\/tr\/wp-json\/wp\/v2\/posts\/60943"}],"collection":[{"href":"https:\/\/www.igmg.org\/tr\/wp-json\/wp\/v2\/posts"}],"about":[{"href":"https:\/\/www.igmg.org\/tr\/wp-json\/wp\/v2\/types\/post"}],"author":[{"embeddable":true,"href":"https:\/\/www.igmg.org\/tr\/wp-json\/wp\/v2\/users\/1"}],"replies":[{"embeddable":true,"href":"https:\/\/www.igmg.org\/tr\/wp-json\/wp\/v2\/comments?post=60943"}],"version-history":[{"count":1,"href":"https:\/\/www.igmg.org\/tr\/wp-json\/wp\/v2\/posts\/60943\/revisions"}],"predecessor-version":[{"id":60949,"href":"https:\/\/www.igmg.org\/tr\/wp-json\/wp\/v2\/posts\/60943\/revisions\/60949"}],"wp:featuredmedia":[{"embeddable":true,"href":"https:\/\/www.igmg.org\/tr\/wp-json\/wp\/v2\/media\/60944"}],"wp:attachment":[{"href":"https:\/\/www.igmg.org\/tr\/wp-json\/wp\/v2\/media?parent=60943"}],"wp:term":[{"taxonomy":"category","embeddable":true,"href":"https:\/\/www.igmg.org\/tr\/wp-json\/wp\/v2\/categories?post=60943"},{"taxonomy":"post_tag","embeddable":true,"href":"https:\/\/www.igmg.org\/tr\/wp-json\/wp\/v2\/tags?post=60943"}],"curies":[{"name":"wp","href":"https:\/\/api.w.org\/{rel}","templated":true}]}}