{"id":61670,"date":"2026-04-25T09:26:35","date_gmt":"2026-04-25T07:26:35","guid":{"rendered":"https:\/\/www.igmg.org\/?p=61670"},"modified":"2026-04-30T11:04:03","modified_gmt":"2026-04-30T09:04:03","slug":"strazburg-eyyub-sultan-camii-sadece-bagislarla-insa-ediliyor","status":"publish","type":"post","link":"https:\/\/www.igmg.org\/tr\/strazburg-eyyub-sultan-camii-sadece-bagislarla-insa-ediliyor\/","title":{"rendered":"Strazburg Eyyub Sultan Camii Sadece Ba\u011f\u0131\u015flarla \u0130n\u015fa Ediliyor"},"content":{"rendered":"<p><strong>Do\u011fu Fransa \u0130slam Toplumu Milli G\u00f6r\u00fc\u015f (CIMG), Strazburg\u2019da in\u015fas\u0131 s\u00fcren Eyyub Sultan Camii\u2019nin finansman\u0131na ili\u015fkin sosyal medyada dola\u015fan iddialar\u0131 reddetti. Caminin, M\u00fcslim veya gayrim\u00fcslim sadece Avrupa\u2019daki ba\u011f\u0131\u015f\u00e7\u0131lar\u0131n deste\u011fi ile in\u015fa edildi\u011fi a\u00e7\u0131kland\u0131.<\/strong><\/p>\n<p>Do\u011fu Fransa \u0130slam Toplumu Milli G\u00f6r\u00fc\u015f (CIMG), Strazburg kentinde in\u015fas\u0131 devam eden Eyyub Sultan Camii\u2019nin finansman\u0131na ili\u015fkin sosyal medyada yay\u0131lan iddialar\u0131 kesin bir dille reddetti.<\/p>\n<p>CIMG Do\u011fu Fransa B\u00f6lge Ba\u015fkan\u0131 Kadir Ali Demir imzas\u0131 ile kamuoyuyla payla\u015f\u0131lan iddialar\u0131n as\u0131ls\u0131z oldu\u011funu a\u00e7\u0131klad\u0131. Ba\u015fkan Demir, caminin T\u00fcrkiye ya da Katar taraf\u0131ndan finanse edildi\u011fi y\u00f6n\u00fcndeki s\u00f6ylemleri kesinlikle reddederek \u201cBu iddia tamamen as\u0131ls\u0131zd\u0131r; hi\u00e7bir devlet \u015fimdiye kadar bu projeye do\u011frudan ya da dolayl\u0131 olarak katk\u0131da bulunmam\u0131\u015ft\u0131r.\u201d ifadelerine yer verdi. A\u00e7\u0131klamada, yabanc\u0131 devletlerin projeyle herhangi bir ba\u011flant\u0131s\u0131n\u0131n bulunmad\u0131\u011f\u0131 \u00f6zellikle alt\u0131 \u00e7izildi.<\/p>\n<h3><strong>Finansman Tamamen Avrupa\u2019daki Ba\u011f\u0131\u015f\u00e7\u0131lardan<\/strong><\/h3>\n<p>CIMG, caminin in\u015fas\u0131n\u0131n yaln\u0131zca \u00f6zel ba\u011f\u0131\u015flarla s\u00fcrd\u00fcr\u00fcld\u00fc\u011f\u00fcn\u00fc a\u00e7\u0131klad\u0131. Demir, a\u00e7\u0131klamas\u0131nda caminin, ba\u015fta Fransa olmak \u00fczere Avrupa\u2019da ya\u015fayan ki\u015filerin c\u00f6mert katk\u0131lar\u0131yla hayata ge\u00e7irildi\u011fini, M\u00fcsl\u00fcman olmayan vatanda\u015flar\u0131n da projeye destek verdi\u011fini bildirdi. Demir\u2019in a\u00e7\u0131klamas\u0131nda \u201cBu b\u00fcy\u00fck eser, toplumsal dayan\u0131\u015fman\u0131n g\u00fcc\u00fcyle bu noktaya ula\u015ft\u0131 ve ayn\u0131 ruhla tamamlanmaya devam edecektir.\u201d denildi.<\/p>\n<h3><strong>Sosyal Medya Kullan\u0131c\u0131lar\u0131na Sorumluluk \u00c7a\u011fr\u0131s\u0131<\/strong><\/h3>\n<p>CIMG Do\u011fu Fransa B\u00f6lge Ba\u015fkan\u0131 Kadir Ali Demir camiye ili\u015fkin bilgi payla\u015fan, yazan ya da yorum yapan herkesi daha dikkatli ve titiz olmaya davet ederek dezenformasyonla m\u00fccadele konusunda toplumsal sorumlulu\u011fa vurgu yapt\u0131.<\/p>\n<p>(<a href=\"https:\/\/camiahaber.com\/2026\/04\/25\/strazburg-eyyub-sultan-camii-sadece-bagislarla-insa-ediliyor\/\">camiahaber<\/a>)<\/p>\n","protected":false},"excerpt":{"rendered":"<p>Do\u011fu Fransa \u0130slam Toplumu Milli G\u00f6r\u00fc\u015f (CIMG), Strazburg\u2019da in\u015fas\u0131 s\u00fcren Eyyub Sultan Camii\u2019nin finansman\u0131na ili\u015fkin sosyal medyada dola\u015fan iddialar\u0131 reddetti. Caminin, M\u00fcslim veya gayrim\u00fcslim sadece Avrupa\u2019daki ba\u011f\u0131\u015f\u00e7\u0131lar\u0131n deste\u011fi ile in\u015fa edildi\u011fi a\u00e7\u0131kland\u0131.<\/p>\n","protected":false},"author":1,"featured_media":61671,"comment_status":"closed","ping_status":"closed","sticky":false,"template":"","format":"standard","meta":{"ngg_post_thumbnail":0},"categories":[23238],"tags":[25112,25113,24714,25111],"_links":{"self":[{"href":"https:\/\/www.igmg.org\/tr\/wp-json\/wp\/v2\/posts\/61670"}],"collection":[{"href":"https:\/\/www.igmg.org\/tr\/wp-json\/wp\/v2\/posts"}],"about":[{"href":"https:\/\/www.igmg.org\/tr\/wp-json\/wp\/v2\/types\/post"}],"author":[{"embeddable":true,"href":"https:\/\/www.igmg.org\/tr\/wp-json\/wp\/v2\/users\/1"}],"replies":[{"embeddable":true,"href":"https:\/\/www.igmg.org\/tr\/wp-json\/wp\/v2\/comments?post=61670"}],"version-history":[{"count":2,"href":"https:\/\/www.igmg.org\/tr\/wp-json\/wp\/v2\/posts\/61670\/revisions"}],"predecessor-version":[{"id":61677,"href":"https:\/\/www.igmg.org\/tr\/wp-json\/wp\/v2\/posts\/61670\/revisions\/61677"}],"wp:featuredmedia":[{"embeddable":true,"href":"https:\/\/www.igmg.org\/tr\/wp-json\/wp\/v2\/media\/61671"}],"wp:attachment":[{"href":"https:\/\/www.igmg.org\/tr\/wp-json\/wp\/v2\/media?parent=61670"}],"wp:term":[{"taxonomy":"category","embeddable":true,"href":"https:\/\/www.igmg.org\/tr\/wp-json\/wp\/v2\/categories?post=61670"},{"taxonomy":"post_tag","embeddable":true,"href":"https:\/\/www.igmg.org\/tr\/wp-json\/wp\/v2\/tags?post=61670"}],"curies":[{"name":"wp","href":"https:\/\/api.w.org\/{rel}","templated":true}]}}