{"id":61689,"date":"2026-04-30T12:00:19","date_gmt":"2026-04-30T10:00:19","guid":{"rendered":"https:\/\/www.igmg.org\/?p=61689"},"modified":"2026-04-30T12:00:19","modified_gmt":"2026-04-30T10:00:19","slug":"camiler-icin-iklim-ve-tabiat-egitim-programi-tamamlandi","status":"publish","type":"post","link":"https:\/\/www.igmg.org\/tr\/camiler-icin-iklim-ve-tabiat-egitim-programi-tamamlandi\/","title":{"rendered":"Camiler \u0130\u00e7in \u0130klim ve Tabiat E\u011fitim Program\u0131 Tamamland\u0131"},"content":{"rendered":"<p><strong>Avrupa\u2019daki cami cemiyetlerinde tabiat ve iklim koruma bilincini kurumsalla\u015ft\u0131rmay\u0131 hedefleyen kapsaml\u0131 bir e\u011fitim program\u0131 tamamland\u0131. \u0130slam Toplumu Mill\u00ee G\u00f6r\u00fc\u015f (IGMG) b\u00fcnyesinde faaliyet g\u00f6steren \u0130klim ve Tabiat Koruma Komisyonu taraf\u0131ndan y\u00fcr\u00fct\u00fclen Camiler \u0130\u00e7in \u0130klim ve Tabiat E\u011fitim Program\u0131 (C\u0130EP), bir y\u0131l s\u00fcren yo\u011fun bir s\u00fcrecin ard\u0131ndan Nisan 2026 itibar\u0131yla sona erdi.Program, iklim ve tabiat korumas\u0131 alan\u0131nda camilerde fark\u0131ndal\u0131k \u00fcretmeyi ve do\u011frudan sahada etki olu\u015fturacak akt\u00f6rler yeti\u015ftirmeyi hedefliyor.<\/strong><\/p>\n<p>&nbsp;<\/p>\n<p><strong>Cami Merkezli \u0130klim ve Tabiat Korumas\u0131<\/strong><\/p>\n<p>Nisan 2025\u2019te ba\u015flayan ve ayl\u0131k \u00e7evrimi\u00e7i oturumlarla ilerleyen program, toplamda 11 oturumdan olu\u015ftu. Almanya, Fransa, Avusturya, Bel\u00e7ika ve \u0130ngiltere ba\u015fta olmak \u00fczere farkl\u0131 Avrupa \u00fclkelerinden cami y\u00f6neticilerini bir araya getiren C\u0130EP, kat\u0131l\u0131mc\u0131lar\u0131 kendi cemiyetlerinde \u201c\u00e7arpan etkisi\u201d olu\u015fturacak \u015fekilde konumland\u0131rmay\u0131 ama\u00e7lad\u0131.<\/p>\n<p>Program\u0131n temel yakla\u015f\u0131m\u0131, her cemiyetin kendi sosyo-k\u00fclt\u00fcrel ve hukuki ba\u011flam\u0131n\u0131 dikkate alan esnek bir \u00f6\u011frenme modeli sunmas\u0131yd\u0131. \u00dclkelere g\u00f6re de\u011fi\u015fen \u00e7evre politikalar\u0131, yerel ihtiya\u00e7lar ve uygulama imk\u00e2nlar\u0131 do\u011frultusunda i\u00e7erikler \u015fekillendirildi. Her oturumda kat\u0131l\u0131mc\u0131lar\u0131n deneyimlerini payla\u015fabilecekleri interaktif alanlar olu\u015fturularak kar\u015f\u0131l\u0131kl\u0131 isti\u015fare ve ortak ak\u0131l \u00fcretimi te\u015fvik edildi.<\/p>\n<p>&nbsp;<\/p>\n<p><strong>Camilerde Uygulanabilir \u00c7\u00f6z\u00fcmler<\/strong><\/p>\n<p>C\u0130EP\u2019in \u00f6ne \u00e7\u0131kan y\u00f6nlerinden biri, iklim krizi ve tabiat korumas\u0131 tart\u0131\u015fmalar\u0131n\u0131 teorik d\u00fczeyde b\u0131rakmay\u0131p cami cemiyetlerinde do\u011frudan uygulanabilir \u00e7\u00f6z\u00fcmlere odaklanmas\u0131 oldu. Program kapsam\u0131nda, d\u00fcnya genelindeki camilerde hayata ge\u00e7irilebilecek somut uygulamalar ele al\u0131nd\u0131.<\/p>\n<p>Program\u0131n Nisan 2025\u2019teki a\u00e7\u0131l\u0131\u015f oturumu, \u201cCamilerin \u0130klim Krizi ile M\u00fccadeledeki Rol\u00fc\u201d ba\u015fl\u0131\u011f\u0131yla Prof. Dr. \u0130brahim \u00d6zdemir taraf\u0131ndan ger\u00e7ekle\u015ftirildi. Bu oturumda, insan\u0131n yery\u00fcz\u00fcndeki \u201chalife\u201d rol\u00fc ve k\u00e2inat\u0131n bir \u201cemanet\u201d olarak korunmas\u0131 gerekti\u011fi fikri merkeze al\u0131nd\u0131.<\/p>\n<p>May\u0131s 2025\u2019te d\u00fczenlenen ikinci oturum ise \u201cCamimde Biyolojik \u00c7e\u015fitlili\u011fi Nas\u0131l Destekleyebilirim?\u201d ba\u015fl\u0131\u011f\u0131yla Sefine K\u0131l\u0131n\u00e7 taraf\u0131ndan sunuldu. Bu oturumda habitat kayb\u0131 ve ormans\u0131zla\u015fmadan iklim felaketinin etkilerine kadar uzanan bir \u00e7er\u00e7evede, camilerin biyolojik \u00e7e\u015fitlili\u011fi korumak i\u00e7in atabilece\u011fi ad\u0131mlar ele al\u0131nd\u0131.<br \/>\nHaziran 2025\u2019te ger\u00e7ekle\u015ftirilen \u201cCami Bah\u00e7emi Nas\u0131l \u0130n\u015fa Edebilirim?\u201d ba\u015fl\u0131kl\u0131 oturum Burak Barut taraf\u0131ndan sunulurken, \u0130slam bah\u00e7esi ve tasar\u0131m\u0131 konular\u0131yla bug\u00fcn uygulanabilecek modeller de\u011ferlendirildi.<\/p>\n<p>C\u0130EP kapsam\u0131nda \u201cCamimde Emisyonlar\u0131 Nas\u0131l Azaltabilirim?\u201d dersi Merve Fatma \u00d6ren taraf\u0131ndan verildi. \u201cCamimde Enerji Tasarrufu Nas\u0131l Yapabilirim?\u201d ve \u201cCamimde Yenilenebilir Enerji Sistemlerini Nas\u0131l Kurabilirim?\u201d ba\u015fl\u0131klar\u0131 ise Usame Yolcu taraf\u0131ndan ele al\u0131nd\u0131.<br \/>\nBunun yan\u0131 s\u0131ra camide at\u0131k y\u00f6netimi, s\u00fcrd\u00fcr\u00fclebilir etkinlikler, su y\u00f6netimi ve camilerde \u00e7evre dostu mutfaklar gibi ba\u015fl\u0131klar da program\u0131n \u00f6nemli bile\u015fenleri aras\u0131nda yer ald\u0131.<\/p>\n<p>Program\u0131n kapan\u0131\u015f\u0131 ise camilerde somut \u00e7evre projelerinin nas\u0131l tasarlan\u0131p uygulanabilece\u011fine dair stratejik bir \u00e7er\u00e7eve sunan oturumla yap\u0131ld\u0131.<\/p>\n<p>&nbsp;<\/p>\n<p><strong>E\u011fitim Sonras\u0131nda S\u00fcreklilik ve Kurumsalla\u015fma<\/strong><\/p>\n<p>C\u0130EP\u2019in tamamlanmas\u0131yla birlikte program\u0131n etkisinin s\u00fcrd\u00fcr\u00fclmesi i\u00e7in yeni bir a\u015famaya ge\u00e7ildi. G\u00f6n\u00fcll\u00fc olarak \u00e7al\u0131\u015fmalar\u0131na devam etmek isteyen kat\u0131l\u0131mc\u0131lara, IGMG \u0130klim ve Tabiat Koruma Komisyonu taraf\u0131ndan dan\u0131\u015fmanl\u0131k deste\u011fi sunulacak.<\/p>\n<p>Ayr\u0131ca cemiyetler, k\u0131sa s\u00fcre \u00f6nce IGMG taraf\u0131ndan yay\u0131mlanan \u0130klim Dostu Cami K\u0131lavuzundan faydalanarak \u201cemanet\u201d ve \u201cmizan\u201d ilkeleri do\u011frultusunda \u00e7evre dostu uygulamalar\u0131 kurumsal yap\u0131ya entegre edebilecek. C\u0130EP\u2019in b\u00fct\u00fcn derslerine ise kiep.igmg.org adresi \u00fczerinden ula\u015f\u0131labilecek.<\/p>\n<p>C\u0130EP, camilerin yaln\u0131zca birer ibadet mek\u00e2n\u0131 de\u011fil, ayn\u0131 zamanda toplumsal d\u00f6n\u00fc\u015f\u00fcm\u00fcn merkezlerinden biri olabilece\u011fini ortaya koyan bir model sundu. Program, Avrupa\u2019daki M\u00fcsl\u00fcman cemaatler i\u00e7in iklim krizine kar\u015f\u0131 etik, pratik ve kolektif bir duru\u015f geli\u015ftirme y\u00f6n\u00fcnde \u00f6nemli bir ad\u0131m olarak de\u011ferlendiriliyor.<\/p>\n","protected":false},"excerpt":{"rendered":"<p>Avrupa\u2019daki cami cemiyetlerinde tabiat ve iklim koruma bilincini kurumsalla\u015ft\u0131rmay\u0131 hedefleyen kapsaml\u0131 bir e\u011fitim program\u0131 tamamland\u0131. \u0130slam Toplumu Mill\u00ee G\u00f6r\u00fc\u015f (IGMG) b\u00fcnyesinde faaliyet g\u00f6steren \u0130klim ve Tabiat Koruma Komisyonu taraf\u0131ndan y\u00fcr\u00fct\u00fclen Camiler \u0130\u00e7in \u0130klim ve Tabiat E\u011fitim Program\u0131 (C\u0130EP), bir y\u0131l s\u00fcren yo\u011fun bir s\u00fcrecin ard\u0131ndan Nisan 2026 itibar\u0131yla sona erdi.<\/p>\n","protected":false},"author":1,"featured_media":61684,"comment_status":"closed","ping_status":"closed","sticky":false,"template":"","format":"standard","meta":{"ngg_post_thumbnail":0},"categories":[23262,23239],"tags":[25117,25116],"_links":{"self":[{"href":"https:\/\/www.igmg.org\/tr\/wp-json\/wp\/v2\/posts\/61689"}],"collection":[{"href":"https:\/\/www.igmg.org\/tr\/wp-json\/wp\/v2\/posts"}],"about":[{"href":"https:\/\/www.igmg.org\/tr\/wp-json\/wp\/v2\/types\/post"}],"author":[{"embeddable":true,"href":"https:\/\/www.igmg.org\/tr\/wp-json\/wp\/v2\/users\/1"}],"replies":[{"embeddable":true,"href":"https:\/\/www.igmg.org\/tr\/wp-json\/wp\/v2\/comments?post=61689"}],"version-history":[{"count":6,"href":"https:\/\/www.igmg.org\/tr\/wp-json\/wp\/v2\/posts\/61689\/revisions"}],"predecessor-version":[{"id":61695,"href":"https:\/\/www.igmg.org\/tr\/wp-json\/wp\/v2\/posts\/61689\/revisions\/61695"}],"wp:featuredmedia":[{"embeddable":true,"href":"https:\/\/www.igmg.org\/tr\/wp-json\/wp\/v2\/media\/61684"}],"wp:attachment":[{"href":"https:\/\/www.igmg.org\/tr\/wp-json\/wp\/v2\/media?parent=61689"}],"wp:term":[{"taxonomy":"category","embeddable":true,"href":"https:\/\/www.igmg.org\/tr\/wp-json\/wp\/v2\/categories?post=61689"},{"taxonomy":"post_tag","embeddable":true,"href":"https:\/\/www.igmg.org\/tr\/wp-json\/wp\/v2\/tags?post=61689"}],"curies":[{"name":"wp","href":"https:\/\/api.w.org\/{rel}","templated":true}]}}