{"id":63448,"date":"2026-09-04T12:13:08","date_gmt":"2026-09-04T10:13:08","guid":{"rendered":"https:\/\/www.igmg.org\/?p=63448"},"modified":"2026-09-04T12:13:08","modified_gmt":"2026-09-04T10:13:08","slug":"saksonya-anhalttaki-secimlere-katilim-cagrisi","status":"publish","type":"post","link":"https:\/\/www.igmg.org\/tr\/saksonya-anhalttaki-secimlere-katilim-cagrisi\/","title":{"rendered":"Saksonya-Anhalt\u2019taki se\u00e7imlere kat\u0131l\u0131m \u00e7a\u011fr\u0131s\u0131"},"content":{"rendered":"<p><strong>\u0130slam Toplumu Mill\u00ee G\u00f6r\u00fc\u015f (IGMG) Genel Sekreteri Ali Mete, 6 Eyl\u00fcl 2026 Pazar g\u00fcn\u00fc Saksonya-Anhalt\u2019ta yap\u0131lacak eyalet meclisi se\u00e7imleri sebebiyle bir a\u00e7\u0131klama yapt\u0131. \u201cSaksonya-Anhalt eyalet meclisi se\u00e7imlerine kat\u0131l\u0131m \u00e7a\u011fr\u0131s\u0131nda bulunuyoruz. \u0130slam, e\u011fitim ve toplumsal kat\u0131l\u0131m konular\u0131nda g\u00f6sterilen a\u015f\u0131r\u0131 sa\u011fc\u0131 tutumlar g\u00f6z \u00f6n\u00fcne al\u0131nd\u0131\u011f\u0131nda, bu se\u00e7imleri g\u00f6rmezden gelmek asla bir se\u00e7enek olamaz.\u201d diyen Mete s\u00f6zlerini \u015f\u00f6yle s\u00fcrd\u00fcrd\u00fc:<\/strong><\/p>\n<p>\u201c\u0130slam Toplumu Mill\u00ee G\u00f6r\u00fc\u015f olarak, Saksonya-Anhalt eyaletinde ya\u015fayan t\u00fcm oy kullanma hakk\u0131na sahip vatanda\u015flar\u0131 pazar g\u00fcn\u00fc oy kullanmaya \u0131srarla \u00e7a\u011f\u0131r\u0131yoruz. Demokrasi kat\u0131l\u0131mla ve insanlar\u0131n sorumluluk \u00fcstlenmesiyle ayakta kal\u0131r. \u00d6zellikle birlikte ya\u015faman\u0131n temel de\u011ferleri bask\u0131 alt\u0131ndayken bu ilke daha da \u00f6nemli h\u00e2le gelir.<\/p>\n<p>M\u00fcsl\u00fcmanlar i\u00e7in bu eyalet meclisi se\u00e7imi \u00f6zel bir \u00f6neme sahiptir. A\u015f\u0131r\u0131 sa\u011f, \u0130slam\u2019\u0131 a\u00e7\u0131k\u00e7a Saksonya-Anhalt eyaletine ait g\u00f6rmemekte, \u0130slam\u2019\u0131n kamusal alanda g\u00f6r\u00fcn\u00fcrl\u00fc\u011f\u00fc k\u0131s\u0131tlamak istemekte, devlet okullar\u0131nda \u0130slam din derslerine kar\u015f\u0131 \u00e7\u0131kmakta ve a\u015f\u0131r\u0131 sa\u011f tutumunu eyalet politikas\u0131 arac\u0131l\u0131\u011f\u0131yla dayatmay\u0131 arzulamaktad\u0131r. B\u00fct\u00fcn bunlar din hakk\u0131nda soyut tart\u0131\u015fmalar de\u011fildir. Mesele, M\u00fcsl\u00fcmanlar\u0131n bu \u00fclkenin do\u011fal bir par\u00e7as\u0131 olarak kabul edilip edilmeyece\u011fi ve e\u015fit muamele g\u00f6r\u00fcp g\u00f6rmeyece\u011fidir.<\/p>\n<p>M\u00fclteci ve s\u0131\u011f\u0131nmac\u0131 ailelerin \u00e7ocuklar\u0131n\u0131 kal\u0131c\u0131 olarak ayr\u0131 s\u0131n\u0131flarda e\u011fitime tabi tutma y\u00f6n\u00fcndeki g\u00f6r\u00fc\u015fler de ayn\u0131 derecede endi\u015fe vericidir. Okul, \u00e7ocuklar\u0131n bir araya geldi\u011fi, f\u0131rsatlar\u0131n sunuldu\u011fu ve farkl\u0131l\u0131klar\u0131 a\u015fan bir yer olmal\u0131d\u0131r. Okul, toplumsal d\u0131\u015flanman\u0131n daha s\u0131n\u0131fta ba\u015flad\u0131\u011f\u0131 bir yer h\u00e2line gelmemelidir.<\/p>\n<p>Din \u00f6zg\u00fcrl\u00fc\u011f\u00fc, insan onuru ve kanun \u00f6n\u00fcnde e\u015fitlik, siyasi bir \u00e7o\u011funlu\u011fun sundu\u011fu l\u00fctuflar de\u011fildir. Bunlar toplumumuzun temellerini olu\u015fturur. \u0130slami bak\u0131\u015f a\u00e7\u0131s\u0131na g\u00f6re adalet, sorumluluk ve kamu yarar\u0131 i\u00e7in \u00e7aba g\u00f6stermek birbirinden ayr\u0131lamaz bir b\u00fct\u00fcnd\u00fcr. Bu nedenle M\u00fcsl\u00fcmanlar demokratik toplumun d\u0131\u015f\u0131nda de\u011fildir; aksine bu toplumun bir par\u00e7as\u0131d\u0131r ve ona kar\u015f\u0131 sorumluluk ta\u015f\u0131rlar.<\/p>\n<p>Se\u00e7im g\u00fcn\u00fcnde oy kullanmayacak olanlar \u00fclkemizin hangi y\u00f6ne do\u011fru ilerleyece\u011fine dair karar\u0131 ba\u015fkalar\u0131na b\u0131rakm\u0131\u015f olacaklar. Demokratik alan\u0131 m\u00fccadele etmeden a\u015f\u0131r\u0131l\u0131k\u00e7\u0131lara b\u0131rakanlar, sonu\u00e7lar\u0131na da \u015fa\u015f\u0131rmamal\u0131d\u0131r. M\u00fcsl\u00fcmanlar, az\u0131nl\u0131klar, toplumsal uyumumuz ve nihayetinde Almanya\u2019n\u0131n tamam\u0131 i\u00e7in bu durum felaket anlam\u0131na gelir.<\/p>\n<p>Bu nedenle \u00e7a\u011fr\u0131m\u0131z \u015fudur: Oy hakk\u0131n\u0131z\u0131 kullan\u0131n. Se\u00e7ime gidin. Demokrasiyi savunmak i\u00e7in harekete ge\u00e7in.\u201d<\/p>\n","protected":false},"excerpt":{"rendered":"<p>\u0130slam Toplumu Mill\u00ee G\u00f6r\u00fc\u015f (IGMG) Genel Sekreteri Ali Mete, 6 Eyl\u00fcl 2026 Pazar g\u00fcn\u00fc Saksonya-Anhalt\u2019ta yap\u0131lacak eyalet meclisi se\u00e7imleri sebebiyle bir a\u00e7\u0131klama yapt\u0131. \u201cSaksonya-Anhalt eyalet meclisi se\u00e7imlerine kat\u0131l\u0131m \u00e7a\u011fr\u0131s\u0131nda bulunuyoruz. \u0130slam, e\u011fitim ve toplumsal kat\u0131l\u0131m konular\u0131nda g\u00f6sterilen a\u015f\u0131r\u0131 sa\u011fc\u0131 tutumlar g\u00f6z \u00f6n\u00fcne al\u0131nd\u0131\u011f\u0131nda, bu se\u00e7imleri g\u00f6rmezden gelmek asla bir se\u00e7enek olamaz.\u201d diyen Mete s\u00f6zlerini \u015f\u00f6yle s\u00fcrd\u00fcrd\u00fc:<\/p>\n","protected":false},"author":1,"featured_media":32515,"comment_status":"closed","ping_status":"closed","sticky":false,"template":"","format":"standard","meta":{"ngg_post_thumbnail":0},"categories":[23244,23262,23239],"tags":[24792],"_links":{"self":[{"href":"https:\/\/www.igmg.org\/tr\/wp-json\/wp\/v2\/posts\/63448"}],"collection":[{"href":"https:\/\/www.igmg.org\/tr\/wp-json\/wp\/v2\/posts"}],"about":[{"href":"https:\/\/www.igmg.org\/tr\/wp-json\/wp\/v2\/types\/post"}],"author":[{"embeddable":true,"href":"https:\/\/www.igmg.org\/tr\/wp-json\/wp\/v2\/users\/1"}],"replies":[{"embeddable":true,"href":"https:\/\/www.igmg.org\/tr\/wp-json\/wp\/v2\/comments?post=63448"}],"version-history":[{"count":1,"href":"https:\/\/www.igmg.org\/tr\/wp-json\/wp\/v2\/posts\/63448\/revisions"}],"predecessor-version":[{"id":63449,"href":"https:\/\/www.igmg.org\/tr\/wp-json\/wp\/v2\/posts\/63448\/revisions\/63449"}],"wp:featuredmedia":[{"embeddable":true,"href":"https:\/\/www.igmg.org\/tr\/wp-json\/wp\/v2\/media\/32515"}],"wp:attachment":[{"href":"https:\/\/www.igmg.org\/tr\/wp-json\/wp\/v2\/media?parent=63448"}],"wp:term":[{"taxonomy":"category","embeddable":true,"href":"https:\/\/www.igmg.org\/tr\/wp-json\/wp\/v2\/categories?post=63448"},{"taxonomy":"post_tag","embeddable":true,"href":"https:\/\/www.igmg.org\/tr\/wp-json\/wp\/v2\/tags?post=63448"}],"curies":[{"name":"wp","href":"https:\/\/api.w.org\/{rel}","templated":true}]}}