{"id":6475,"date":"2009-01-29T17:36:00","date_gmt":"2009-01-29T16:36:00","guid":{"rendered":"https:\/\/www.igmg.org\/?p=6475"},"modified":"2015-02-16T10:47:37","modified_gmt":"2015-02-16T09:47:37","slug":"aoeniversiteliler-ve-orta-a%c2%b6aeyretim-talebeleri-yatae%c2%b1lae%c2%b1-eaeyitimi-kampae%c2%b1nda-buluaytu","status":"publish","type":"post","link":"https:\/\/www.igmg.org\/tr\/aoeniversiteliler-ve-orta-a%c2%b6aeyretim-talebeleri-yatae%c2%b1lae%c2%b1-eaeyitimi-kampae%c2%b1nda-buluaytu\/","title":{"rendered":"\u00dcniversiteliler ve orta \u00f6\u011fretim talebeleri yat\u0131l\u0131 e\u011fitimi kamp\u0131nda bulu\u015ftu"},"content":{"rendered":"<p>B\u00f6lge Orta \u00d6\u011fretim Ba\u015fkan\u0131 Fatih Do\u011fan \u00f6nc\u00fcl\u00fc\u011f\u00fcnde, \u00fc\u00e7 g\u00fcnl\u00fck yat\u0131l\u0131 e\u011fitim kamp\u0131na hem kat\u0131l\u0131m yo\u011fundu, hem de seviyeli ve kaliteli bir program yap\u0131ld\u0131. Program B\u00f6lge Kur&#8217;an okuma birincisi Fatih Mara\u015fl\u0131o\u011flu&#8217;nun a\u00e7\u0131l\u0131\u015f Kur&#8217;an&#8217;\u0131 Kerim&#8217;i ile ba\u015flad\u0131. Orta \u00d6\u011fretim Ba\u015fkan\u0131 Fatih Do\u011fan&#8217;\u0131n program\u0131n yap\u0131l\u0131\u015f amac\u0131n\u0131 anlatan konu\u015fmas\u0131 ile ba\u015flayan program, B\u00f6lge Gen\u00e7lik Te\u015fkilat\u0131 Ba\u015fkan\u0131 Zekeriyya Kolu&#8217;nun a\u00e7\u0131l\u0131\u015f konu\u015fmas\u0131yla devam etti.<\/p>\n<p>Gelece\u011fimiz a\u00e7\u0131s\u0131ndan \u00fcmit vaad eden seviyeli ve duyarl\u0131 gen\u00e7lerin co\u015fkulu bir \u015fekilde&nbsp;kat\u0131ld\u0131\u011f\u0131 programda, Kuzey Bavyera B\u00f6lge Ba\u015fkan\u0131 Bilal Demiro\u011flu, Gen\u00e7lik Te\u015fkilat\u0131 Genel Ba\u015fkan\u0131 Mesut G\u00fclbahar, Gen\u00e7lik Te\u015fkilat\u0131 MYK \u00fcyesi \u0130smail Karad\u00f6l birer ders verdiler.<\/p>\n<p>Gece y\u00fcr\u00fcy\u00fc\u015f\u00fc, y\u00fczme ve spor faaliyetleri ile zenginle\u015fen program, co\u015fkulu ve samimi bir havada ge\u00e7ti. Hat\u0131ra foto\u011fraflar\u0131yla kal\u0131c\u0131 hale getirilen programdan gen\u00e7ler memnun ayr\u0131ld\u0131lar.<\/p>\n<p>Ayr\u0131ca ayn\u0131 yerde \u00fcniversiteli karde\u015flerimiz de bir araya geldiler. \u00dcniversitelilere bir konu\u015fma yapan B\u00f6lge Ba\u015fkan\u0131 Bilal Demiro\u011flu \u015funlar\u0131 s\u00f6yledi:&nbsp;&#8220;\u0130lkokula bile gitmeyen birinci nesil b\u00fcy\u00fcklerimiz, b\u00fct\u00fcn s\u0131k\u0131nt\u0131lar\u0131na ra\u011fmen \u00e7ok g\u00fczel camiiler, te\u015fkilatlar ve nesillerimizi gelece\u011fe ta\u015f\u0131yacak kurumlar olu\u015fturdular. Onlar\u0131n bu samimi gayretleriyle att\u0131klar\u0131 her ad\u0131m bize ciddi sorumluluklar y\u00fckl\u00fcyor. Bu manada siz gen\u00e7 karde\u015flerim, bu i\u00e7inde bulundu\u011fumuz toplum i\u00e7in bir nimetsiniz. Sizi tebrik ediyorum.&#8221;\u009d<\/p>\n","protected":false},"excerpt":{"rendered":"<p>IGMG Kuzey Bavyera B\u00f6lgesi Gen\u00e7lik Te\u015fkilat\u0131 orta \u00f6\u011fretim ve \u00fcniversiteli gen\u00e7leri yat\u0131l\u0131 e\u011fitim kamp\u0131nda bir araya getirdi<\/p>\n","protected":false},"author":1,"featured_media":0,"comment_status":"open","ping_status":"closed","sticky":false,"template":"","format":"standard","meta":{"ngg_post_thumbnail":0},"categories":[23238,24,23259],"tags":[],"_links":{"self":[{"href":"https:\/\/www.igmg.org\/tr\/wp-json\/wp\/v2\/posts\/6475"}],"collection":[{"href":"https:\/\/www.igmg.org\/tr\/wp-json\/wp\/v2\/posts"}],"about":[{"href":"https:\/\/www.igmg.org\/tr\/wp-json\/wp\/v2\/types\/post"}],"author":[{"embeddable":true,"href":"https:\/\/www.igmg.org\/tr\/wp-json\/wp\/v2\/users\/1"}],"replies":[{"embeddable":true,"href":"https:\/\/www.igmg.org\/tr\/wp-json\/wp\/v2\/comments?post=6475"}],"version-history":[{"count":0,"href":"https:\/\/www.igmg.org\/tr\/wp-json\/wp\/v2\/posts\/6475\/revisions"}],"wp:attachment":[{"href":"https:\/\/www.igmg.org\/tr\/wp-json\/wp\/v2\/media?parent=6475"}],"wp:term":[{"taxonomy":"category","embeddable":true,"href":"https:\/\/www.igmg.org\/tr\/wp-json\/wp\/v2\/categories?post=6475"},{"taxonomy":"post_tag","embeddable":true,"href":"https:\/\/www.igmg.org\/tr\/wp-json\/wp\/v2\/tags?post=6475"}],"curies":[{"name":"wp","href":"https:\/\/api.w.org\/{rel}","templated":true}]}}