{"id":6543,"date":"2009-02-07T13:15:00","date_gmt":"2009-02-07T12:15:00","guid":{"rendered":"https:\/\/www.igmg.org\/?p=6543"},"modified":"2015-02-16T10:47:35","modified_gmt":"2015-02-16T09:47:35","slug":"filistinaee-destek-ga%c2%bcna%c2%bc","status":"publish","type":"post","link":"https:\/\/www.igmg.org\/tr\/filistinaee-destek-ga%c2%bcna%c2%bc\/","title":{"rendered":"Filistin&#8217;e Destek G\u00fcn\u00fc"},"content":{"rendered":"<p>\u0130srail&#039;in Gazze&#039;de yapt\u0131\u011f\u0131 vah\u015feti g\u00f6rmek istemeyen, duymak istemeyen hatta ta\u015flar\u0131 \u00e7atlatan zulm\u00fc hissedemeyen, duyars\u0131z idarecilere ra\u011fmen sivil insiyatifler yine bir ka\u00e7 ad\u0131m de\u011fil, epeyce ilerideydi. N\u00fcrnberg&#039;te bulunan birka\u00e7 sivil toplum kurulu\u015fu, IGMG Kuzey Bavyera B\u00f6lgesi \u00f6nc\u00fcl\u00fcg\u00fcnde bir araya gelerek, \u00f6nce 5000&#039;den fazla insan\u0131n kat\u0131ld\u0131\u011f\u0131 bir miting, sonrada 2000&#039;den fazla insan\u0131n kat\u0131ld\u0131\u011f\u0131 bir salon program\u0131yla sa\u011f\u0131r kulaklara, ta\u015f kesilmi\u015f kalplere seslendiler ve ya\u015fanan bu vah\u015fete kar\u015f\u0131 &quot;insan\u00ee de\u011ferlerin yan\u0131nday\u0131z&quot; dediler.<\/p>\n<p>Programda IGMG Kuzey Bavyera B\u00f6lgesi&#039;nde faaliyet g\u00f6steren N\u00fcrnberg Merkez Camii&#039;nin \u00f6nc\u00fcl\u00fcg\u00fcnde; Schweinfurt Fatih, Hof Ayasofya, W\u00fcrzburg Mevlana Camii, Schwabach, Treuchtlingen Medine Camii, Weissenburg, F\u00fcrth Fatih Camii, Forchheim Fatih Camii, Hersbruck, Heilsbronn ve Ansbach Cami ve N\u00fcrnber Fatih Camiilerinin yan\u0131 s\u0131ra,ayr\u0131ca k\u0131sa ad\u0131 S\u0130 olan Solarid\u00e4t-\u0130nternatiional, Marksist-Leninist Parti N\u00fcrnberg ve SPD N\u00fcrnberg&#039;ten de&nbsp;kat\u0131l\u0131mc\u0131lar&nbsp;vard\u0131.<\/p>\n<p>Program, Avrupa Kur&#039;an okuma birincisi B\u00fclent Faruk Muhammed&#039; in Kur&#039;an-\u0131 Kerim okumas\u0131yla ba\u015flad\u0131. Ev sahibi N\u00fcrnberg Merkez Camii&#039;nden Ba\u015fkan Yard\u0131mc\u0131s\u0131 Yusuf G\u00fcler&#039;in a\u00e7\u0131l\u0131\u015f konu\u015fmas\u0131ndan sonra, organize komisyonu ad\u0131na Vehbi \u015ea\u015ft\u0131m, program\u0131n i\u00e7eri\u011fiyle ilgili bilgi verdi. <\/p>\n<p>Programda bir konu\u015fma yapan Kuzey Bavyera B\u00f6lge Ba\u015fkan\u0131 Bilal Demiro\u011flu; &#8220;Bizim, inanc\u0131n\u0131 ya\u015fayan hi\u00e7 bir din mensubuna s\u00f6z\u00fcm\u00fcz yok, olamaz da. Ancak, \u0130srail ordusunun hi\u00e7 bir su\u00e7u olmayan sivil Filistin halk\u0131na uygulad\u0131\u011f\u0131 amborgoyu ve kad\u0131n, \u00e7ocuk, ya\u015fl\u0131 ay\u0131rmadan kullan\u0131lmas\u0131 sava\u015f su\u00e7u say\u0131lan fosfor bombalar\u0131n\u0131 kullanarak yapt\u0131\u011f\u0131 katliam\u0131 lanetle k\u0131n\u0131yoruz&#8221;\u009d dedi. Demiro\u011flu ayr\u0131ca; &#8220;Evinizde paras\u0131n\u0131 \u00f6deyerek ald\u0131\u011f\u0131n\u0131z malzemelerle yapt\u0131\u011f\u0131n\u0131z yiyeceklerinizi burada Filistinli karde\u015flerinizin yarar\u0131na pazara s\u00fcrd\u00fcn\u00fcz ve tekrar paras\u0131n\u0131 \u00f6deyerek yediniz. Bu g\u00fczellik \u0130slam&#039;dan ba\u015fka hi\u00e7 bir din ve inan\u00e7ta yoktur. Bu g\u00fczel anlay\u0131\u015f\u0131n\u0131zdan dolay\u0131 sizleri candan tebrik ediyorum&#8221;\u009d dedi. <\/p>\n<p>Programda, Gazze&#039;de yard\u0131m \u00e7al\u0131\u015fmalar\u0131n\u0131 y\u00fcr\u00fcten IGMG ve IHH Avrupa yetkilileriyle canl\u0131 telefon ba\u011flant\u0131s\u0131 kurulmas\u0131 s\u0131ras\u0131nda bir \u00e7ok kat\u0131l\u0131mc\u0131n\u0131n g\u00f6z ya\u015flar\u0131n\u0131 tutamad\u0131\u011f\u0131 g\u00f6zlendi. <\/p>\n<p>Misafir Hatip olarak konu\u015fan Viyana \u0130slam Federasyonu Ba\u015fkan\u0131 Muhammet Turhan da \u00f6nce Arap\u00e7a sonra da T\u00fcrk\u00e7e yapt\u0131\u011f\u0131 konu\u015fmada, \u0130srail&#039;in zulm\u00fcne sessiz kalan duyars\u0131z d\u00fcnya yetkililerinin duyars\u0131zl\u0131\u011f\u0131n\u0131 lanetle k\u0131nayarak, kat\u0131l\u0131mc\u0131lar\u0131 duyguland\u0131ran bir R\u0131dvan duas\u0131 yapt\u0131.<\/p>\n","protected":false},"excerpt":{"rendered":"<p>IGMG Kuzey Bavyera B\u00f6lgesi N\u00fcrnberg Merkez Camii&#8217;nin \u00f6nc\u00fcl\u00fcg\u00fcnde &#8220;Filistin&#8217;e Destek G\u00fcn\u00fc&#8221;\u009d d\u00fczenledi.<\/p>\n","protected":false},"author":1,"featured_media":0,"comment_status":"open","ping_status":"closed","sticky":false,"template":"","format":"standard","meta":{"ngg_post_thumbnail":0},"categories":[23238,24],"tags":[],"_links":{"self":[{"href":"https:\/\/www.igmg.org\/tr\/wp-json\/wp\/v2\/posts\/6543"}],"collection":[{"href":"https:\/\/www.igmg.org\/tr\/wp-json\/wp\/v2\/posts"}],"about":[{"href":"https:\/\/www.igmg.org\/tr\/wp-json\/wp\/v2\/types\/post"}],"author":[{"embeddable":true,"href":"https:\/\/www.igmg.org\/tr\/wp-json\/wp\/v2\/users\/1"}],"replies":[{"embeddable":true,"href":"https:\/\/www.igmg.org\/tr\/wp-json\/wp\/v2\/comments?post=6543"}],"version-history":[{"count":0,"href":"https:\/\/www.igmg.org\/tr\/wp-json\/wp\/v2\/posts\/6543\/revisions"}],"wp:attachment":[{"href":"https:\/\/www.igmg.org\/tr\/wp-json\/wp\/v2\/media?parent=6543"}],"wp:term":[{"taxonomy":"category","embeddable":true,"href":"https:\/\/www.igmg.org\/tr\/wp-json\/wp\/v2\/categories?post=6543"},{"taxonomy":"post_tag","embeddable":true,"href":"https:\/\/www.igmg.org\/tr\/wp-json\/wp\/v2\/tags?post=6543"}],"curies":[{"name":"wp","href":"https:\/\/api.w.org\/{rel}","templated":true}]}}