{"id":6753,"date":"2009-03-27T00:47:00","date_gmt":"2009-03-26T23:47:00","guid":{"rendered":"https:\/\/www.igmg.org\/?p=6753"},"modified":"2015-02-16T10:47:29","modified_gmt":"2015-02-16T09:47:29","slug":"gena%c2%a7lerden-bilgi-yarae%c2%b1aymasae%c2%b1","status":"publish","type":"post","link":"https:\/\/www.igmg.org\/tr\/gena%c2%a7lerden-bilgi-yarae%c2%b1aymasae%c2%b1\/","title":{"rendered":"Gen\u00e7lerden Bilgi Yar\u0131\u015fmas\u0131"},"content":{"rendered":"<p>Yar\u0131\u015fmaya federasyona ba\u011fl\u0131 12 \u015fubenin kendi aras\u0131nda, 13-17 ve 18-24 ya\u015f aras\u0131 gruplar\u0131 aras\u0131nda d\u00fczenledikleri yar\u0131\u015fmalar\u0131n \u015fube birincileri kat\u0131ld\u0131. \u0130ki b\u00f6l\u00fcm halinde d\u00fczenlenen yar\u0131\u015fman\u0131n ilk b\u00f6l\u00fcm\u00fcnde 13-17 ya\u015f grubunda, ikinci b\u00f6l\u00fcm\u00fcnde ise 18-24 ya\u015f grubunda gen\u00e7ler k\u0131yas\u0131ya yar\u0131\u015ft\u0131. Her iki b\u00f6l\u00fcmde toplam 40&#8217;ar soru soruldu ve yar\u0131\u015fma sonucunda ilk \u00fc\u00e7 dereceye girenler belirlendi.<\/p>\n<p>13-17 ya\u015f grubunda birincili\u011fi 390 puanla Soest \u015eubesi&#8217;nden Enes Ayd\u0131n, ikincili\u011fi 360 puanla Amsterdam MGT-1 \u015eubesi&#8217;nden Adil \u00c7il ve \u00fc\u00e7\u00fcnc\u00fcl\u00fc\u011f\u00fc 260 puanla Amsterdam MGT-3 \u015eubesi&#8217;nden Fatih Bozda\u011f ald\u0131. 18-24 ya\u015f grubunda ise birincili\u011fi 300 puanla Hilversum \u015eubesi&#8217;nden Halil Demirkan, ikincili\u011fi 290 puanla Deventer \u015eubesi&#8217;nden Muhammed H. Korkmaz, \u00fc\u00e7\u00fcnc\u00fcl\u00fc\u011f\u00fc yine ayn\u0131 puanla Amsterdam MGT-2 \u015eubesi&#8217;nden H. H\u00fcseyin \u00dcn\u00fcvar elde ettiler.<\/p>\n<p>Dereceye girenlere sertifikalar\u0131n yan\u0131nda \u00e7e\u015fitli hediyeler verildi. Ayr\u0131ca program\u0131n sonunda t\u00fcm kat\u0131l\u0131mc\u0131lara yemek ikram edildi. Her iki kategorideki yar\u0131\u015fmalarda dereceye girenler 19 Nisan 2009 tarihinde IGMG&#8217;nin Avrupa \u00e7ap\u0131nda yapaca\u011f\u0131 \u00f6n eleme bilgi yar\u0131\u015fmas\u0131nda Kuzey Hollanda B\u00f6lgesi&#8217;ni temsilen kat\u0131lacaklar.(ik)<\/p>\n","protected":false},"excerpt":{"rendered":"<p>\u0130slam Toplumu Mill\u00ee G\u00f6r\u00fc\u015f Kuzey Hollanda B\u00f6lgesi&#8217;nde Gen\u00e7lik Federasyonu&#8217;na ba\u011fl\u0131 \u015fubelerin kat\u0131l\u0131m\u0131yla Amsterdam MGT Bos en Lommer Te\u015fkilat\u0131 salonunda &#8220;B\u00f6lge Bilgi Yar\u0131\u015fmas\u0131&#8221;\u009d d\u00fczenlendi.<\/p>\n","protected":false},"author":1,"featured_media":0,"comment_status":"open","ping_status":"closed","sticky":false,"template":"","format":"standard","meta":{"ngg_post_thumbnail":0},"categories":[23238,24],"tags":[],"_links":{"self":[{"href":"https:\/\/www.igmg.org\/tr\/wp-json\/wp\/v2\/posts\/6753"}],"collection":[{"href":"https:\/\/www.igmg.org\/tr\/wp-json\/wp\/v2\/posts"}],"about":[{"href":"https:\/\/www.igmg.org\/tr\/wp-json\/wp\/v2\/types\/post"}],"author":[{"embeddable":true,"href":"https:\/\/www.igmg.org\/tr\/wp-json\/wp\/v2\/users\/1"}],"replies":[{"embeddable":true,"href":"https:\/\/www.igmg.org\/tr\/wp-json\/wp\/v2\/comments?post=6753"}],"version-history":[{"count":0,"href":"https:\/\/www.igmg.org\/tr\/wp-json\/wp\/v2\/posts\/6753\/revisions"}],"wp:attachment":[{"href":"https:\/\/www.igmg.org\/tr\/wp-json\/wp\/v2\/media?parent=6753"}],"wp:term":[{"taxonomy":"category","embeddable":true,"href":"https:\/\/www.igmg.org\/tr\/wp-json\/wp\/v2\/categories?post=6753"},{"taxonomy":"post_tag","embeddable":true,"href":"https:\/\/www.igmg.org\/tr\/wp-json\/wp\/v2\/tags?post=6753"}],"curies":[{"name":"wp","href":"https:\/\/api.w.org\/{rel}","templated":true}]}}