{"id":6904,"date":"2009-04-30T12:00:00","date_gmt":"2009-04-30T10:00:00","guid":{"rendered":"https:\/\/www.igmg.org\/?p=6904"},"modified":"2015-02-16T10:47:25","modified_gmt":"2015-02-16T09:47:25","slug":"rhein-neckar-saaraeda-gena%c2%a7ler-arasae%c2%b1-hadis-yarae%c2%b1aymasae%c2%b1","status":"publish","type":"post","link":"https:\/\/www.igmg.org\/tr\/rhein-neckar-saaraeda-gena%c2%a7ler-arasae%c2%b1-hadis-yarae%c2%b1aymasae%c2%b1\/","title":{"rendered":"Rhein Neckar Saar&#8217;da gen\u00e7ler aras\u0131 hadis yar\u0131\u015fmas\u0131"},"content":{"rendered":"<p>Kat\u0131l\u0131m\u0131n yo\u011fun oldu\u011fu, g\u00fczel bir manevi atmosferde ge\u00e7en yar\u0131\u015fma b\u00fcy\u00fckleride olduk\u00e7a heyecanland\u0131rd\u0131.Yar\u0131\u015fma \u00f6gle namaz\u0131na m\u00fctakiben ba\u015flad\u0131. A\u00e7\u0131l\u0131\u015f\u0131 Rhein Neckar Saar B\u00f6lge \u0130r\u015fad Ba\u015fkan\u0131 Yusuf \u0130pek yaparak, yar\u0131\u015fma kurallar\u0131 hakk\u0131nda yar\u0131\u015fmac\u0131lar\u0131 bilgilendirdi. \u0130pek konu\u015fmas\u0131nda, bu t\u00fcr programlar\u0131n \u00e7ocuklar\u0131m\u0131za Peygamber sevgisini kazand\u0131rmas\u0131 a\u00e7\u0131s\u0131ndan \u00e7ok \u00f6nemli oldu\u011funu vurgulad\u0131.<\/p>\n<p>Daha sonra bir selamlama konu\u015fmas\u0131 yapan B\u00f6lge Ba\u015fkan\u0131 Yasar Cim\u015fit kat\u0131l\u0131mc\u0131lar\u0131 tebrik ederek, ba\u015far\u0131lar\u0131n\u0131n devam\u0131n\u0131&nbsp; diledi. Yar\u0131\u015fmaya Hasan Karaduman, \u0130smail D\u00f6nmez, Osman Ka\u00e7maz, Ahmed Karaduman, Furkan Kidik, Feyzullah Kidik, Selman Heykel, H\u00fcseyin Kaplan, Muhammed Naci, \u00d6mer Naci \u00e7e\u015fitli cemiyetlerden kat\u0131ld\u0131lar. \u00c7eki\u015fmeli ge\u00e7en yar\u0131\u015fmada j\u00fcri \u00fcyeleri bile puanlamada zorland\u0131lar. Neticede birincili\u011fi Walldorf Mevlana Camii&#8217;nden Hasan Karaduman, ikincili\u011fi Germersheim Selimiye Camii&#8217;nden \u0130smail D\u00f6nmez, \u00fc\u00e7\u00fcnc\u00fcl\u00fc\u011f\u00fc ise yine Walldorf Cemiyeti&#8217;nden Ahmed Karaduman ba\u015far\u0131 ile elde ettiler. Yar\u0131\u015fman\u0131n sonunda yar\u0131\u015fmac\u0131lara hediyeleri b\u00f6lge ba\u015fkan\u0131 ve di\u011fer g\u00f6revliler taraf\u0131ndan takdim edildi ve hat\u0131ra foto\u011fraflar\u0131n\u0131n \u00e7ekilmesinden sonra vedala\u015f\u0131ld\u0131.<\/p>\n","protected":false},"excerpt":{"rendered":"<p>\u0130slam Toplumu Mill\u00ee G\u00f6r\u00fc\u015f Rhein Neckar Saar B\u00f6lgesi Viernheim Sultan Ahmet Camii&#8217;nde gen\u00e7lere y\u00f6nelik hadis yar\u0131\u015fmas\u0131 d\u00fczenledi.<\/p>\n","protected":false},"author":1,"featured_media":0,"comment_status":"open","ping_status":"closed","sticky":false,"template":"","format":"standard","meta":{"ngg_post_thumbnail":0},"categories":[23238,24],"tags":[],"_links":{"self":[{"href":"https:\/\/www.igmg.org\/tr\/wp-json\/wp\/v2\/posts\/6904"}],"collection":[{"href":"https:\/\/www.igmg.org\/tr\/wp-json\/wp\/v2\/posts"}],"about":[{"href":"https:\/\/www.igmg.org\/tr\/wp-json\/wp\/v2\/types\/post"}],"author":[{"embeddable":true,"href":"https:\/\/www.igmg.org\/tr\/wp-json\/wp\/v2\/users\/1"}],"replies":[{"embeddable":true,"href":"https:\/\/www.igmg.org\/tr\/wp-json\/wp\/v2\/comments?post=6904"}],"version-history":[{"count":0,"href":"https:\/\/www.igmg.org\/tr\/wp-json\/wp\/v2\/posts\/6904\/revisions"}],"wp:attachment":[{"href":"https:\/\/www.igmg.org\/tr\/wp-json\/wp\/v2\/media?parent=6904"}],"wp:term":[{"taxonomy":"category","embeddable":true,"href":"https:\/\/www.igmg.org\/tr\/wp-json\/wp\/v2\/categories?post=6904"},{"taxonomy":"post_tag","embeddable":true,"href":"https:\/\/www.igmg.org\/tr\/wp-json\/wp\/v2\/tags?post=6904"}],"curies":[{"name":"wp","href":"https:\/\/api.w.org\/{rel}","templated":true}]}}