{"id":6993,"date":"2009-05-16T07:00:00","date_gmt":"2009-05-16T05:00:00","guid":{"rendered":"https:\/\/www.igmg.org\/?p=6993"},"modified":"2015-02-16T10:47:23","modified_gmt":"2015-02-16T09:47:23","slug":"berlin-maide-i-kuraean-ile-a%c2%a7oaytu","status":"publish","type":"post","link":"https:\/\/www.igmg.org\/tr\/berlin-maide-i-kuraean-ile-a%c2%a7oaytu\/","title":{"rendered":"Berlin Maide-i Kur&#8217;an ile \u00e7o\u015ftu"},"content":{"rendered":"<p>Sunuculu\u011funu Nazmi G\u00f6delek ve Mustafa Kapla&#039;n\u0131n yapt\u0131\u011f\u0131 programda Berlinliler Kur&#039;an ile \u00e7o\u015ftular. Berlinlilerin b\u00fcy\u00fck ilgi g\u00f6sterdi\u011fi program Avrupa Kur&#039;an-\u0131 Kerim okuma birincisi Sezai \u00c7akan&#039;\u0131n Kur&#039;an tilaveti ile ba\u015flad\u0131.<\/p>\n<p>IGMG Berlin B\u00f6lge Ba\u015fkan\u0131 Siyami \u00d6zt\u00fcrk a\u00e7\u0131l\u0131\u015f konu\u015fmas\u0131nda, Peygamberimiz Hz. Muhammed&#039;in; bir M\u00fcsl\u00fcman i\u00e7in iman edilmesi, sevilmesi, \u00f6rnek al\u0131nmas\u0131 gereken, alemlere rahmet olarak g\u00f6nderilmi\u015f, g\u00fczel ahlak\u0131n en m\u00fckemmel timsali, son peygamber oldu\u011funu vurgulad\u0131. \u00d6zt\u00fcrk, &#8220;Peygamberimiz, bizzat toplum i\u00e7inde baba, e\u015f, arkada\u015f, komutan, devlet ba\u015fkan\u0131, te\u015fkilatc\u0131 gibi sorumluluklar\u0131yla b\u00fcy\u00fck bir \u00f6rnek olarak \u00f6n\u00fcm\u00fczde durmaktad\u0131r. K\u00fcreselle\u015fen d\u00fcnyam\u0131zda dilini, k\u00fclt\u00fcr\u00fcn\u00fc, kimli\u011fini ve dinini \u00f6v\u00fcn\u00e7le sahiplenerek muhafaza etmek suretiyle var olabilmemiz i\u00e7in de son peygamber Hz. Muhammed, onun getirdi\u011fi son kitap Kur&#039;an-\u0131 Kerim ve \u0130slam dini hakk\u0131nda derinlemesine bilgi sahibi olmam\u0131z gerekmektedir&#8221;\u009d diyerek s\u00f6zlerini tamamlad\u0131.<\/p>\n<p>Peygamber Efendimizin hayat\u0131n\u0131 konu alan sinevizyon g\u00f6sterisinden sonra, IGMG Genel Ba\u015fkan\u0131 Yavuz \u00c7elik Karahan mikrofana geldi. Karahan; &#8220;Hazret-i Muhammed&#039;in tebli\u011fini yapt\u0131\u011f\u0131 Allah&#039;\u0131n dini d\u00fcnya durduk\u00e7a var olacak, Rasulullah&#039;\u0131n san\u0131 ve \u015fan\u0131 k\u0131yamete kadar azalmadan, artarak devam edecektir. Hz. Mevlana&#039;n\u0131n; &#039;d\u00fcnyal\u0131klar\u0131n adlar\u0131n\u0131, namlar\u0131n\u0131 \u015fiddetli \u00f6l\u00fcm seli sildi s\u00fcp\u00fcrd\u00fc.\/Fakat Cenab-\u0131 Ahmed&#039;in nam\u0131 ve devleti \u00f6lmez bakidir.\/Onun n\u00f6betini (m\u00fcezzinler) ezanlarla g\u00fcnde be\u015f defa duyuruyorlar.\/Bu k\u0131yamete kadar b\u00f6ylece devam edip gidecek dedi\u011fi&#039; gibi&#8230; Sevgili Peygamberimiz bize g\u00fczel bir \u00f6rnek te\u015fkil etti; ve peygamberlik g\u00f6revini ba\u015far\u0131 ile tamamlad\u0131. Hz. Ai\u015fe O&#039;nun ahlak\u0131n\u0131 soranlara \u015f\u00f6yle cevap vermi\u015fti: &#039;O&#039;nun ahlak\u0131 Kur&#039;an&#039;d\u0131.&#039; O, Allah&#039;\u0131n O&#039;na sundu\u011fu program\u0131 en g\u00fczel bir \u015fekilde uygulad\u0131. O&#039;nun tebli\u011finin ba\u015far\u0131ya ula\u015fmas\u0131n\u0131n temelinde O&#039;nun, Allah&#039;a kar\u015f\u0131 teslimiyeti ve insanlara kar\u015f\u0131 da samimiyeti vard\u0131r. Bize d\u00fc\u015fen, Hz. Peygamber&#039;in getirdi\u011fi ilahi mesaj\u0131 anlamakt\u0131r ve ya\u015famakt\u0131r. Hz. Peygamberin, ilahi vahyi hayat\u0131n\u0131n her safhas\u0131nda \u015fahs\u0131nda bizzat temsil etti\u011fi, uygulad\u0131\u011f\u0131 gibi, biz de, bu muhte\u015fem dini ya\u015famak ve uygulamak mecburiyetindeyiz. Unutmayal\u0131m ki bizler M\u00fcsl\u00fcman \u015fahsiyetler olarak \u0130slam&#039;\u0131n birer temsilcileriyiz&#8221;\u009d dedi.<\/p>\n<p>Almanya&#039;da yap\u0131lan yar\u0131\u015fmalarda Berlin B\u00f6lgesi&#039;ni ba\u015far\u0131 ile temsil ederek birincilikler elde eden Esra Akan (Bilgi yar\u0131\u015fmas\u0131) ve Z\u00fclal \u00c7elebi (Kur&#039;an yar\u0131\u015fmas\u0131) \u00f6d\u00fcllerini IGMG Genel Ba\u015fkan\u0131 Yavuz \u00c7elik Karahan&#039;\u0131n ve IGMG Berlin B\u00f6lge Ba\u015fkan\u0131 Siyami \u00d6zt\u00fcrk&#039;\u00fcn elinden \u00f6d\u00fcllerini ald\u0131lar.<\/p>\n<p>G\u00fcn\u00fcn hatibi Yazar Mahmud Topba\u015f konu\u015fmas\u0131na, Mevlana&#039;n\u0131n &#8220;Benim peygamberi anlatmam i\u00e7in yerden g\u00f6\u011fe kadar uzanan bir a\u011fz\u0131m olmal\u0131&#8221;\u009d s\u00f6zleri ile ba\u015flad\u0131. Topba\u015f,&#8221;Rabbimiz bir ayetinde, habibim biz seni alemlere rahmet olarak g\u00f6nderdik diyor. Resullah (sav) rahmettir, Kur&#039;an ayetleride ya\u011fmur gibi rahmet olarak ya\u011fm\u0131\u015f. Ebubekir \u00fczerine de, Ebu Cehil&#039;in \u00fczerine de ya\u011fd\u0131. Ama Ebubekir de rahmete geli\u015fmeye sebeb oldu. Ebu Cehil&#039;e bu nasip olmad\u0131. Biz merhamet fedaileriyiz. Hi\u00e7 bir insan cehenneme gitmesin diye ko\u015fturuyoruz. Biz zalimi durdurmak mazlumun ac\u0131s\u0131n\u0131 dindirmekle g\u00f6revliyiz&#8221;\u009d \u015feklinde konu\u015ftu.<\/p>\n<p>Gecenin ikinci b\u00f6l\u00fcm\u00fcnde IGMG ilahi grubu sahne ald\u0131 birbirinden g\u00fczel ilahileri seslendirdiler. K\u00fc\u00e7\u00fck k\u0131z\u0131m\u0131z Aybike Deniz Peygamber Efendimizi anlatan bir \u015fiir okudu. &nbsp;<br \/>\nGecenin sonunda beklenen an geldi ve d\u00fcnyan\u0131n en g\u00fczel Kur&#039;an-\u0131 Kerim okuyan karileri \u0130ran&#039;dan Hasan Sadiki,T\u00fcrkiye&#039;den Fatih Collak ve G\u00fcney Afrika&#039;dan Abdurrahman Sadien izleyenleri Kur&#039;an sedas\u0131 ile \u00e7o\u015fturdu. Kabe \u00f6rt\u00fcs\u00fcn\u00fcn a\u00e7\u0131k art\u0131rma ile sat\u0131lmas\u0131ndan sonra IGMG Berlin B\u00f6lge \u0130r\u015fad Ba\u015fkan\u0131 Orhan Sar\u0131&#039;n\u0131n kapan\u0131\u015f duas\u0131 ile program sona erdi.(ik)<\/p>\n","protected":false},"excerpt":{"rendered":"<p>\u0130slam Toplumu Mill\u00ee G\u00f6r\u00fc\u015f Berlin B\u00f6lge Te\u015fkilat\u0131&#8217;n\u0131n d\u00fczenlemi\u015f oldu\u011fu &#8220;Alemlere Rahmet  Hz. Muhammed ve Maide-i Kur&#8217;an&#8221;\u009d program\u0131 Berlin&#8217;in en b\u00fcy\u00fck kapal\u0131 salonu olan  Tempodrom&#8217;da yap\u0131ld\u0131.<\/p>\n","protected":false},"author":1,"featured_media":0,"comment_status":"open","ping_status":"closed","sticky":false,"template":"","format":"standard","meta":{"ngg_post_thumbnail":0},"categories":[23238,24],"tags":[],"_links":{"self":[{"href":"https:\/\/www.igmg.org\/tr\/wp-json\/wp\/v2\/posts\/6993"}],"collection":[{"href":"https:\/\/www.igmg.org\/tr\/wp-json\/wp\/v2\/posts"}],"about":[{"href":"https:\/\/www.igmg.org\/tr\/wp-json\/wp\/v2\/types\/post"}],"author":[{"embeddable":true,"href":"https:\/\/www.igmg.org\/tr\/wp-json\/wp\/v2\/users\/1"}],"replies":[{"embeddable":true,"href":"https:\/\/www.igmg.org\/tr\/wp-json\/wp\/v2\/comments?post=6993"}],"version-history":[{"count":0,"href":"https:\/\/www.igmg.org\/tr\/wp-json\/wp\/v2\/posts\/6993\/revisions"}],"wp:attachment":[{"href":"https:\/\/www.igmg.org\/tr\/wp-json\/wp\/v2\/media?parent=6993"}],"wp:term":[{"taxonomy":"category","embeddable":true,"href":"https:\/\/www.igmg.org\/tr\/wp-json\/wp\/v2\/categories?post=6993"},{"taxonomy":"post_tag","embeddable":true,"href":"https:\/\/www.igmg.org\/tr\/wp-json\/wp\/v2\/tags?post=6993"}],"curies":[{"name":"wp","href":"https:\/\/api.w.org\/{rel}","templated":true}]}}