{"id":7011,"date":"2009-05-13T07:00:00","date_gmt":"2009-05-13T05:00:00","guid":{"rendered":"https:\/\/www.igmg.org\/?p=7011"},"modified":"2015-02-16T10:47:24","modified_gmt":"2015-02-16T09:47:24","slug":"alpes-gena%c2%a7lik-teaykilatae%c2%b1aenda-na%c2%b6bet-deaeyiayimi","status":"publish","type":"post","link":"https:\/\/www.igmg.org\/tr\/alpes-gena%c2%a7lik-teaykilatae%c2%b1aenda-na%c2%b6bet-deaeyiayimi\/","title":{"rendered":"Alpes Gen\u00e7lik Te\u015fkilat\u0131&#8217;nda n\u00f6bet de\u011fi\u015fimi"},"content":{"rendered":"<p>IGMG Gen\u00e7lik Te\u015fkilat\u0131 Te\u015fkilatlanma Ba\u015fkan\u0131 Bayram K\u0131l\u0131\u00e7 yapm\u0131\u015f oldu\u011fu a\u00e7\u0131klamada; &#8220;Bilindi\u011fi gibi 2005 y\u0131l\u0131ndan beri IGMG Alpes B\u00f6lgesi Gen\u00e7lik Te\u015fkilat\u0131 Ba\u015fkanl\u0131\u011f\u0131&#8217;n\u0131 y\u00fcr\u00fcten Ahmet \u015eahin karde\u015fimizin g\u00f6rev s\u00fcresi 2009 sonu itibariyle nihayete ermi\u015ftir. Bu s\u00fcre zarf\u0131nda hizmetlerini s\u00fcrd\u00fcren Ahmet \u015eahin&#8217;e te\u015fekk\u00fcrlerimizi sunuyoruz. Yine Alpes B\u00f6lgesi&#8217;ndeki karde\u015flerimizle yapm\u0131\u015f oldu\u011fumuz isti\u015fareler sonucunda O\u011fuz \u00d6ner karde\u015fimizin yeni Gen\u00e7lik Ba\u015fkan\u0131 olarak atanmas\u0131na karar verdik&#8221;\u009d dedi.<br \/>\n&nbsp;<br \/>\nAlpes B\u00f6lge Ba\u015fkan\u0131 Emir Demirba\u015f konu\u015fmas\u0131na \u015f\u00f6yle devam etti: &#8220;Genel merkezden gelen karde\u015flerimize te\u015fekk\u00fcr ediyorum&#8230; O\u011fuz karde\u015fimize te\u015fekk\u00fcr ediyor, cenab\u0131 mevlam bu yeni g\u00f6revinde kendisine yar ve yard\u0131mc\u0131 olmas\u0131 i\u00e7in dua ediyorum&#8230;Bu te\u015fkilat\u0131n neresinde olmam\u0131z gerekti\u011fi \u00f6nemli de\u011fil as\u0131l \u00f6nemli olan te\u015fkilat\u0131n i\u00e7inde olmam\u0131zd\u0131r. Rabbim g\u00f6revlerimizde yar ve yard\u0131mc\u0131m\u0131z olsun.&#8221;\u009d&nbsp;&nbsp;<br \/>\n&nbsp;<br \/>\nIGMG Alpes B\u00f6lgesi yeni Gen\u00e7lik Ba\u015fkan\u0131 O\u011fuz \u00d6ner ise yapt\u0131\u011f\u0131 konu\u015fmada; &#8220;B\u00f6lge Gen\u00e7lik Te\u015fkilat\u0131 Ba\u015fkanl\u0131\u011f\u0131 gibi onurlu ve me\u015fakkatli bir g\u00f6revi \u00fcstlenmenin bahtiyarl\u0131\u011f\u0131 i\u00e7erisindeyim. Bizden \u00f6nce g\u00f6rev yapan t\u00fcm karde\u015flerimize te\u015fekk\u00fcrlerimi sunuyorum. Devrald\u0131\u011f\u0131m\u0131z hizmet bayra\u011f\u0131n\u0131 her daim dalgaland\u0131rma noktas\u0131nda t\u00fcm gayretlerimizi ortaya koyaca\u011f\u0131ma s\u00f6z veriyorum&#8221;\u009d dedi. Alpes B\u00f6lgesi eski Gen\u00e7lik Ba\u015fkan\u0131 olan Ahmet \u015eahin de, \u015fube ba\u015fkanlar\u0131na bu zamana kadar kendisine g\u00f6stermi\u015f olduklar\u0131 desteklerinden dolay\u0131 te\u015fekk\u00fcr etti.(ik)<\/p>\n","protected":false},"excerpt":{"rendered":"<p>IGMG Alpes B\u00f6lgesi&#8217;nde b\u00f6lge gen\u00e7lik ba\u015fkan\u0131 se\u00e7imi yap\u0131ld\u0131. Yap\u0131lan isti\u015fareler sonucunda IGMG Gen\u00e7lik Te\u015fkilat\u0131 Te\u015fkilatlanma Ba\u015fkan\u0131 taraf\u0131ndan b\u00f6lge gen\u00e7lik ba\u015fkanl\u0131\u011f\u0131 g\u00f6revinin O\u011fuz \u00d6ner&#8217;e devredildi\u011fini a\u00e7\u0131klad\u0131.<\/p>\n","protected":false},"author":1,"featured_media":0,"comment_status":"open","ping_status":"closed","sticky":false,"template":"","format":"standard","meta":{"ngg_post_thumbnail":0},"categories":[23238,24,23259],"tags":[],"_links":{"self":[{"href":"https:\/\/www.igmg.org\/tr\/wp-json\/wp\/v2\/posts\/7011"}],"collection":[{"href":"https:\/\/www.igmg.org\/tr\/wp-json\/wp\/v2\/posts"}],"about":[{"href":"https:\/\/www.igmg.org\/tr\/wp-json\/wp\/v2\/types\/post"}],"author":[{"embeddable":true,"href":"https:\/\/www.igmg.org\/tr\/wp-json\/wp\/v2\/users\/1"}],"replies":[{"embeddable":true,"href":"https:\/\/www.igmg.org\/tr\/wp-json\/wp\/v2\/comments?post=7011"}],"version-history":[{"count":0,"href":"https:\/\/www.igmg.org\/tr\/wp-json\/wp\/v2\/posts\/7011\/revisions"}],"wp:attachment":[{"href":"https:\/\/www.igmg.org\/tr\/wp-json\/wp\/v2\/media?parent=7011"}],"wp:term":[{"taxonomy":"category","embeddable":true,"href":"https:\/\/www.igmg.org\/tr\/wp-json\/wp\/v2\/categories?post=7011"},{"taxonomy":"post_tag","embeddable":true,"href":"https:\/\/www.igmg.org\/tr\/wp-json\/wp\/v2\/tags?post=7011"}],"curies":[{"name":"wp","href":"https:\/\/api.w.org\/{rel}","templated":true}]}}