{"id":7078,"date":"2009-05-22T07:00:00","date_gmt":"2009-05-22T05:00:00","guid":{"rendered":"https:\/\/www.igmg.org\/?p=7078"},"modified":"2015-02-16T10:47:22","modified_gmt":"2015-02-16T09:47:22","slug":"alpesaede-kutlu-doaeyum","status":"publish","type":"post","link":"https:\/\/www.igmg.org\/tr\/alpesaede-kutlu-doaeyum\/","title":{"rendered":"Alpes&#8217;de Kutlu Do\u011fum"},"content":{"rendered":"<p>CIMG La Roche \u015fubesinin d\u00fczenledi\u011fi peygamberimizin do\u011fum g\u00fcn\u00fc etkinli\u011fi g\u00f6n\u00fcllere hitap etti. Kutlu Do\u011fum Haftas\u0131 etkinlikleri i\u00e7erisinde d\u00fczenlenen geceye Marmara \u00dcniversitesi \u0130lahiyat Fak\u00fcltesi&#8217;nden Prof.Dr. Nebi Bozkurt konu\u015fmac\u0131 olarak kat\u0131l\u0131rken, Grup Hilal ekibi, la Roche camisi \u00e7ocuk ilahi ekibi ve la Roche camisi \u00e7ocuk tiyatro ekibinin kat\u0131ld\u0131klar\u0131 program kat\u0131l\u0131mc\u0131lara unutulmaz bir g\u00fcn ya\u015fatt\u0131. <\/p>\n<p>Program La roche camii imam\u0131 Zihni Hoca taraf\u0131ndan okunan a\u00e7\u0131l\u0131\u015f Kur&#8217;an-\u0131 Kerim ile ba\u015flad\u0131. Selamlama konu\u015fmas\u0131 i\u00e7in kursiye gelen La Roche \u015fubesi ba\u015fkan\u0131 \u0130sa Erkan, yapt\u0131\u011f\u0131 konu\u015fma ile programa kat\u0131lan misafirlere te\u015fekk\u00fcrlerini sundu.<br \/>\n&nbsp;<br \/>\nArd\u0131ndan B\u00f6lge Te\u015fkilatlanma Ba\u015fkan\u0131 Yusuf \u00c7ak\u0131r konu\u015fmas\u0131nda, IGMG Te\u015fkilatlar\u0131 olarak Avrupaya g\u00f6c etmi\u015f t\u00fcm m\u00fcsl\u00fcmanlara hizmet verdiklerini ve bununlada kalmay\u0131p d\u00fcnyadaki b\u00fct\u00fcn mazlum ve ma\u011fdurlara uzanan dost el oldukar\u0131n\u0131 belirtti.,<br \/>\n&nbsp;<br \/>\nProf.Dr. Nebi Bozkurt, konu\u015fmas\u0131nda &#8220;Resulullah (s.a.v) Efendimiz alemlere rahmet olarak g\u00f6nderildi\u011fini ve b\u00fct\u00fcn peygamberlerin \u00f6nderi oldu\u011funu ifade etti ve&nbsp; &#8220;bizler Kuran-\u0131 Kerim&#8217;in hadislerin \u0131\u015f\u0131\u011f\u0131nda hayat\u0131m\u0131z\u0131 s\u00fcrd\u00fcrmeliyiz&#8221;\u009d \u015feklinde konu\u015ftu. &nbsp;<br \/>\n&nbsp;<br \/>\nCanl\u0131 performanslar\u0131yla gen\u00e7lerin g\u00f6nl\u00fcne taht kuran Grup Hilal en sevilen ezgileriyle programa renk katt\u0131. Program kat\u0131l\u0131mc\u0131lara hediyelerinin takdimin ile sona erdi.<\/p>\n","protected":false},"excerpt":{"rendered":"<p>CIMG Alpes-Islam Toplumu Milli G\u00f6r\u00fc\u015f Alpes B\u00f6lgesi La Roche \u015fubesinin organize etti\u011fi Kutlu do\u011fum program\u0131 cinema le park&#8217;da ger\u00e7ekle\u015ftirildi.<\/p>\n","protected":false},"author":1,"featured_media":0,"comment_status":"open","ping_status":"closed","sticky":false,"template":"","format":"standard","meta":{"ngg_post_thumbnail":0},"categories":[23238,24],"tags":[],"_links":{"self":[{"href":"https:\/\/www.igmg.org\/tr\/wp-json\/wp\/v2\/posts\/7078"}],"collection":[{"href":"https:\/\/www.igmg.org\/tr\/wp-json\/wp\/v2\/posts"}],"about":[{"href":"https:\/\/www.igmg.org\/tr\/wp-json\/wp\/v2\/types\/post"}],"author":[{"embeddable":true,"href":"https:\/\/www.igmg.org\/tr\/wp-json\/wp\/v2\/users\/1"}],"replies":[{"embeddable":true,"href":"https:\/\/www.igmg.org\/tr\/wp-json\/wp\/v2\/comments?post=7078"}],"version-history":[{"count":0,"href":"https:\/\/www.igmg.org\/tr\/wp-json\/wp\/v2\/posts\/7078\/revisions"}],"wp:attachment":[{"href":"https:\/\/www.igmg.org\/tr\/wp-json\/wp\/v2\/media?parent=7078"}],"wp:term":[{"taxonomy":"category","embeddable":true,"href":"https:\/\/www.igmg.org\/tr\/wp-json\/wp\/v2\/categories?post=7078"},{"taxonomy":"post_tag","embeddable":true,"href":"https:\/\/www.igmg.org\/tr\/wp-json\/wp\/v2\/tags?post=7078"}],"curies":[{"name":"wp","href":"https:\/\/api.w.org\/{rel}","templated":true}]}}