{"id":7082,"date":"2009-05-25T07:00:00","date_gmt":"2009-05-25T05:00:00","guid":{"rendered":"https:\/\/www.igmg.org\/?p=7082"},"modified":"2015-02-16T10:47:21","modified_gmt":"2015-02-16T09:47:21","slug":"a%e2%80%a1ocuklar-ezan-ve-hutbeaede-yarae%c2%b1aytae%c2%b1","status":"publish","type":"post","link":"https:\/\/www.igmg.org\/tr\/a%e2%80%a1ocuklar-ezan-ve-hutbeaede-yarae%c2%b1aytae%c2%b1\/","title":{"rendered":"\u00c7ocuklar Ezan ve Hutbe&#8217;de Yar\u0131\u015ft\u0131"},"content":{"rendered":"<p>Selimiye Camii&#8217;nde d\u00fczenlenen yar\u0131\u015fmaya 13 cemiyetten toplam 23 yar\u0131\u015fmac\u0131 kat\u0131ld\u0131. Ayasofya Camii \u0130mam-Hatibi Ahmed Damburac\u0131&#8217;n\u0131n sunuculu\u011funu yapt\u0131\u011f\u0131 yar\u0131\u015fmada j\u00fcri \u00fcyeleri, Salih G\u00fcl Hocan\u0131n ba\u015fkanl\u0131\u011f\u0131nda B\u00fcnyamin K\u0131l\u0131\u00e7arslan, Ahmed \u00c7\u00f6po\u011flu ve Akif \u00d6ng\u00f6ren Hocalardan olu\u015ftu.<\/p>\n<p>&#8220;\u0130stanbul&#8217;un Fethi&#8221;\u009d konusunun ele al\u0131nd\u0131\u011f\u0131 hutbe yar\u0131\u015fmas\u0131nda Amsterdam Cafer-i S\u00e2d\u0131k Camii&#8217;nden Ahmed Emin Batman birinci olurken, Beverwijk Fatih Camii&#8217;nden Cebrail G\u00fcm\u00fc\u015fta\u015f ikinci, Amsterdam Ayasofya Camii&#8217;nden Hasan Aksu \u00fc\u00e7\u00fcnc\u00fc oldu.<\/p>\n<p>Ezan yar\u0131\u015fmas\u0131ndaysa e\u015fit puan alarak birincili\u011fe iki yar\u0131\u015fmac\u0131 ortak oldu. Kur&#8217;a sonucunda Haarlem Fatih Camii&#8217;nden O\u011fulcan G\u00fcvenliksoy birinci, Amsterdam Ayasofya Camii&#8217;nden de Emrullah Tuncer ikinci olarak belirlendi. Ezan yar\u0131\u015fmas\u0131nda \u00fc\u00e7\u00fcnc\u00fcl\u00fc\u011f\u00fc ise Utrecht Mescid-i Aksa&#8217;dan \u015eehidcan Karada\u011f elde etti. Yar\u0131\u015fmada birinci olanlara 150,- avro \u00f6d\u00fcl verilirken, ikinci olanlara 120,- avro, \u00fc\u00e7\u00fcnc\u00fc olanlara da 100,- avro \u00f6d\u00fcl verildi. Dereceye giremeyen yar\u0131\u015fmac\u0131lara da k\u00fc\u00e7\u00fck de olsa te\u015fvik \u00f6d\u00fcl\u00fc verildi.<\/p>\n<p>Kuzey Hollanda Milli G\u00f6r\u00fc\u015f Federasyonu Ba\u015fkan\u0131 Ahmed Turan&#8217;\u0131n ve baz\u0131 y\u00f6netim kurulu \u00fcyelerinin haz\u0131r bulundu\u011fu yar\u0131\u015fmaya ba\u015fta Amsterdam&#8217;daki cemiyetlerden olmak \u00fczere \u00e7evre illerden de yo\u011fun ilgi vard\u0131. Yar\u0131\u015fman\u0131n sonunda misafirlere yemek ikram\u0131nda bulunuldu.<\/p>\n","protected":false},"excerpt":{"rendered":"<p>Kuzey Hollanda Milli G\u00f6r\u00fc\u015f Federasyonu \u0130r\u015fad Ba\u015fkanl\u0131\u011f\u0131&#8217;n\u0131n Pazar g\u00fcn\u00fc Hollanda&#8217;n\u0131n ba\u015fkenti Amsterdam&#8217;da 7-15 ya\u015f grubu i\u00e7in d\u00fczenledi\u011fi Ezan ve Hutbe Yar\u0131\u015fmas\u0131 olduk\u00e7a heyecanl\u0131 ge\u00e7ti.<\/p>\n","protected":false},"author":1,"featured_media":0,"comment_status":"open","ping_status":"closed","sticky":false,"template":"","format":"standard","meta":{"ngg_post_thumbnail":0},"categories":[23238,24],"tags":[],"_links":{"self":[{"href":"https:\/\/www.igmg.org\/tr\/wp-json\/wp\/v2\/posts\/7082"}],"collection":[{"href":"https:\/\/www.igmg.org\/tr\/wp-json\/wp\/v2\/posts"}],"about":[{"href":"https:\/\/www.igmg.org\/tr\/wp-json\/wp\/v2\/types\/post"}],"author":[{"embeddable":true,"href":"https:\/\/www.igmg.org\/tr\/wp-json\/wp\/v2\/users\/1"}],"replies":[{"embeddable":true,"href":"https:\/\/www.igmg.org\/tr\/wp-json\/wp\/v2\/comments?post=7082"}],"version-history":[{"count":0,"href":"https:\/\/www.igmg.org\/tr\/wp-json\/wp\/v2\/posts\/7082\/revisions"}],"wp:attachment":[{"href":"https:\/\/www.igmg.org\/tr\/wp-json\/wp\/v2\/media?parent=7082"}],"wp:term":[{"taxonomy":"category","embeddable":true,"href":"https:\/\/www.igmg.org\/tr\/wp-json\/wp\/v2\/categories?post=7082"},{"taxonomy":"post_tag","embeddable":true,"href":"https:\/\/www.igmg.org\/tr\/wp-json\/wp\/v2\/tags?post=7082"}],"curies":[{"name":"wp","href":"https:\/\/api.w.org\/{rel}","templated":true}]}}