{"id":7101,"date":"2009-05-28T07:00:00","date_gmt":"2009-05-28T05:00:00","guid":{"rendered":"https:\/\/www.igmg.org\/?p=7101"},"modified":"2015-02-16T10:47:21","modified_gmt":"2015-02-16T09:47:21","slug":"berlin-ba%c2%b6lge-gena%c2%a7liaeyinden-haberler","status":"publish","type":"post","link":"https:\/\/www.igmg.org\/tr\/berlin-ba%c2%b6lge-gena%c2%a7liaeyinden-haberler\/","title":{"rendered":"Berlin B\u00f6lge Gen\u00e7li\u011finden Haberler"},"content":{"rendered":"<p>K\u0131sa ad\u0131 GIES olan Geni\u015fletilmi\u015f \u0130dareciler E\u011fitim Semineri, Jugendherberge de yap\u0131ld\u0131. Yat\u0131l\u0131 toplant\u0131ya T\u00fcrkiye&#8217;den Mehmet Nezir G\u00fcl kat\u0131larak cihad konulu bir seminer verdi. Gen\u00e7ler daha sonra k\u00fclt\u00fcrel ve sportif faaliyetlerde bulundular. Verimli ge\u00e7en yat\u0131l\u0131 seminerde \u00e7e\u015fitli b\u00f6lgelerden kat\u0131lan idareciler birbirleri ile&nbsp; fikir al\u0131\u015fveri\u015finde bulundular.<\/p>\n<p><b>Fatih Gen\u00e7li\u011finde N\u00f6bet De\u011fi\u015fimi<\/b><\/p>\n<p><b><\/b><br \/>\nIGMG Berlin B\u00f6lge Gen\u00e7lik Ba\u015fkan\u0131 Said Jurnal, Fatih Gen\u00e7li\u011fimizde n\u00f6bet de\u011fi\u015fimi yaparak gen\u00e7lik ba\u015fkanl\u0131\u011f\u0131 g\u00f6revine Cihat G\u00fcltekin&#8217;i getirdi. Berlin B\u00f6lge Gen\u00e7lik Ba\u015fkan\u0131 Said Jurnal, eski Fatih Camii Gen\u00e7lik Ba\u015fkan\u0131 Kerem Karaman\u00c2\u00b4a&nbsp; yapm\u0131\u015f oldu\u011fu hizmetinden dolay plaket verdi.<\/p>\n<p><b>Berlin B\u00f6lge Gen\u00e7lik Ba\u015fkanlar\u0131 Topland\u0131<\/b><\/p>\n<p><b><\/b><br \/>\nBERLIN\/ IGMG Berlin B\u00f6lge Gen\u00e7lik Ba\u015fkanlar\u0131 Berlin B\u00f6lge Merkez Salonu&#8217;nda bir araya geldiler. Berlin B\u00f6lge Gen\u00e7lik Ba\u015fkan\u0131 Said Jurnal ba\u015fkanl\u0131\u011f\u0131nda bir araya gelen gen\u00e7lik ba\u015fkanlar\u0131, son 3 ay i\u00e7inde yapm\u0131\u015f olduklar\u0131&nbsp; faaliyetleri g\u00f6zden ge\u00e7irdiler. Gen\u00e7lik Ba\u015fkan\u0131&nbsp;Said Jurnal, Berlin&#8217;deki gen\u00e7lere ula\u015fmak i\u00e7in gen\u00e7lik ba\u015fkanlar\u0131ndan daha gayretli olmalar\u0131n\u0131 istedi.<\/p>\n","protected":false},"excerpt":{"rendered":"<p>Berlin&#8217;de GIES Toplant\u0131s\u0131: Islam Toplumu Milli G\u00f6r\u00fc\u015f Berlin B\u00f6lge Gen\u00e7li\u011fi, Hamburg Gen\u00e7li\u011fi, Bremen Gen\u00e7li\u011fi ve Hannover Gen\u00e7li\u011fi Berlin de bulu\u015ftular.<\/p>\n","protected":false},"author":1,"featured_media":0,"comment_status":"open","ping_status":"closed","sticky":false,"template":"","format":"standard","meta":{"ngg_post_thumbnail":0},"categories":[23238,24,23259],"tags":[],"_links":{"self":[{"href":"https:\/\/www.igmg.org\/tr\/wp-json\/wp\/v2\/posts\/7101"}],"collection":[{"href":"https:\/\/www.igmg.org\/tr\/wp-json\/wp\/v2\/posts"}],"about":[{"href":"https:\/\/www.igmg.org\/tr\/wp-json\/wp\/v2\/types\/post"}],"author":[{"embeddable":true,"href":"https:\/\/www.igmg.org\/tr\/wp-json\/wp\/v2\/users\/1"}],"replies":[{"embeddable":true,"href":"https:\/\/www.igmg.org\/tr\/wp-json\/wp\/v2\/comments?post=7101"}],"version-history":[{"count":0,"href":"https:\/\/www.igmg.org\/tr\/wp-json\/wp\/v2\/posts\/7101\/revisions"}],"wp:attachment":[{"href":"https:\/\/www.igmg.org\/tr\/wp-json\/wp\/v2\/media?parent=7101"}],"wp:term":[{"taxonomy":"category","embeddable":true,"href":"https:\/\/www.igmg.org\/tr\/wp-json\/wp\/v2\/categories?post=7101"},{"taxonomy":"post_tag","embeddable":true,"href":"https:\/\/www.igmg.org\/tr\/wp-json\/wp\/v2\/tags?post=7101"}],"curies":[{"name":"wp","href":"https:\/\/api.w.org\/{rel}","templated":true}]}}