{"id":7170,"date":"2009-06-05T14:00:00","date_gmt":"2009-06-05T12:00:00","guid":{"rendered":"https:\/\/www.igmg.org\/?p=7170"},"modified":"2015-02-16T10:47:19","modified_gmt":"2015-02-16T09:47:19","slug":"panel-aeslamaeda-kadae%c2%b1n-giyimi","status":"publish","type":"post","link":"https:\/\/www.igmg.org\/tr\/panel-aeslamaeda-kadae%c2%b1n-giyimi\/","title":{"rendered":"Panel: \u0130slam&#8217;da kad\u0131n giyimi"},"content":{"rendered":"<p>Programa kat\u0131lan yakla\u015f\u0131k 750 misafire giri\u015fte karanfil ve hurma ikram edildi. Karanfil, k\u0131yafeti nedeniyle devlet taraf\u0131ndan e\u011fitim imk\u00e2nlar\u0131ndan mahrum b\u0131rak\u0131lan M\u00fcsl\u00fcman kad\u0131n\u0131 sembolize ediyordu.<\/p>\n<p>Seher ve Selda Korkmaz taraf\u0131ndan sunulan program Kad\u0131n Kollar\u0131 Gen\u00e7lik Komisyonu Ba\u015fkan\u0131 Elif Mara\u015f ve Kad\u0131n Kollar\u0131 Ba\u015fkan\u0131 Cahide Y\u0131lmaz&#8217;\u0131n yapt\u0131klar\u0131 a\u00e7\u0131l\u0131\u015f konu\u015fmalar\u0131 ile ba\u015flad\u0131. Elif Mara\u015f yapt\u0131\u011f\u0131 a\u00e7\u0131l\u0131\u015f konu\u015fmas\u0131nda kad\u0131n\u0131n de\u011ferine dikkatleri \u00e7ekerek, kad\u0131n\u0131n di\u015fili\u011fi de\u011fil ki\u015fili\u011finin \u00f6n planda olmas\u0131 gerekti\u011fini s\u00f6yledi ve ancak bu \u015fekilde \u00f6nemli katk\u0131lar\u0131n sa\u011flanabilece\u011fini belirtti.<\/p>\n<p>IGMG Kad\u0131n Kollar\u0131 Gen\u00e7lik Ba\u015fkan\u0131 ve e\u011fitimci Nurcan Ulup\u0131nar, Fransa&#8217;dan e\u011fitimci Hatice \u015eahin ve T\u00fcrkiye&#8217;den yazar Nuray Canan Bezirgan&#8217;\u0131n konu\u015fmac\u0131 olarak kat\u0131ld\u0131\u011f\u0131 panelde de kad\u0131n\u0131n \u00f6nemi \u00fczerine tart\u0131\u015f\u0131ld\u0131. Ulup\u0131nar ve \u015eahin M\u00fcsl\u00fcman kad\u0131n\u0131n toplum i\u00e7erisindeki rol\u00fcne dikkatleri \u00e7ekerek, M\u00fcsl\u00fcman kimli\u011finin korunmas\u0131n\u0131n gereklili\u011fini vurgulad\u0131lar.<\/p>\n<p>Panel, hayat\u0131n\u0131n en zor d\u00f6nemlerinde metanetli duru\u015fuyla M\u00fcsl\u00fcman bayanlara \u00f6rnek te\u015fkil eden Nuray Canan Bezirgan&#8217;\u0131n hikayesini anlatt\u0131\u011f\u0131 konu\u015fmas\u0131yla zirveye ula\u015ft\u0131. Bezirgan ba\u015f\u00f6rt\u00fcs\u00fc nedeniyle defalarca sorguya \u00e7ekilmesi ve ard\u0131ndan da hakk\u0131nda dava a\u00e7\u0131lmas\u0131yla T\u00fcrkiye&#8217;deki \u00fcniversite ser\u00fcvenini bitirmek durumunda kald\u0131\u011f\u0131n\u0131, k\u0131yafeti nedeniyle maruz kald\u0131\u011f\u0131 sorgulamalar\u0131n bir sorgulama esnas\u0131nda bayg\u0131nl\u0131k ge\u00e7irmesi ve bununla birlikte \u00e7ocu\u011funu kaybetmesiyle sona erdi\u011fini anlatt\u0131. Daha sonra Kanada&#8217;ya g\u00f6\u00e7 etmesi ve oran\u0131n vatanda\u015fl\u0131\u011f\u0131n\u0131 almas\u0131 kendisine yeni kap\u0131lar a\u00e7\u0131ld\u0131\u011f\u0131n\u0131 belirtti. Bezirgan bug\u00fcn de insan haklar\u0131 \u00fczerine \u00e7e\u015fitli projelerde \u00e7al\u0131\u015fmalar yap\u0131yor.<\/p>\n<p>Program esnas\u0131nda ayr\u0131ca \u0130slami k\u0131yafetleri dola<span lang=\"TR\">y\u0131s\u0131yla kar\u015f\u0131la\u015ft\u0131klar\u0131 d\u0131\u015flamalara  <\/span>ra\u011fmen ba\u015far\u0131l\u0131 bir i\u015f hayat\u0131na kavu\u015fan M\u00fcsl\u00fcman kad\u0131nlar  tan\u0131t\u0131ld\u0131. 60&#8217;l\u0131 y\u0131llarda T\u00fcrkiye&#8217;de ba\u015f\u00f6rt\u00fcs\u00fcyle birlikte topluma aktif bir \u015fekilde dahil olmay\u0131 ba\u015faran \u015eule Y\u00fcksel \u015eenler ile yap\u0131lan canl\u0131 ba\u011flant\u0131, panele kat\u0131lan gen\u00e7 bayanlar i\u00e7in b\u00fcy\u00fck bir motivasyon vesilesi oldu.<\/p>\n<p>Program\u0131n sonunda \u00f6d\u00fcl t\u00f6reni yap\u0131ld\u0131. Giyim \u00fczerine yap\u0131lan yar\u0131\u015fman\u0131n \u00f6d\u00fcl\u00fcn\u00fc Bestwig&#8217;den Fatma Ege kazand\u0131. Elle dikilen elbise a\u00e7\u0131k art\u0131rma ile 400 Euro&#8217;ya al\u0131c\u0131 buldu. Elde edilen mebla\u011f\u0131n ihtiya\u00e7 sahiplerine ula\u015ft\u0131r\u0131laca\u011f\u0131 belirtildi.<\/p>\n<p>Resim yar\u0131\u015fmas\u0131n\u0131n ilk \u00f6d\u00fcl\u00fc Dortmund&#8217;dan Z\u00fcleyha \u0130ren&#8217;e, ikinci \u00f6d\u00fcl yine Dortmund&#8217;dan Fatma Ocakdan&#8217;a verildi. Resim yar\u0131\u015fmas\u0131n\u0131n konusu \u0130slami giyim kurallar\u0131n\u0131n \u00f6neminin resimlerde ifadesini bulmas\u0131yd\u0131.<\/p>\n<p>Program, gen\u00e7lik komisyonunun bundan sonra da yine farkl\u0131 projelerle gen\u00e7lere hitap edece\u011fini duyurmas\u0131yla sona erdi. (ya)<\/p>\n","protected":false},"excerpt":{"rendered":"<p>IGMG Ruhr A B\u00f6lgesi Kad\u0131n Kollar\u0131 Gen\u00e7lik Komisyonu 17 May\u0131s g\u00fcn\u00fc Dortmund \u015fehrinde &#8220;\u0130slam&#8217;da kad\u0131n giyimi&#8221;\u009d konulu bir panel d\u00fczenledi<\/p>\n","protected":false},"author":1,"featured_media":0,"comment_status":"open","ping_status":"closed","sticky":false,"template":"","format":"standard","meta":{"ngg_post_thumbnail":0},"categories":[23238,24],"tags":[],"_links":{"self":[{"href":"https:\/\/www.igmg.org\/tr\/wp-json\/wp\/v2\/posts\/7170"}],"collection":[{"href":"https:\/\/www.igmg.org\/tr\/wp-json\/wp\/v2\/posts"}],"about":[{"href":"https:\/\/www.igmg.org\/tr\/wp-json\/wp\/v2\/types\/post"}],"author":[{"embeddable":true,"href":"https:\/\/www.igmg.org\/tr\/wp-json\/wp\/v2\/users\/1"}],"replies":[{"embeddable":true,"href":"https:\/\/www.igmg.org\/tr\/wp-json\/wp\/v2\/comments?post=7170"}],"version-history":[{"count":0,"href":"https:\/\/www.igmg.org\/tr\/wp-json\/wp\/v2\/posts\/7170\/revisions"}],"wp:attachment":[{"href":"https:\/\/www.igmg.org\/tr\/wp-json\/wp\/v2\/media?parent=7170"}],"wp:term":[{"taxonomy":"category","embeddable":true,"href":"https:\/\/www.igmg.org\/tr\/wp-json\/wp\/v2\/categories?post=7170"},{"taxonomy":"post_tag","embeddable":true,"href":"https:\/\/www.igmg.org\/tr\/wp-json\/wp\/v2\/tags?post=7170"}],"curies":[{"name":"wp","href":"https:\/\/api.w.org\/{rel}","templated":true}]}}