{"id":7301,"date":"2009-06-30T10:00:00","date_gmt":"2009-06-30T08:00:00","guid":{"rendered":"https:\/\/www.igmg.org\/?p=7301"},"modified":"2015-02-16T10:47:16","modified_gmt":"2015-02-16T09:47:16","slug":"laleler-a%c2%bclkesinde-maide-i-kuraean","status":"publish","type":"post","link":"https:\/\/www.igmg.org\/tr\/laleler-a%c2%bclkesinde-maide-i-kuraean\/","title":{"rendered":"Laleler \u00fclkesinde Maide-i Kur&#8217;an"},"content":{"rendered":"<p>Yakla\u015f\u0131k 2 bin ki\u015finin kat\u0131ld\u0131\u011f\u0131 programda Federasyon Ba\u015fkan\u0131 Ahmed Duran&#8217;\u0131n yapt\u0131\u011f\u0131 Kur&#8217;an&#8217;\u0131n \u00f6nemine dair a\u00e7\u0131l\u0131\u015f konu\u015fmas\u0131 sonras\u0131nda Hollanda \u0130slam Federasyonu Ba\u015fkan\u0131 Mehmet Yaram\u0131\u015f selamlama konu\u015fmas\u0131 yapt\u0131. Yaram\u0131\u015f konu\u015fmas\u0131nda Avrupa Parlamentosu se\u00e7imlerinin \u00f6nemine vurgu yapt\u0131. \u0130slam Toplumu Milli G\u00f6r\u00fc\u015f Genel Merkezi&#8217;nden temsilci olarak kat\u0131lan Fetva Kurulu Ba\u015fkan\u0131 ve MKYK \u00fcyesi Hulusi \u00dcnye ise Kur&#8217;an&#8217;\u0131n hayat\u0131m\u0131zdaki \u00f6nemine de\u011finerek bu t\u00fcr organizasyonlar\u0131 yapanlar\u0131 tebrik etti. <\/p>\n<p>Programa yurtd\u0131\u015f\u0131ndan gelerek kat\u0131lan Kurra Haf\u0131zlar ve \u0130lahiyat\u00e7\u0131-Yazar Mahmut Topta\u015f Hocaefendi b\u00fcy\u00fck ilgi toplad\u0131. K\u00fcrs\u00fcye gelen Topta\u015f, yapt\u0131\u011f\u0131 etkili de\u011ferlendirmelerde \u015funlara temas etti. &#8220;D\u00fcnyan\u0131n en zor sorusu -Allah ka\u00e7t\u0131r?- sorusudur. \u00c7\u00fcnk\u00fc kimisi &#8216;\u00fc\u00e7t\u00fcr&#8217; der kimisi &#8216;hi\u00e7&#8217;tir der. Bunlar\u0131n kimisi devlet ba\u015fkan\u0131d\u0131r, kimisi profes\u00f6rd\u00fcr. Ama siz do\u011fru cevab\u0131 biliyorsunuz Ak\u0131ls\u0131z olduklar\u0131ndan m\u0131 yanl\u0131\u015f cevab\u0131 veriyorlar? Hay\u0131r. Ger\u00e7ek hayat\u0131n dengesini bulacak \u00f6l\u00e7\u00fcy\u00fc kaybetmi\u015flerdir de ondan. Ger\u00e7ek \u00f6l\u00e7\u00fc de Kur&#8217;an-\u0131 Kerim&#8217;dir&#8230;\u0130nsan\u0131n Kur&#8217;an\u0131 seviyor olmas\u0131 yetmez. Sevginin, bilgi ve davran\u0131\u015fa d\u00f6n\u00fc\u015fmesi laz\u0131m&#8230;D\u00fcnyada ekonomik krizden \u00e7ok dini anlay\u0131\u015f krizi vard\u0131r. Bu kriz ekonomiye yans\u0131yor.&#8221;\u009d<\/p>\n<p>Mahmut Topta\u015f&#8217;\u0131n ard\u0131ndan sanat\u00e7\u0131 Hasan Dursun sahne ald\u0131. Seyircileri g\u00fczel sesiyle co\u015fturan sanat\u00e7\u0131n\u0131n ard\u0131ndan Kurra Haf\u0131zlardan \u00f6ncelikle Irakl\u0131 Ali Cevad k\u00fcrs\u00fcye geldi. Ard\u0131ndan \u0130ran&#8217;dan gelen D\u00fcnya Kur&#8217;an-\u0131 Kerim Tilavet birincisi Ahmed Ebu&#8217;l Kas\u0131mi en son olarak da Ankara Hac\u0131 Bayram-\u0131 Veli Camii eski \u0130mam-Hatibi Abd\u00fclkadir \u015eehido\u011flu sahne alarak g\u00fczel sesleriyle Kur&#8217;an-\u0131 Kerim okudular. Ayr\u0131ca, \u0130ranl\u0131 karinin dinleyicilere T\u00fcrk\u00e7e olarak &#8220;Ey M\u00fcsl\u00fcman T\u00fcrkler! Biz sizi \u00e7ok seviyoruz, \u00e7\u00fcnk\u00fc siz \u0130slam&#8217;\u0131 ve Kur&#8217;an&#8217;\u0131 seviyorsunuz&#8221;\u009d \u015feklinde hitap etmesi kat\u0131l\u0131mc\u0131lardan b\u00fcy\u00fck alk\u0131\u015f ald\u0131. Karilerin k\u0131raat\u0131n\u0131n ard\u0131ndan kat\u0131l\u0131mc\u0131lara \u00e7i\u00e7ek takdim edildi. <\/p>\n<p>Dinleyiciler ise program hakk\u0131nda &#8220;Salon g\u00fczel se\u00e7ilmi\u015f, kat\u0131l\u0131m \u00e7ok iyi, organizasyon ise teknik ekibi, kad\u0131n olsun erkek olsun g\u00f6revlileri profesyonelce \u00e7al\u0131\u015ft\u0131lar. B\u00fct\u00fcn eme\u011fi ge\u00e7enlere te\u015fekk\u00fcr ederiz&#8221;\u009d \u015feklinde de\u011ferlendirmelerde bulundular.<\/p>\n","protected":false},"excerpt":{"rendered":"<p>Kuzey Hollanda \u0130slam Toplumu Mill\u00ee G\u00f6r\u00fc\u015f Federasyonu&#8217;nun Amsterdam Zuid Hal&#8217;da \u00fc\u00e7\u00fcnc\u00fcs\u00fcn\u00fc d\u00fczenlemi\u015f oldu\u011fu Maide-i Kur&#8217;an program\u0131 muhte\u015fem oldu.<\/p>\n","protected":false},"author":1,"featured_media":0,"comment_status":"open","ping_status":"closed","sticky":false,"template":"","format":"standard","meta":{"ngg_post_thumbnail":0},"categories":[23238,24],"tags":[],"_links":{"self":[{"href":"https:\/\/www.igmg.org\/tr\/wp-json\/wp\/v2\/posts\/7301"}],"collection":[{"href":"https:\/\/www.igmg.org\/tr\/wp-json\/wp\/v2\/posts"}],"about":[{"href":"https:\/\/www.igmg.org\/tr\/wp-json\/wp\/v2\/types\/post"}],"author":[{"embeddable":true,"href":"https:\/\/www.igmg.org\/tr\/wp-json\/wp\/v2\/users\/1"}],"replies":[{"embeddable":true,"href":"https:\/\/www.igmg.org\/tr\/wp-json\/wp\/v2\/comments?post=7301"}],"version-history":[{"count":0,"href":"https:\/\/www.igmg.org\/tr\/wp-json\/wp\/v2\/posts\/7301\/revisions"}],"wp:attachment":[{"href":"https:\/\/www.igmg.org\/tr\/wp-json\/wp\/v2\/media?parent=7301"}],"wp:term":[{"taxonomy":"category","embeddable":true,"href":"https:\/\/www.igmg.org\/tr\/wp-json\/wp\/v2\/categories?post=7301"},{"taxonomy":"post_tag","embeddable":true,"href":"https:\/\/www.igmg.org\/tr\/wp-json\/wp\/v2\/tags?post=7301"}],"curies":[{"name":"wp","href":"https:\/\/api.w.org\/{rel}","templated":true}]}}