{"id":7353,"date":"2009-07-08T10:00:00","date_gmt":"2009-07-08T08:00:00","guid":{"rendered":"https:\/\/www.igmg.org\/?p=7353"},"modified":"2015-02-16T10:47:15","modified_gmt":"2015-02-16T09:47:15","slug":"werdohlda-aileler-ga%c2%bcna%c2%bc-ve-karne-ta%c2%b6reni","status":"publish","type":"post","link":"https:\/\/www.igmg.org\/tr\/werdohlda-aileler-ga%c2%bcna%c2%bc-ve-karne-ta%c2%b6reni\/","title":{"rendered":"Werdohlda Aileler G\u00fcn\u00fc ve Karne T\u00f6reni"},"content":{"rendered":"<p>Yakla\u015f\u0131k 350 ki\u015finin kat\u0131l\u0131m\u0131yla ger\u00e7ekle\u015fen bu g\u00fczel ve anlaml\u0131 program Kur&#8217;an-\u0131 Kerim okunu\u015fu&nbsp; ile ba\u015flad\u0131. Daha sonra bir selamlama ve ho\u015f geldiniz konu\u015fmas\u0131 yapan Werdohl Fatih Camii \u0130mam Hatibi \u0130lhami Ocak bu programlar\u0131n tan\u0131\u015fma, kayna\u015fma ve dayan\u0131\u015fma a\u00e7\u0131s\u0131ndan \u00f6nemli oldu\u011funu vurgulad\u0131 ve \u00e7ocuklar\u0131n\u0131n e\u011fitimi i\u00e7in duyarl\u0131 olan velilere te\u015fekk\u00fcr ederken t\u00fcm kat\u0131lanlara &#8220;ho\u015f geldiniz&#8221;\u009d dedi.<br \/>\n&nbsp;<br \/>\nCamiyet Ba\u015fkan\u0131 \u015e\u00fckr\u00fc \u015eeng\u00fcl ise yapt\u0131\u011f\u0131 selamlama ve a\u00e7\u0131l\u0131\u015f konusmas\u0131nda herkese kat\u0131l\u0131m\u0131ndan dolay\u0131 te\u015fekk\u00fcr etti ve program\u0131n hay\u0131rl\u0131 olmas\u0131n\u0131 dileyerek duyarl\u0131 velilere \u00f6zellikle te\u015fekk\u00fcr etti. Programda cemiyette \u00f6\u011frenim g\u00f6ren \u00f6\u011frenciler hadis, \u015fiir ve Kur&#8217;an-\u0131 Kerimler okuyarak&nbsp; bu anlaml\u0131 g\u00fcne ayr\u0131 bir renk katt\u0131lar. Cemiyet b\u00fcnyesinde \u00f6\u011frenim g\u00f6ren 120 \u00f6grenciye d\u00fczenlenen karne t\u00f6reninde karneleri verildi. Daha sonra program\u0131n e\u011flence ve spor b\u00f6l\u00fcm\u00fcnde g\u00fcre\u015f, futbol ve voleybol turnuvalar\u0131&nbsp; yap\u0131ld\u0131. G\u00fcn\u00fcn ge\u00e7 vakitlerine kadar kar\u015f\u0131l\u0131kl\u0131 sohbet ve muhabbetle devam eden program, \u00f6grencilere ve velilere y\u00f6nelik verilen&nbsp; mangal ziyafeti ile son buldu.<\/p>\n","protected":false},"excerpt":{"rendered":"<p>IGMG Ruhr A B\u00f6lgesi Werdohl Fatih Camii Egitim komisyonunun haz\u0131rlad\u0131\u011f\u0131 Aileleler G\u00fcn\u00fc ve Karne T\u00f6reni muhte\u015femdi.<\/p>\n","protected":false},"author":1,"featured_media":0,"comment_status":"open","ping_status":"closed","sticky":false,"template":"","format":"standard","meta":{"ngg_post_thumbnail":0},"categories":[23238,24],"tags":[],"_links":{"self":[{"href":"https:\/\/www.igmg.org\/tr\/wp-json\/wp\/v2\/posts\/7353"}],"collection":[{"href":"https:\/\/www.igmg.org\/tr\/wp-json\/wp\/v2\/posts"}],"about":[{"href":"https:\/\/www.igmg.org\/tr\/wp-json\/wp\/v2\/types\/post"}],"author":[{"embeddable":true,"href":"https:\/\/www.igmg.org\/tr\/wp-json\/wp\/v2\/users\/1"}],"replies":[{"embeddable":true,"href":"https:\/\/www.igmg.org\/tr\/wp-json\/wp\/v2\/comments?post=7353"}],"version-history":[{"count":0,"href":"https:\/\/www.igmg.org\/tr\/wp-json\/wp\/v2\/posts\/7353\/revisions"}],"wp:attachment":[{"href":"https:\/\/www.igmg.org\/tr\/wp-json\/wp\/v2\/media?parent=7353"}],"wp:term":[{"taxonomy":"category","embeddable":true,"href":"https:\/\/www.igmg.org\/tr\/wp-json\/wp\/v2\/categories?post=7353"},{"taxonomy":"post_tag","embeddable":true,"href":"https:\/\/www.igmg.org\/tr\/wp-json\/wp\/v2\/tags?post=7353"}],"curies":[{"name":"wp","href":"https:\/\/api.w.org\/{rel}","templated":true}]}}