{"id":7513,"date":"2009-08-03T10:00:00","date_gmt":"2009-08-03T08:00:00","guid":{"rendered":"https:\/\/www.igmg.org\/?p=7513"},"modified":"2015-02-16T10:47:12","modified_gmt":"2015-02-16T09:47:12","slug":"iserlohn-azubesinde-karne-sevinci","status":"publish","type":"post","link":"https:\/\/www.igmg.org\/tr\/iserlohn-azubesinde-karne-sevinci\/","title":{"rendered":"Iserlohn \u015eubesi&#8217;nde karne sevinci"},"content":{"rendered":"<p>75 k\u0131z ve erkek \u00f6\u011frencinin \u00f6\u011frenim g\u00f6rd\u00fc\u011f\u00fc 2008-2009 e\u011fitim y\u0131l\u0131 i\u00e7erisinde ba\u015far\u0131l\u0131 bir e\u011fitim performans\u0131 sergileyen Iserlohn \u015eubesi, gerek \u00f6\u011frencilerin ve gerekse velilerin takdirini toplad\u0131.<\/p>\n<p>Iserlohn Saalbau salonunda d\u00fczenlenen karne t\u00f6reni okunan Kur&#8217;an-\u0131 Kerim ile ba\u015flad\u0131. Yap\u0131lan selamlama ve ho\u015f geldiniz konu\u015fmalar\u0131n\u0131n ard\u0131ndan, cemiyet \u00f6\u011frencileri okuduklar\u0131 Kur&#8217;an-\u0131 Kerim, ilahi, \u015fiir ve mar\u015flarla program\u0131 renklendirip, e\u011fitim programlar\u0131nda &nbsp;\u00f6\u011frendiklerini sergilediler.<\/p>\n<p>Program\u0131n sonunda e\u011fitimcilerinden karne ve ba\u015far\u0131 belgelerini alan \u00f6\u011frenciler \u00e7ok heyacanl\u0131 ve bir o kadarda sevin\u00e7liydiler.<\/p>\n<p>Cemiyet \u0130mam-Hatibi H\u00fcseyin Bazan ve cemiyet e\u011fitim ba\u015fkan\u0131 Ramazan Can, &#8220;\u00d6\u011frencilerimiz bir y\u0131l boyunca yo\u011fun bir \u00f6\u011frenim g\u00f6rd\u00fcler. Cemiyetimizde verdi\u011fimiz e\u011fitim son derece verimli ve ba\u015far\u0131l\u0131yd\u0131. Bu d\u00fczenlenen pogramla \u00f6\u011frencilerimizin ba\u015far\u0131lar\u0131n\u0131 g\u00f6steren karnelerini ve ba\u015far\u0131 belgelerini kendilerine verdik. \u0130\u00e7erisinde ya\u015fad\u0131\u011f\u0131m\u0131z toplumla i\u00e7 i\u00e7e uyum i\u00e7erisinde ya\u015farken, ayn\u0131 zamandada milli ve manevi de\u011ferlerimizi yavrular\u0131m\u0131za \u00f6\u011fretmeye \u00e7al\u0131\u015ft\u0131k. Sizlerin arac\u0131l\u0131\u011f\u0131 ile \u00e7ocuklar\u0131n\u0131n e\u011fitim ve \u00f6\u011frenimi i\u00e7in duyarl\u0131 davranan ebeveyinlere buradan te\u015fekk\u00fcr etmek istiyoruz \u015feklinde&quot;&nbsp; konu\u015ftular.<\/p>\n","protected":false},"excerpt":{"rendered":"<p>IGMG Ruhr A B\u00f6lgesi&#8217;ne ba\u011fl\u0131 olarak faaliyetlerini s\u00fcrd\u00fcren ve hizmette s\u0131n\u0131r tan\u0131mayan IGMG Iserlohn \u015eubesi 2008-2009 e\u011fitim y\u0131l\u0131n\u0131n sona ermesi nedeni ile cemiyet b\u00fcnyesinde \u00f6\u011frenim g\u00f6ren \u00f6\u011frencilere i\u00e7in bir karne t\u00f6reni d\u00fczenledi.<\/p>\n","protected":false},"author":1,"featured_media":0,"comment_status":"open","ping_status":"closed","sticky":false,"template":"","format":"standard","meta":{"ngg_post_thumbnail":0},"categories":[23238,24],"tags":[],"_links":{"self":[{"href":"https:\/\/www.igmg.org\/tr\/wp-json\/wp\/v2\/posts\/7513"}],"collection":[{"href":"https:\/\/www.igmg.org\/tr\/wp-json\/wp\/v2\/posts"}],"about":[{"href":"https:\/\/www.igmg.org\/tr\/wp-json\/wp\/v2\/types\/post"}],"author":[{"embeddable":true,"href":"https:\/\/www.igmg.org\/tr\/wp-json\/wp\/v2\/users\/1"}],"replies":[{"embeddable":true,"href":"https:\/\/www.igmg.org\/tr\/wp-json\/wp\/v2\/comments?post=7513"}],"version-history":[{"count":0,"href":"https:\/\/www.igmg.org\/tr\/wp-json\/wp\/v2\/posts\/7513\/revisions"}],"wp:attachment":[{"href":"https:\/\/www.igmg.org\/tr\/wp-json\/wp\/v2\/media?parent=7513"}],"wp:term":[{"taxonomy":"category","embeddable":true,"href":"https:\/\/www.igmg.org\/tr\/wp-json\/wp\/v2\/categories?post=7513"},{"taxonomy":"post_tag","embeddable":true,"href":"https:\/\/www.igmg.org\/tr\/wp-json\/wp\/v2\/tags?post=7513"}],"curies":[{"name":"wp","href":"https:\/\/api.w.org\/{rel}","templated":true}]}}