{"id":7567,"date":"2009-08-13T02:01:00","date_gmt":"2009-08-13T00:01:00","guid":{"rendered":"https:\/\/www.igmg.org\/?p=7567"},"modified":"2015-02-16T12:25:12","modified_gmt":"2015-02-16T11:25:12","slug":"igmgaeden-bavyera-aea%c2%a7iayleri-bakanae%c2%b1aenae%c2%b1n-iftiraya-varan-ifadelerine-kae%c2%b1nama","status":"publish","type":"post","link":"https:\/\/www.igmg.org\/tr\/igmgaeden-bavyera-aea%c2%a7iayleri-bakanae%c2%b1aenae%c2%b1n-iftiraya-varan-ifadelerine-kae%c2%b1nama\/","title":{"rendered":"IGMG&#8217;den Bavyera \u0130\u00e7i\u015fleri Bakan\u0131&#8217;n\u0131n iftiraya varan ifadelerine k\u0131nama"},"content":{"rendered":"<p>\u0130slam Toplumu Mill\u00ee G\u00f6r\u00fc\u015f (IGMG) Genel Sekreteri O\u011fuz \u00dc\u00e7\u00fcnc\u00fc, Bavyera Eyaleti \u0130\u00e7i\u015fleri Bakan\u0131&#8217;n\u0131n, IGMG&#8217;nin \u00f6nde gelen y\u00f6neticilerinin hukuki su\u00e7lardan ve uluslararas\u0131 ter\u00f6rizmi desteklemekten \u00f6t\u00fcr\u00fc \u015f\u00fcphe alt\u0131nda olduklar\u0131na dair karalama ifadelerini \u015fiddetle reddetti.<\/p>\n<p>\u00dc\u00e7\u00fcnc\u00fc yapt\u0131\u011f\u0131 a\u00e7\u0131klamada; &#8220;Bir \u0130\u00e7i\u015fleri Bakan\u0131, konuyla ilgili hi\u00e7bir bilgisi olmamas\u0131na kar\u015f\u0131n bu t\u00fcr karalamaya y\u00f6nelik ifadeler kullan\u0131yorsa, bu tam bir sorumsuzluk \u00f6rne\u011fidir. Se\u00e7im kampanyas\u0131n\u0131n tam ortas\u0131nda bulunsak dahi, bir \u0130\u00e7i\u015fleri Bakan\u0131 g\u00f6revinin getirdi\u011fi sorumlulu\u011fun bilincinde olmal\u0131 ve \u0131rk\u00e7\u0131 partilerin a\u011fz\u0131yla konu\u015fmamal\u0131d\u0131r. H\u00e2lihaz\u0131rda g\u00f6revinin ba\u015f\u0131nda bulunan bir \u0130\u00e7i\u015fleri Bakan\u0131 olarak, kendisinin gerekli bilgiye ula\u015fabilme imk\u00e2n\u0131 mevcuttur ve hi\u00e7bir IGMG y\u00f6neticisine y\u00f6nelik ter\u00f6rizme maddi veya herhangi ba\u015fka bir \u015fekilde destek sa\u011flad\u0131\u011f\u0131 y\u00f6n\u00fcnde somut su\u00e7lamalar olmad\u0131\u011f\u0131n\u0131 bilmektedir. Bile bile bu t\u00fcr bir iddian\u0131n ortaya at\u0131lmas\u0131 \u0130slam kar\u015f\u0131tl\u0131\u011f\u0131n\u0131n y\u00fckseli\u015fe ge\u00e7ti\u011fi bir d\u00f6nemde her \u015feyden evvel zihinsel kundak\u00e7\u0131l\u0131ktan ba\u015fka bir \u015fey de\u011fildir&#8221;\u009d dedi.<\/p>\n<p>\u00dc\u00e7\u00fcnc\u00fc ayr\u0131ca; &#8220;\u00d6yle g\u00f6r\u00fcn\u00fcyor ki, IGMG&#8217;nin Anayasay\u0131 Koruma Dairesi taraf\u0131ndan halen izlenmesine ili\u015fkin a\u00e7\u0131klama zorlu\u011fu i\u00e7erisinde olmas\u0131 kendisini as\u0131ls\u0131z iddialar ortaya atmaya s\u00fcr\u00fcklemi\u015ftir&#8221;\u009d dedi.<\/p>\n<p>\u00dc\u00e7\u00fcnc\u00fc a\u00e7\u0131klamas\u0131nda son olarak; &#8220;Te\u015fkilat\u0131m\u0131z\u0131 yasa d\u0131\u015f\u0131 faaliyetler i\u00e7erisinde g\u00f6stermeye y\u00f6nelik \u00e7abalar\u0131 \u015fiddetle k\u0131n\u0131yoruz ve tabi\u00ee ki, \u0130\u00e7i\u015fleri Bakanl\u0131\u011f\u0131&#8217;na kar\u015f\u0131 gerekli hukuki ad\u0131mlar\u0131 ataca\u011f\u0131z. \u0130slami bir cemaat olarak faaliyetlerimizin topluma etkisinin bilincindeyiz ve buna uygun olarak sorumluluk bilinci \u00e7er\u00e7evesinde hareket ediyoruz. Bavyera \u0130\u00e7i\u015fleri Bakan\u0131 ve Bakanl\u0131\u011f\u0131&#8217;ndan da esasen bundan fazlas\u0131n\u0131 beklemiyoruz&#8221;\u009d ifadelerini kulland\u0131.<\/p>\n","protected":false},"excerpt":{"rendered":"<p>&#8220;Bir \u0130\u00e7i\u015fleri Bakan\u0131 g\u00f6revinin getirdi\u011fi sorumlulu\u011fun bilincinde olmal\u0131 ve \u0131rk\u00e7\u0131 partilerin a\u011fz\u0131yla konu\u015fmamal\u0131d\u0131r&#8221;<\/p>\n","protected":false},"author":1,"featured_media":0,"comment_status":"open","ping_status":"closed","sticky":false,"template":"","format":"standard","meta":{"ngg_post_thumbnail":0},"categories":[23244,23262,1],"tags":[],"_links":{"self":[{"href":"https:\/\/www.igmg.org\/tr\/wp-json\/wp\/v2\/posts\/7567"}],"collection":[{"href":"https:\/\/www.igmg.org\/tr\/wp-json\/wp\/v2\/posts"}],"about":[{"href":"https:\/\/www.igmg.org\/tr\/wp-json\/wp\/v2\/types\/post"}],"author":[{"embeddable":true,"href":"https:\/\/www.igmg.org\/tr\/wp-json\/wp\/v2\/users\/1"}],"replies":[{"embeddable":true,"href":"https:\/\/www.igmg.org\/tr\/wp-json\/wp\/v2\/comments?post=7567"}],"version-history":[{"count":0,"href":"https:\/\/www.igmg.org\/tr\/wp-json\/wp\/v2\/posts\/7567\/revisions"}],"wp:attachment":[{"href":"https:\/\/www.igmg.org\/tr\/wp-json\/wp\/v2\/media?parent=7567"}],"wp:term":[{"taxonomy":"category","embeddable":true,"href":"https:\/\/www.igmg.org\/tr\/wp-json\/wp\/v2\/categories?post=7567"},{"taxonomy":"post_tag","embeddable":true,"href":"https:\/\/www.igmg.org\/tr\/wp-json\/wp\/v2\/tags?post=7567"}],"curies":[{"name":"wp","href":"https:\/\/api.w.org\/{rel}","templated":true}]}}