{"id":7575,"date":"2009-08-27T10:00:00","date_gmt":"2009-08-27T08:00:00","guid":{"rendered":"https:\/\/www.igmg.org\/?p=7575"},"modified":"2015-02-16T10:47:10","modified_gmt":"2015-02-16T09:47:10","slug":"igmg-kadae%c2%b1n-kollarae%c2%b1aendan-aeoeel-kitabae%c2%b1ae%c2%9d","status":"publish","type":"post","link":"https:\/\/www.igmg.org\/tr\/igmg-kadae%c2%b1n-kollarae%c2%b1aendan-aeoeel-kitabae%c2%b1ae%c2%9d\/","title":{"rendered":"IGMG Kad\u0131n Kollar\u0131&#8217;ndan &#8220;El kitab\u0131&#8221;\u009d"},"content":{"rendered":"<p>IGMG Kad\u0131n Kollar\u0131 Gen\u00e7lik Te\u015fkilat\u0131 farkl\u0131 b\u00f6lge ve \u015fubelerden kat\u0131lan 23 g\u00f6revli gen\u00e7 ile haftasonu bulu\u015ftu. B\u00f6lge ve cemiyetlerde tecr\u00fcbe sahibi olan gen\u00e7 bayanlar gen\u00e7lik \u00e7al\u0131\u015fmalar\u0131 i\u00e7in haz\u0131rlanan &#8220;El kitab\u0131&#8221;\u009d \u00e7al\u0131\u015fmas\u0131 i\u00e7in yo\u011fun bir \u00e7al\u0131\u015fma yapt\u0131. Cuma g\u00fcn\u00fc ba\u015flayan toplant\u0131da el kitab\u0131 g\u00f6r\u00fc\u015fmelerin yan\u0131 s\u0131ra piknik ve sosyal aktiviteler yap\u0131ld\u0131. <\/p>\n<p>Cumartesi devam eden program &#8220;Sadaka-\u0131 cariye&#8221;\u009d adl\u0131 bir sohbet ile ba\u015flad\u0131 ve ard\u0131ndan gen\u00e7lik te\u015fkilat\u0131 y\u00f6neticilerine y\u00f6nelik haz\u0131rlanan el kitab\u0131n\u0131n i\u00e7eri\u011fi ile ilgili grup \u00e7al\u0131\u015fmas\u0131 yap\u0131ld\u0131. Grup \u00e7al\u0131\u015fmalar\u0131nda &#8220;\u00f6rnek yat\u0131l\u0131 e\u011fitim semineri nas\u0131l yap\u0131l\u0131r&#8221;\u009d, &#8220;abla karde\u015f projesi&#8221;\u009d, &#8220;ideal ev sohbeti&#8221;\u009d ve &#8220;gen\u00e7lerle hangi sosyal aktiviteler&#8221;\u009d gibi farkl\u0131 konular yer ald\u0131.<\/p>\n<p>Ayr\u0131ca \u00f6nceden metin olarak haz\u0131rlanan el kitab\u0131 yaz\u0131lar\u0131 g\u00f6zden ge\u00e7irildi ve de\u011ferlendirildi. Cumartesi g\u00fcn\u00fc \u00e7al\u0131\u015fmalar\u0131n sonunda Essen&#8217;de bulunan M\u00fcsl\u00fcman mezarl\u0131\u011f\u0131 ziyaret edildi. Pazar g\u00fcn\u00fc devam eden toplant\u0131da Kad\u0131n Kollar\u0131 Gen\u00e7lik Te\u015fkilat\u0131&#8217;n\u0131n birim g\u00f6revlerinin faaliyet alanlar\u0131 ve g\u00f6revlerinin a\u00e7\u0131kland\u0131\u011f\u0131 metinler \u00fczerinde \u00e7al\u0131\u015f\u0131ld\u0131. Program de\u011ferlendirme ve Kad\u0131n Kollar\u0131 Gen\u00e7lik Te\u015fkilat\u0131 Ba\u015fkan\u0131 Nurcan Ulup\u0131nar&#8217;\u0131n te\u015fekk\u00fcr konu\u015fmas\u0131 ile sona erdi.<\/p>\n","protected":false},"excerpt":{"rendered":"<p>IGMG Kad\u0131n Kollar\u0131 Gen\u00e7lik Te\u015fkilat\u0131 \u00f6zel ekibi Gelsenkirchen Tu\u011fra Camisi&#8217;nde &#8220;El kitab\u0131&#8221;\u009d \u00e7al\u0131\u015fmas\u0131 i\u00e7in bulu\u015ftu.<\/p>\n","protected":false},"author":1,"featured_media":0,"comment_status":"open","ping_status":"closed","sticky":false,"template":"","format":"standard","meta":{"ngg_post_thumbnail":0},"categories":[23238,24,23257],"tags":[],"_links":{"self":[{"href":"https:\/\/www.igmg.org\/tr\/wp-json\/wp\/v2\/posts\/7575"}],"collection":[{"href":"https:\/\/www.igmg.org\/tr\/wp-json\/wp\/v2\/posts"}],"about":[{"href":"https:\/\/www.igmg.org\/tr\/wp-json\/wp\/v2\/types\/post"}],"author":[{"embeddable":true,"href":"https:\/\/www.igmg.org\/tr\/wp-json\/wp\/v2\/users\/1"}],"replies":[{"embeddable":true,"href":"https:\/\/www.igmg.org\/tr\/wp-json\/wp\/v2\/comments?post=7575"}],"version-history":[{"count":0,"href":"https:\/\/www.igmg.org\/tr\/wp-json\/wp\/v2\/posts\/7575\/revisions"}],"wp:attachment":[{"href":"https:\/\/www.igmg.org\/tr\/wp-json\/wp\/v2\/media?parent=7575"}],"wp:term":[{"taxonomy":"category","embeddable":true,"href":"https:\/\/www.igmg.org\/tr\/wp-json\/wp\/v2\/categories?post=7575"},{"taxonomy":"post_tag","embeddable":true,"href":"https:\/\/www.igmg.org\/tr\/wp-json\/wp\/v2\/tags?post=7575"}],"curies":[{"name":"wp","href":"https:\/\/api.w.org\/{rel}","templated":true}]}}