{"id":7637,"date":"2009-08-26T11:00:00","date_gmt":"2009-08-26T09:00:00","guid":{"rendered":"https:\/\/www.igmg.org\/?p=7637"},"modified":"2015-02-16T10:47:10","modified_gmt":"2015-02-16T09:47:10","slug":"igmgaede-yeni-a%c2%a7alae%c2%b1ayma-da%c2%b6nemi-baayladae%c2%b1","status":"publish","type":"post","link":"https:\/\/www.igmg.org\/tr\/igmgaede-yeni-a%c2%a7alae%c2%b1ayma-da%c2%b6nemi-baayladae%c2%b1\/","title":{"rendered":"IGMG&#8217;de yeni \u00e7al\u0131\u015fma d\u00f6nemi ba\u015flad\u0131"},"content":{"rendered":"<p><span lang=\"TR\">Genel Ba\u015fkan Yavuz \u00c7elik Karahan&#039;\u0131n izin ve b\u00f6lgelerdeki g\u00f6rev de\u011fi\u015fikliklerine ili\u015fkin yapt\u0131\u011f\u0131 de\u011ferlendirmelerden sonra birimlerin a\u00e7\u0131klamalar\u0131na ge\u00e7ildi. Yaz d\u00f6nemindeki \u00e7al\u0131\u015fmalar hakk\u0131nda Kad\u0131n Kollar\u0131 Ba\u015fkan\u0131 Zehra Dizman bilgi verirken, Gen\u00e7lik Te\u015fkilat\u0131 Ba\u015fkan\u0131 Mesut G\u00fclbahar da b\u00f6lgelerdeki g\u00f6rev de\u011fi\u015fiklikleri ve tatil d\u00f6neminde 35 gen\u00e7 ile birlikte T\u00fcrkiye&#039;de ger\u00e7ekle\u015ftirilen e\u011fitim program\u0131n\u0131 de\u011ferlendirdi. Bu y\u0131l 3000 gencin Umre&#039;ye g\u00f6t\u00fcr\u00fclmesinin planland\u0131\u011f\u0131n\u0131 a\u00e7\u0131klayan G\u00fclbahar, bu y\u0131l Gen\u00e7lik Te\u015fkilat\u0131&#039;n\u0131n Te\u015fkilat \u0130\u00e7i E\u011fitim Seminerleri&#039;ne a\u011f\u0131rl\u0131k verilece\u011fini s\u00f6yledi.<\/span><\/p>\n<p><span lang=\"TR\">B\u00f6lgelerdeki tefti\u015flerle ilgili olarak de\u011ferlendirmelerde bulunan Tefti\u015f Kurulu Ba\u015fkan\u0131 Mehmet \u015eenel, tefti\u015f gezilerinin cemiyetlere de yayg\u0131nla\u015ft\u0131r\u0131lmas\u0131 i\u00e7in planlamalarda bulunduklar\u0131n\u0131 belirtti. Daha sonra da Te\u015fkilatlanma ile ilgili bilgilendirme yap\u0131ld\u0131. \u0130brahim Kayg\u0131s\u0131z ve Mustafa Uyan\u0131k taraf\u0131ndan yap\u0131lan bilgilendirme s\u0131ras\u0131nda, camilere \u00fcyelik kampanyas\u0131 \u00e7er\u00e7evesinde haz\u0131rlanan \u00fcyelik videosu sunuldu. B\u00f6lgelerimizin \u00e7e\u015fitli \u00e7al\u0131\u015fma alanlar\u0131nda A, B, C, D ve E kategorilerine g\u00f6re bir de\u011ferlendirilmesinin bulundu\u011fu belirtilen toplant\u0131da, te\u015fkilanma i\u00e7in gerekli olan evraklar\u0131n en k\u0131sa zamanda Te\u015fkilatlanma Ba\u015fkanl\u0131\u011f\u0131&#039;na ula\u015ft\u0131r\u0131lmas\u0131 istendi.<\/span><\/p>\n<p><span lang=\"TR\">Sosyal Hizmetler Ba\u015fkanl\u0131\u011f\u0131&#039;n\u0131n program\u0131n\u0131 Birim Ba\u015fkan\u0131 Ali Bozkurt takdim etti. Endonezya, Banglade\u015f ve Pakistan&#039;da a\u00e7\u0131lan yetim yurtlar\u0131 ile di\u011fer hizmet ve yard\u0131mlar\u0131 anlatan Bozkurt, ayr\u0131ca Balkanlar&#039;daki \u00e7al\u0131\u015fmalarla Filistin&#039;e yap\u0131lan yard\u0131mlar\u0131n de\u011ferlendirmesini yapt\u0131. Kurban Kampanyas\u0131 ile ilgili olarak haz\u0131rlanan video sunumunu m\u00fcteakiben ise, Ramazan ay\u0131 boyunca s\u00fcrecek olan Zekat-Fitre kampanyas\u0131n\u0131n takibini istedi. Bu arada, Ramazan ay\u0131ndaki hizmetlerin de\u011ferlendirilmesinin yap\u0131laca\u011f\u0131 B\u00f6lge Sosyal Hizmetler Ba\u015fkanlar\u0131 toplant\u0131s\u0131n\u0131n 26-27 Eyl\u00fcl&#039;de yap\u0131laca\u011f\u0131 bildirilirken, kurban kesim ve da\u011f\u0131t\u0131m g\u00f6revlileri toplant\u0131s\u0131n\u0131n 17 Ekim&#039;de yap\u0131laca\u011f\u0131 ilan edildi. \u00d6te yandan, Zekat ve Kurban Kampanyalar\u0131n\u0131n tan\u0131t\u0131m\u0131 i\u00e7in televizyon ve di\u011fer medya reklamlar\u0131n\u0131n haz\u0131rland\u0131\u011f\u0131 da a\u00e7\u0131kland\u0131.<\/span><\/p>\n<p><span lang=\"TR\">Yaz Okullar\u0131 ba\u015fta olmak \u00fczere e\u011fitim hizmetlerinin de\u011ferlendirilmesi ve yeni programlar\u0131n a\u00e7\u0131klanmas\u0131n\u0131 ise E\u011fitim Ba\u015fkan\u0131 Mehmet Gedik yapt\u0131. E\u011fitimciler ile b\u00f6lgelerde toplant\u0131lar yap\u0131laca\u011f\u0131n\u0131 belirten Gedik, \u00f6zellikle Aile E\u011fitim Seminerleri&#039;ne daha da a\u011f\u0131rl\u0131k verilmesini istedi. Yaz Okullar\u0131&#039;n\u0131n yap\u0131ld\u0131\u011f\u0131 ve kat\u0131lan \u00f6\u011frencilerle ilgili listeyi B\u00f6lge Ba\u015fkanlar\u0131&#039;na sunan Gedik, burslar i\u00e7in m\u00fcracaatlar\u0131n 30 Eyl\u00fcl&#039;e kadar tamamlanmas\u0131n\u0131 istedi. &nbsp;<\/span>Gedik ayr\u0131ca, Bel\u00e7ika \u0130bn-i Sina Enstit\u00fcs\u00fc&#039;n\u00fcn A\u00e7\u0131k \u00d6\u011fretim \u00e7al\u0131\u015fmalar\u0131, G\u00fcney Hollanda Anaokulu Modeli hakk\u0131nda bilgilendirmede bulunurken, Berlin cemiyetlerinde okutulmak \u00fczere haz\u0131rlanan \u0130slam Din Dersi m\u00fcfredat\u0131 \u00e7al\u0131\u015fmalar\u0131 ile ilgili de bilgilendirmelerde bulundu. <\/p>\n<p><span lang=\"TR\">Ramazan ay\u0131 programlar\u0131 ise \u0130r\u015fad Ba\u015fkan\u0131 Ahmet \u00d6zden taraf\u0131ndan a\u00e7\u0131kland\u0131. \u00d6zden a\u00e7\u0131klamas\u0131nda, Ramazan ay\u0131 vaaz ve ir\u015fad programlar\u0131n\u0131n izin \u00f6ncesinde haz\u0131rland\u0131\u011f\u0131n\u0131 ve ir\u015fad g\u00f6revlilerinin tesbit edildi\u011fini bildirdi. \u00d6zden ayr\u0131ca Ramazan ay\u0131 nedeniyle t\u00fcm IGMG idarecilerinin Kur&#039;an ay\u0131 olan Ramazan ay\u0131nda mutlaka Kur&#039;an-\u0131 Kerim ile ha\u015f\u0131r-ne\u015fir olmas\u0131 gerekti\u011fine i\u015faret etti. Mutlaka bir g\u00fcn de olsa itikafa girilmesinin de \u00f6nemine i\u015faret eden \u00d6zden, ailece bir-iki g\u00fcn iftarlar\u0131n sadece zeytin ekmekle a\u00e7\u0131lmas\u0131n\u0131 tavsiye ederek, iftar sofralar\u0131n\u0131n israfa d\u00f6n\u00fc\u015fmemesini istedi. Yaz d\u00f6neminde T\u00fcrkiye&#039;de \u00f6zel e\u011fitim program\u0131na kat\u0131lan \u00f6\u011frencilerin Ramazan ay\u0131 sonras\u0131nda Genel Merkez&#039;de bir araya gelece\u011fini ve hususi bir toplant\u0131 yap\u0131laca\u011f\u0131n\u0131 da bildirdi.<\/span><\/p>\n<p><span lang=\"TR\">Ramazan ay\u0131 ba\u015f\u0131na kadar t\u00fcm Avrupa&#039;dan yakla\u015f\u0131k 3 bin Umreci&#039;ye hizmet verildi\u011fini a\u00e7\u0131klayan Hac, Umre ve Seyahat Ba\u015fkan\u0131 Hakk\u0131 \u00c7ift\u00e7i, kurulan Hac ve Umre \u015firketi ile ilgili bilgilendirmelerde bulunurken, yap\u0131lacak olan s\u00f6zle\u015fmeler hakk\u0131nda a\u00e7\u0131klamalar yapt\u0131. \u015eu ana kadar domuz gribi sebebiyle her hangi bir k\u0131s\u0131tlaman\u0131n getirilmedi\u011fini belirten \u00c7ift\u00e7i, bahar aylar\u0131ndaki umrecilerin ya\u015f ortalamas\u0131n\u0131n 24 oldu\u011funu da a\u00e7\u0131klad\u0131. Hac program\u0131, vize ve di\u011fer konularda da bilgilendirmelerde bulunan \u00c7ift\u00e7i, gen\u00e7ler i\u00e7in d\u00fczenlenecek olan Umre programlar\u0131na daha da \u00f6nem verdiklerini s\u00f6yledi.<\/span><\/p>\n<p><span lang=\"TR\"><span lang=\"TR\"><\/span><\/span><\/p>\n<p><span lang=\"TR\">Muhasebe Ba\u015fkan\u0131 \u0130brahim Y\u00fcksel&#039;in, Genel Merkez \u00fcyeli\u011fi Cenaze Fonu hakk\u0131nda yapt\u0131\u011f\u0131 bilgilendirme sonras\u0131nda ise Genel Sekreter O\u011fuz \u00dc\u00e7\u00fcnc\u00fc, Genel Sekreterlik \u00e7al\u0131\u015fmalar\u0131n\u0131 de\u011ferlendirdi. <\/span><\/p>\n<p><span lang=\"TR\">Almanya&#039;da eyaletlerde verilen din dersleri ilgili bilgilendirmelerde bulunan \u00dc\u00e7\u00fcnc\u00fc, \u00f6zellikle yaz aylar\u0131nda Avrupa&#039;daki siyasal ve toplumsal geli\u015fmeleri de\u011ferlendirdi\u011fi konu\u015fmas\u0131nda, Almanya&#039;daki siyasal partilerin g\u00f6\u00e7menlerin ve M\u00fcsl\u00fcmanlar\u0131n meselelerine makul \u00e7\u00f6z\u00fcmler \u00fcretemedi\u011fi gibi toplumsal taleplere de cevap vermekte zorland\u0131\u011f\u0131n\u0131 belirtti. Haziran ay\u0131nda Dresden&#039;de bir mahkemede \u00f6ld\u00fcr\u00fclen Merve El-\u015eerbini olay\u0131n\u0131 da de\u011ferlendiren O\u011fuz \u00dc\u00e7\u00fcnc\u00fc, h\u00fck\u00fcmetin olay sonras\u0131ndaki tutumunu ele\u015ftirdi. Te\u015fkilat\u0131m\u0131z\u0131n tan\u0131t\u0131m\u0131 a\u00e7\u0131s\u0131ndan Ramazan iftarlar\u0131 ile A\u00e7\u0131k Cami G\u00fcnleri&#039;nin \u00f6nemine vurgu yapan ve &nbsp;<\/span>Almanya&#039;da A\u00e7\u0131k Cami G\u00fcnleri \u00e7al\u0131\u015fmas\u0131n\u0131n KRM \u00e7at\u0131s\u0131 alt\u0131nda yap\u0131ld\u0131\u011f\u0131n\u0131 ancak, yine de en \u00f6nemli hizmetlerin b\u00f6lgelerimiz ile cami y\u00f6neticilerimizde bulundu\u011funu s\u00f6yleyen \u00dc\u00e7\u00fcnc\u00fc, camilere ve cami i\u00e7inde yap\u0131lacak olana provakasyonlara da dikkat \u00e7ekti.<\/p>\n<p><span lang=\"TR\">B\u00f6lge Ba\u015fkanlar\u0131&#039;n\u0131n da yap\u0131lan ve programlanan hizmetlerle ilgili de\u011ferlendirmelerinin arkas\u0131ndan dilek ve temennilerinin al\u0131nd\u0131\u011f\u0131 toplant\u0131n\u0131n son de\u011ferlendirmesini ise Genel Ba\u015fkan Yavuz \u00c7elik Karahan yapt\u0131. Karahan \u00f6nce, Ramazan ay\u0131n\u0131n manev\u00ee atmosferinin iyi de\u011ferlendirilmesini istedi\u011fi konu\u015fmas\u0131nda, din\u00ee ve toplumsal konulardaki hassasiyetlerimizin yeniden de\u011ferlendirilmesini ve camia olarak mutlaka toplay\u0131c\u0131 ve kucaklay\u0131c\u0131 olunmaya devam edilmesini gerekti\u011fine i\u015faret etti. Te\u015fkilat olarak, M\u00fcsl\u00fcmanlar\u0131n M\u00fcsl\u00fcmanca &nbsp;<\/span>ya\u015famalar\u0131n\u0131n temin edilmesi gibi \u00f6nemli bir g\u00f6revlerinin bulundu\u011funa de\u011finen Karahan, her g\u00f6revlimizin g\u00f6revinin \u015fuurunda olarak ve g\u00f6revlerini zaman\u0131nda yaparak bu hizmetleri daha da ileriye g\u00f6t\u00fcrmesini istedi.<\/p>\n","protected":false},"excerpt":{"rendered":"<p>Yeni \u00e7al\u0131\u015fma d\u00f6nemine ba\u015flayan IGMG, bu d\u00f6nemi B\u00f6lge Ba\u015fkanlar\u0131 toplant\u0131s\u0131 ile a\u00e7t\u0131. Genel Ba\u015fkan Yavuz \u00c7elik Karahan ba\u015fkanl\u0131\u011f\u0131nda yap\u0131lan toplant\u0131da, birimler yapt\u0131klar\u0131 \u00e7al\u0131\u015fmalar\u0131n bir de\u011ferlendirmesini yaparken, yeni \u00e7al\u0131\u015fma d\u00f6nemindeki programlar\u0131n\u0131 anlatt\u0131lar.<\/p>\n","protected":false},"author":1,"featured_media":0,"comment_status":"open","ping_status":"closed","sticky":false,"template":"","format":"standard","meta":{"ngg_post_thumbnail":0},"categories":[23238,24,23255],"tags":[],"_links":{"self":[{"href":"https:\/\/www.igmg.org\/tr\/wp-json\/wp\/v2\/posts\/7637"}],"collection":[{"href":"https:\/\/www.igmg.org\/tr\/wp-json\/wp\/v2\/posts"}],"about":[{"href":"https:\/\/www.igmg.org\/tr\/wp-json\/wp\/v2\/types\/post"}],"author":[{"embeddable":true,"href":"https:\/\/www.igmg.org\/tr\/wp-json\/wp\/v2\/users\/1"}],"replies":[{"embeddable":true,"href":"https:\/\/www.igmg.org\/tr\/wp-json\/wp\/v2\/comments?post=7637"}],"version-history":[{"count":0,"href":"https:\/\/www.igmg.org\/tr\/wp-json\/wp\/v2\/posts\/7637\/revisions"}],"wp:attachment":[{"href":"https:\/\/www.igmg.org\/tr\/wp-json\/wp\/v2\/media?parent=7637"}],"wp:term":[{"taxonomy":"category","embeddable":true,"href":"https:\/\/www.igmg.org\/tr\/wp-json\/wp\/v2\/categories?post=7637"},{"taxonomy":"post_tag","embeddable":true,"href":"https:\/\/www.igmg.org\/tr\/wp-json\/wp\/v2\/tags?post=7637"}],"curies":[{"name":"wp","href":"https:\/\/api.w.org\/{rel}","templated":true}]}}