{"id":7778,"date":"2009-09-14T10:00:00","date_gmt":"2009-09-14T08:00:00","guid":{"rendered":"https:\/\/www.igmg.org\/?p=7778"},"modified":"2015-02-16T10:47:05","modified_gmt":"2015-02-16T09:47:05","slug":"gelsenkirchen-tuaeyraaeda-ramazan-ve-iftar-programlarae%c2%b1na-yoaeyun-ilgi","status":"publish","type":"post","link":"https:\/\/www.igmg.org\/tr\/gelsenkirchen-tuaeyraaeda-ramazan-ve-iftar-programlarae%c2%b1na-yoaeyun-ilgi\/","title":{"rendered":"Gelsenkirchen Tu\u011fra&#8217;da Ramazan ve iftar programlar\u0131na yo\u011fun ilgi"},"content":{"rendered":"<p><span lang=\"TR\">Gelsenkirchen Camii \u00f6nceki y\u0131llarda oldu\u011fu gibi bu y\u0131lda Gelsenkirchen ve \u00e7evresinde ya\u015fayan M\u00fcsl\u00fcmanlar i\u00e7in kurtulu\u015f ve ma\u011ffiret ay\u0131 olan Ramazan-\u0131 \u015feriflerini feyizli ve ibadetle ge\u00e7irebilmeleri i\u00e7in herg\u00fcn sohbetler ve ilmi programlar d\u00fczenliyor.<\/span><\/p>\n<p><span lang=\"TR\">&nbsp;<\/span><\/p>\n<p><span lang=\"TR\">Herkese a\u00e7\u0131k olarak Ramazan&#039;\u0131n ba\u015f\u0131nden beri herg\u00fcn verilen ve ortalama 100 ile 200 ki\u015finin i\u015ftirak etti\u011fi iftar yemeklerinin yan\u0131 s\u0131ra cemiyet b\u00fcnyesinde bay ve bayanlar i\u00e7in d\u00fczenlenen sohbet programlar\u0131, Kur&#039;an-\u0131 Kerim mukabele programlar\u0131, ba\u015fta Cemiyet \u0130mam Hatibi \u0130brahim Erol olmak \u00fczere T\u00fcrkiye ve Almanya&#039;dan kendi dallar\u0131nda uzman e\u011fitimciler, hatip ve hatibeler taraf\u0131ndan vaaz ve seminerler veriliyor.<\/span><\/p>\n<p><span lang=\"TR\"><\/span><\/p>\n<p><span lang=\"TR\">Gelsenkirchen Camii cemaati karde\u015flik havas\u0131 i\u00e7erisinde onbir ay\u0131n sultan\u0131 Ramazan-\u0131 \u015eerif-i en g\u00fczel ve manevi bir hava i\u00e7erisinde ge\u00e7irmenin mutlulu\u011funu ya\u015f\u0131yor ve bu ortam\u0131 kendilerine sa\u011flayan yetkililere te\u015fekk\u00fcr ediyorlar.<\/span><\/p>\n<p><span lang=\"TR\">&nbsp;<\/span><\/p>\n<p>Cemiyet \u0130dare \u0130\u015fleri Ba\u015fkan\u0131 H\u00fcseyin B\u00f6l\u00fck, Ramazan&#039;\u0131n yaz aylar\u0131na ve izin mevsimine ve bununla birlikte uzun g\u00fcnlere denk gelmesine ra\u011fmen iftar programlar\u0131na ve di\u011fer e\u011fitim ve sohbet programlar\u0131na kat\u0131l\u0131m\u0131n yo\u011fun oldu\u011funu dile getirdi.(ik)<\/p>\n","protected":false},"excerpt":{"rendered":"<p>Gelsenkirchen Merkez Tu\u011fra Camii 2009 Ramazan programlar\u0131 ve iftar sofralar\u0131 yo\u011fun ilgi ile devam ediyor.<\/p>\n","protected":false},"author":1,"featured_media":0,"comment_status":"open","ping_status":"closed","sticky":false,"template":"","format":"standard","meta":{"ngg_post_thumbnail":0},"categories":[23238,24],"tags":[],"_links":{"self":[{"href":"https:\/\/www.igmg.org\/tr\/wp-json\/wp\/v2\/posts\/7778"}],"collection":[{"href":"https:\/\/www.igmg.org\/tr\/wp-json\/wp\/v2\/posts"}],"about":[{"href":"https:\/\/www.igmg.org\/tr\/wp-json\/wp\/v2\/types\/post"}],"author":[{"embeddable":true,"href":"https:\/\/www.igmg.org\/tr\/wp-json\/wp\/v2\/users\/1"}],"replies":[{"embeddable":true,"href":"https:\/\/www.igmg.org\/tr\/wp-json\/wp\/v2\/comments?post=7778"}],"version-history":[{"count":0,"href":"https:\/\/www.igmg.org\/tr\/wp-json\/wp\/v2\/posts\/7778\/revisions"}],"wp:attachment":[{"href":"https:\/\/www.igmg.org\/tr\/wp-json\/wp\/v2\/media?parent=7778"}],"wp:term":[{"taxonomy":"category","embeddable":true,"href":"https:\/\/www.igmg.org\/tr\/wp-json\/wp\/v2\/categories?post=7778"},{"taxonomy":"post_tag","embeddable":true,"href":"https:\/\/www.igmg.org\/tr\/wp-json\/wp\/v2\/tags?post=7778"}],"curies":[{"name":"wp","href":"https:\/\/api.w.org\/{rel}","templated":true}]}}