{"id":7856,"date":"2009-09-24T10:00:00","date_gmt":"2009-09-24T08:00:00","guid":{"rendered":"https:\/\/www.igmg.org\/?p=7856"},"modified":"2015-02-16T10:47:02","modified_gmt":"2015-02-16T09:47:02","slug":"kuzey-ruhr-ba%c2%b6lgesi-gena%c2%a7lik-baaykanlae%c2%b1aeyae%c2%b1aenda-na%c2%b6bet-deaeyiayimi","status":"publish","type":"post","link":"https:\/\/www.igmg.org\/tr\/kuzey-ruhr-ba%c2%b6lgesi-gena%c2%a7lik-baaykanlae%c2%b1aeyae%c2%b1aenda-na%c2%b6bet-deaeyiayimi\/","title":{"rendered":"Kuzey Ruhr B\u00f6lgesi  Gen\u00e7lik Ba\u015fkanl\u0131\u011f\u0131&#8217;nda n\u00f6bet de\u011fi\u015fimi"},"content":{"rendered":"<p><span lang=\"TR\">A\u00e7\u0131l\u0131\u015f Kur&#039;an-\u0131 Kerim&#039;i ile ba\u015flayan programda 7 y\u0131ld\u0131r Gen\u00e7lik Ba\u015fkanl\u0131\u011f\u0131 g\u00f6revini s\u00fcrd\u00fcren Ufuk Ulun IGMG bayra\u011f\u0131n\u0131 Abdulkerim I\u015f\u0131k&#039;a teslim etti. Genel Merkez Gen\u00e7lik Teskilat\u0131&#039;ndan &nbsp;<\/span>Celal T\u00fct\u00fcn ve Te\u015fkilatlanma Ba\u015fkan\u0131&#039;n\u0131n da haz\u0131r bulunduklar\u0131 toplant\u0131da Ufuk Ulun, &nbsp;&#8220;G\u00f6revimi ba\u015far\u0131 ile yapt\u0131\u011f\u0131ma inan\u0131yorum, &nbsp;B\u00f6lge Y\u00f6netim Kurulu E\u011fitim Ba\u015fkanl\u0131\u011f\u0131&#039;n\u0131 s\u00fcrd\u00fcren Abdulkerim I\u015f\u0131k&#039;a Gen\u00e7lik Ba\u015fkanl\u0131\u011f\u0131n\u0131 devrediyorum ve Cenab- \u0131 Allah&#039;tan ba\u015far\u0131lar\u0131n\u0131n devam\u0131n\u0131 diliyorum&#8221;\u009d diyerek s\u00f6z\u00fc yeni B\u00f6lge Gen\u00e7lik Ba\u015fkan\u0131 Abdulkerim I\u015f\u0131k&#039;a b\u0131rakt\u0131.<\/p>\n<p>Yeni Ba\u015fkan t\u00f6rende \u015fu konu\u015fmay\u0131 yapt\u0131: &#8220;\u00d6ncelikle b\u00f6yle bir ayda b\u00f6yle bir g\u00fczel g\u00f6reve getirildik. Bu g\u00f6reve bizi lay\u0131k g\u00f6ren b\u00fcy\u00fcklerimize te\u015fekk\u00fcr ediyorum. \u0130n\u015faallah g\u00f6revimizin bilincinde olup insanl\u0131\u011fa faydal\u0131 i\u015fler yapmaya \u00e7al\u0131\u015faca\u011f\u0131z. Rabbimiz bu g\u00f6revimizde bizlere kendi r\u0131zas\u0131ndan ba\u015fka bir r\u0131za aratmas\u0131n. Kendisinin ve Peygamber Efendimiz&#039;in raz\u0131 olaca\u011f\u0131 faaliyetler yapmay\u0131 nasip etsin. Bu g\u00f6rev elbette bir ekip \u00e7al\u0131\u015fmas\u0131d\u0131r. Kimse elbette tek ba\u015f\u0131na verimli olamaz. \u0130n\u015faallah yeni B\u00f6lge Y\u00f6netim Kurulu&#039;nu kurup \u00e7al\u0131\u015fmalar\u0131m\u0131za kald\u0131\u011f\u0131m\u0131z yerden devam edece\u011fiz. Ben IGMG Genel Merkez Gen\u00e7lik Te\u015fkilat\u0131&#039;na, B\u00f6lge Y\u00f6netim Kurulumuza, B\u00f6lge Gen\u00e7lik Y\u00f6netim Kurulumuza, Cemiyet Ba\u015fkanlar\u0131m\u0131za, Gen\u00e7lik Te\u015fkilat\u0131 \u015eube Ba\u015fkanlar\u0131m\u0131za ve bizlere g\u00fcvenip bu g\u00f6reve getiren herkese te\u015fekk\u00fcr ediyorum. Allah raz\u0131 olsun.&#8221;\u009d &nbsp;<\/p>\n<p><span lang=\"TR\">&nbsp;<\/span><\/p>\n<p><span lang=\"TR\">B\u00f6lge Ba\u015fkan\u0131 <\/span>Murat \u0130leri ise \u00f6necelikle eski B\u00f6lge Gen\u00e7lik Ba\u015fkan\u0131 Ufuk Ulun&#039;u tebrik etti. Murat \u0130leri yeni Ba\u015fkan Abdulkerim I\u015f\u0131k&#039;a da te\u015fekk\u00fcrlerini sundu ve g\u00f6revini hakk\u0131yla yerine getirece\u011fine inand\u0131\u011f\u0131n\u0131 dile getirdi. Ufuk Ulun BYK&#039; da Te\u015fkilatlanma Ba\u015fkanl\u0131\u011f\u0131&#039;na getirildi. (ik)&nbsp;<\/p>\n","protected":false},"excerpt":{"rendered":"<p>IGMG Kuzey Ruhr B\u00f6lge Gen\u00e7lik Kollar\u0131 yeni sezona yeni atanan Gen\u00e7lik Ba\u015fkan\u0131 ile start verdi.<\/p>\n","protected":false},"author":1,"featured_media":0,"comment_status":"open","ping_status":"closed","sticky":false,"template":"","format":"standard","meta":{"ngg_post_thumbnail":0},"categories":[23238,24],"tags":[],"_links":{"self":[{"href":"https:\/\/www.igmg.org\/tr\/wp-json\/wp\/v2\/posts\/7856"}],"collection":[{"href":"https:\/\/www.igmg.org\/tr\/wp-json\/wp\/v2\/posts"}],"about":[{"href":"https:\/\/www.igmg.org\/tr\/wp-json\/wp\/v2\/types\/post"}],"author":[{"embeddable":true,"href":"https:\/\/www.igmg.org\/tr\/wp-json\/wp\/v2\/users\/1"}],"replies":[{"embeddable":true,"href":"https:\/\/www.igmg.org\/tr\/wp-json\/wp\/v2\/comments?post=7856"}],"version-history":[{"count":0,"href":"https:\/\/www.igmg.org\/tr\/wp-json\/wp\/v2\/posts\/7856\/revisions"}],"wp:attachment":[{"href":"https:\/\/www.igmg.org\/tr\/wp-json\/wp\/v2\/media?parent=7856"}],"wp:term":[{"taxonomy":"category","embeddable":true,"href":"https:\/\/www.igmg.org\/tr\/wp-json\/wp\/v2\/categories?post=7856"},{"taxonomy":"post_tag","embeddable":true,"href":"https:\/\/www.igmg.org\/tr\/wp-json\/wp\/v2\/tags?post=7856"}],"curies":[{"name":"wp","href":"https:\/\/api.w.org\/{rel}","templated":true}]}}