{"id":7871,"date":"2009-09-27T10:00:00","date_gmt":"2009-09-27T08:00:00","guid":{"rendered":"https:\/\/www.igmg.org\/?p=7871"},"modified":"2015-02-16T10:47:01","modified_gmt":"2015-02-16T09:47:01","slug":"genel-baaykan-kuzey-ruhr-ba%c2%b6lgesiaeni-ziyaret-etti","status":"publish","type":"post","link":"https:\/\/www.igmg.org\/tr\/genel-baaykan-kuzey-ruhr-ba%c2%b6lgesiaeni-ziyaret-etti\/","title":{"rendered":"Genel Ba\u015fkan Kuzey Ruhr B\u00f6lgesi&#8217;ni ziyaret etti"},"content":{"rendered":"<p>IGMG Genel Ba\u015fkan\u0131 Yavuz \u00c7elik Karahan ziyaretlerini Paderborn &nbsp;ve Lage olmak \u00fczere iki ayr\u0131 \u015fubede ger\u00e7ekle\u015ftirerek, yap\u0131lan \u00e7al\u0131\u015fmalar hakk\u0131nda bilgi ald\u0131. &nbsp;Karahan&#039;\u0131n ziyaretlerine IGMG Kuzey Ruhr B\u00f6lge Ba\u015fkan\u0131 Murat \u0130leri de i\u015ftirak etti. <\/p>\n<p>Karahan ve \u0130leri Lage \u015eubesi&#039;nde cemaatle sohbet etti. Lage cemiyeti Genel Ba\u015fkan&#039;\u0131n ziyaretinden dolay\u0131 te\u015fekk\u00fcrlerini belirterek, Genel Ba\u015fkan Karahan&#039;a faaliyetler hakk\u0131nda bilgi vererek, s\u0131k\u0131nt\u0131lar\u0131n\u0131 dile getirdiler.&nbsp; <\/p>\n<p>  Genel Ba\u015fkan ve B\u00f6lge Ba\u015fkan\u0131 Paderborn Cemiyeti&#039;nde ise iftar \u00e7ad\u0131r\u0131nda cemaatle sohbet etti. Teravih namaz\u0131 \u00f6ncesi bir konu\u015fma yapan Genel Ba\u015fkan \u015fu konulara dikkat cekti: &#8220;\u0130slam Toplumu Mill\u00ee G\u00f6r\u00fcs hak yolunda giden bir kurulu\u015ftur ve bu mukaddes aylarda ma\u011fdur ve mazlumlara uzanan k\u00f6pr\u00fcl\u00fck vazifesini kurup sonuca varan bir kurulu\u015ftur&#8230; Cenab\u0131 Allah Kur\u00c2\u00b4an-\u0131 Kerim\u00c2\u00b4inin Maun Suresi&#039;nde buyuruyor ki; Dini yalanlayan\u0131 g\u00f6rd\u00fcn m\u00fc, i\u015fte o \u00f6ks\u00fcz\u00fc iter, kakar, yoksulu doyurmaya \u00f6n ayak olmaz, \u015fu namaz k\u0131lanlar\u0131n vay haline ki, onlar namazlar\u0131nda gaflet ederler, onlar g\u00f6steri\u015f yaparlar, en ufak bi yard\u0131m\u0131 esirgerler&#8221;\u009d dedi&nbsp; ve IGMG&#039;nin dayan\u0131\u015fma ve karde\u015flik temeline dayal\u0131 bir kurum oldu\u011funun alt\u0131n\u0131 \u00e7izdi. Daha sonra Pederborn Cemaati&#039;nin dilek ve temennilerini dinledi.<\/p>\n<p>\u00c7ay sohbetinde cemaatle &nbsp;yap\u0131lan sohbet ve kar\u015f\u0131l\u0131kl\u0131 bilgi al\u0131\u015f veri\u015finden sonra B\u00f6lge Ba\u015fkan\u0131 Murat \u0130leri, Genel Ba\u015fkan&#039;a ziyaretinden dolay\u0131 te\u015fekk\u00fcrlerini sundu.(ik)<\/p>\n","protected":false},"excerpt":{"rendered":"<p>Genel Ba\u015fkan Yavuz \u00c7elik Karahan, IGMG Kuzey Ruhr B\u00f6lgesi&#8217;nde Paderborn  ve Lage \u015fubelerini ziyaret etti.<\/p>\n","protected":false},"author":1,"featured_media":0,"comment_status":"open","ping_status":"closed","sticky":false,"template":"","format":"standard","meta":{"ngg_post_thumbnail":0},"categories":[23238,24,23254],"tags":[],"_links":{"self":[{"href":"https:\/\/www.igmg.org\/tr\/wp-json\/wp\/v2\/posts\/7871"}],"collection":[{"href":"https:\/\/www.igmg.org\/tr\/wp-json\/wp\/v2\/posts"}],"about":[{"href":"https:\/\/www.igmg.org\/tr\/wp-json\/wp\/v2\/types\/post"}],"author":[{"embeddable":true,"href":"https:\/\/www.igmg.org\/tr\/wp-json\/wp\/v2\/users\/1"}],"replies":[{"embeddable":true,"href":"https:\/\/www.igmg.org\/tr\/wp-json\/wp\/v2\/comments?post=7871"}],"version-history":[{"count":0,"href":"https:\/\/www.igmg.org\/tr\/wp-json\/wp\/v2\/posts\/7871\/revisions"}],"wp:attachment":[{"href":"https:\/\/www.igmg.org\/tr\/wp-json\/wp\/v2\/media?parent=7871"}],"wp:term":[{"taxonomy":"category","embeddable":true,"href":"https:\/\/www.igmg.org\/tr\/wp-json\/wp\/v2\/categories?post=7871"},{"taxonomy":"post_tag","embeddable":true,"href":"https:\/\/www.igmg.org\/tr\/wp-json\/wp\/v2\/tags?post=7871"}],"curies":[{"name":"wp","href":"https:\/\/api.w.org\/{rel}","templated":true}]}}