{"id":7877,"date":"2009-09-28T10:46:00","date_gmt":"2009-09-28T08:46:00","guid":{"rendered":"https:\/\/www.igmg.org\/?p=7877"},"modified":"2015-02-16T10:47:01","modified_gmt":"2015-02-16T09:47:01","slug":"igmg-ruhr-aaeda-geniayletilmiay-idareciler-toplantae%c2%b1sae%c2%b1","status":"publish","type":"post","link":"https:\/\/www.igmg.org\/tr\/igmg-ruhr-aaeda-geniayletilmiay-idareciler-toplantae%c2%b1sae%c2%b1\/","title":{"rendered":"IGMG Ruhr-A&#8217;da Geni\u015fletilmi\u015f idareciler toplant\u0131s\u0131"},"content":{"rendered":"<p>Toplant\u0131ya kat\u0131l\u0131m\u0131n ge\u00e7en y\u0131llara nazaran daha yo\u011fun oldu\u011fu g\u00f6zlemlendi. Toplant\u0131ya IGMG Genel Merkezi&#039;nden \u0130brahim Kayg\u0131s\u0131z kat\u0131ld\u0131. Programa Hamza Kuri&#039;nin okumu\u015f oldu\u011fu Kur&#039;an-\u0131 Kerim&#039;le ba\u015fland\u0131. Program\u0131 y\u00f6neten B\u00f6lge Te\u015fkilatlanma Ba\u015fkan\u0131 Harun Caylan okunan Kur&#039;an-\u0131 Kerim&#039;den sonra k\u0131sa bir selamlama konu\u015fmas\u0131 yaparak yoklamaya ge\u00e7ti.<\/p>\n<p>Daha sonra s\u00f6z alan B\u00f6lge E\u011fitim Ba\u015fkan\u0131 Cevat Karacabak d\u00fczenlemi\u015f olduklar\u0131 m\u00fcfredat hakk\u0131nda kat\u0131lanlara bilgi verdi. Yaz tatilinde cemiyetlerde yap\u0131lan&nbsp; &#8220;Yaz Kurslar\u0131&#8221;\u009d hakk\u0131nda da bilgi veren Karabacak, iyi \u00e7al\u0131\u015fan cemiyetlerden \u00f6rnekler verdi. \u00d6n\u00fcm\u00fczdeki d\u00f6nem i\u00e7in e\u011fitim alan\u0131ndaki hedeflerini s\u0131ralayan Karabacak kat\u0131lanlara te\u015fekk\u00fcr etti. <\/p>\n<p>Karabacak&#039;tan sonra s\u00f6z alan B\u00f6lge Sosyal Hizmetler Ba\u015fkan\u0131 Adnan Sa\u011flam 2008-2009 y\u0131l\u0131nda yap\u0131lan yard\u0131mlar hakk\u0131nda bilgi verdi, haz\u0131rlanan video klibin izlenmesinden sonra 2009-2010 y\u0131l\u0131 hedeflerini ve yapmak istediklerini s\u0131ralad\u0131. <\/p>\n<p>Daha sonra B\u00f6lge Gen\u00e7lik Ba\u015fkan\u0131 \u0130brahim Bacanak s\u00f6z ald\u0131. Ge\u00e7en \u00e7al\u0131\u015fma d\u00f6nemindeki \u00e7al\u0131\u015fmalar hakk\u0131nda bilgi veren Bacanak, \u00f6n\u00fcm\u00fczdeki d\u00f6nem yap\u0131lacak gen\u00e7lik \u00e7al\u0131\u015fmalar\u0131 hakk\u0131nda idarecileri bilgilendirdi. Ramazan&#039;da t\u00fcm cemiyetleri ziyaret ettiklerini s\u00f6yleyen Bacanak, cemiyet ba\u015fkanlar\u0131ndan gen\u00e7lik kollar\u0131na gereken maddi ve manevi deste\u011fi vermelerini rica etti.<\/p>\n<p>Kad\u0131n Kollar\u0131 ve K\u0131z Gen\u00e7li\u011fin haz\u0131rlanm\u0131\u015f oldu\u011fu sinevizyon izlendi. Bu d\u00f6nem g\u00f6reve getirilen Kad\u0131n Kollar\u0131 Ba\u015fkan\u0131 Havva Yaz\u0131c\u0131 sinevizyon g\u00f6sterisinden dolay\u0131 yo\u011fun alk\u0131\u015f ald\u0131.<\/p>\n<p>Daha sonra Ruhr-A B\u00f6lgesi&#039;nde yeni bir \u015fube olan Borken \u015eubesi Ba\u015fkan\u0131 Necmi Yaz\u0131c\u0131 s\u00f6z ald\u0131. Hangi zorluklar\u0131 a\u015farak geldiklerini anlatan Ba\u015fkan Necmi Yaz\u0131c\u0131, ileride kendilerine ait bir binaya ge\u00e7ip \u00e7al\u0131\u015fmalar\u0131 h\u0131zland\u0131racaklar\u0131n\u0131 s\u00f6yledi. B\u00f6lge Hac Kafilesi Ba\u015fkan\u0131 Abdullah Kodaman 2009 y\u0131l\u0131 hac organizesi ile ilgili bilgi verdi. Kodaman, Ruhr-A B\u00f6lgesi olarak bu sene 19.11.09-19.12.09 tarihleri aras\u0131nda hacca gideceklerini s\u00f6yledi.<\/p>\n<p>Abdullah Kodaman&#039;dan sonra s\u00f6z IGMG Genel Merkez&#039;den \u0130brahim Kayg\u0131s\u0131z&#039;a verildi. \u00c7al\u0131\u015fma takvimi konusa dikkat ceken Kayg\u0131s\u0131z, art\u0131k \u00e7al\u0131\u015fma takvimin bir cemiyetin vazge\u00e7ilmezi olmas\u0131 gerekti\u011fini s\u00f6yledi. Kayg\u0131s\u0131z, plans\u0131z programs\u0131z \u00e7al\u0131\u015fan cemiyetlerin pek fazla mesafe kaydedemediklerini dile getirdi. <\/p>\n<p>Daha sonra uzun bir konu\u015fma yapan B\u00f6lge Ba\u015fkan\u0131 \u00d6zcan Kuri \u015funlar\u0131 kaydetti; &#8220;\u015euan burada herbiriniz de\u011fi\u015fik \u015fubelerimizde g\u00f6rev yapan idarecilerimizsiniz, ama her biriniz ayr\u0131 g\u00f6revde olsan\u0131z da sonu\u00e7ta bizler Allah&#039;\u0131n r\u0131zas\u0131n\u0131 kazanmak i\u00e7in \u00e7al\u0131\u015f\u0131yoruz.Yapt\u0131\u011f\u0131m\u0131z g\u00f6revimizin bilincinde olmal\u0131y\u0131z ve te\u015fkilat prensipleri ve hiyerar\u015fik yap\u0131m\u0131z do\u011frultusunda \u00e7al\u0131\u015fma yapmal\u0131y\u0131z.Te\u015fkilat yap\u0131m\u0131z do\u011frultusunda b\u00fcg\u00fcne kadar ihmal edilen \u015fube tefti\u015fleri bu \u00e7al\u0131\u015fma d\u00f6neminde yap\u0131lacak ve 25 \u015fubemiz tefti\u015f edilecektir. \u0130lk tefti\u015fi Genel Merkez Tefti\u015f Ba\u015fkan\u0131 ve ekibi&nbsp; b\u00f6lgemizde, \u015fube olarakta Hamm Pelkum \u015fubesinde yap\u0131ld\u0131. Bizde B\u00f6lge Tefti\u015fimizi Hamm Heessen&#039;le ba\u015flatt\u0131k. \u00c7al\u0131\u015fma takviminde tarihleri belli olan<br \/>\n\u015fubelerimizin tefti\u015fleri yap\u0131lacakt\u0131r. B\u00f6lge e\u011fitim ve merkez binam\u0131zla alakal\u0131 belediyenin karar\u0131 beklenmekte. Biz B\u00f6lge olarak EMUG&#039;la birlikte plan projeyi iki ay \u00f6nce belediyeye teslim ettik ve yap\u0131lan g\u00f6r\u00fc\u015fmelerde bu ay\u0131n sonunda karar\u0131n verilece\u011fi bildirildi.<\/p>\n<p>Bu d\u00f6neme iki yeni \u015fubemizle start vermek istedik. Lakin biri haz\u0131rl\u0131klarda gecikme oldu\u011fu i\u00e7in \u00e7al\u0131\u015fmalar\u0131na ba\u015flayamad\u0131. 31. Cemiyetimiz olarak Borken \u015eubemiz Ramazan&#039;\u0131n 1. g\u00fcn\u00fc&nbsp; ba\u015flad\u0131. Buradan Borken \u015eube Ba\u015fkan\u0131m\u0131z Necmi Yaz\u0131c\u0131 ve idareci karde\u015flerimizi tebrik ediyor,&nbsp; hay\u0131rl\u0131 hizmetlerinin devam\u0131n\u0131 bekliyoruz. Bu sene b\u00f6lge olarak da bir ilke daha imza atmak istiyoruz&#8230; M\u00fcnster&#039;e te\u015fkilat evi ve \u00f6\u011frenci evi acmak i\u00e7in \u00e7al\u0131\u015fma ba\u015flatt\u0131k in\u015faallah en k\u0131sa zamanda bu m\u00fcjdeyide sizlerle payla\u015fmay\u0131 \u00fcmid ediyorum. Gen\u00e7lik Te\u015fkilat\u0131m\u0131z Y\u0131ld\u0131z E\u011fitim&#039;inde 3. s\u0131n\u0131fla yoluna devam ediyor. K\u0131z Genclik Te\u015fkilat\u0131m\u0131z da &#039;H\u0131ra&#039;Projesi ile bu d\u00f6nemde yeni bir \u00e7al\u0131\u015fma ba\u015flatt\u0131, her \u015fubeden en az iki k\u0131z\u0131m\u0131z bu projeye kat\u0131l\u0131yor. Onlar\u0131n da \u00f6n\u00fcm\u00fczdeki senelerde Y\u0131ld\u0131z E\u011fitim&#039;inde oldu\u011fu gibi di\u011fer b\u00f6lgelere \u00f6rnek olacak bir \u00e7al\u0131\u015fma yapacaklar\u0131na inan\u0131yor K\u0131z Gen\u00e7lik Te\u015fkilat\u0131m\u0131z\u0131 tebrik ediyorum.<\/p>\n<p>Her birinize \u015fubelerinizde ba\u015far\u0131lar diliyor yar\u0131nlar\u0131m\u0131z\u0131n daha iyi olmas\u0131 i\u00e7in gayretle \u00e7al\u0131\u015fman\u0131z\u0131 istiyorum&#8230;Hayat bo\u015fluk kabul etmiyor. \u00c7ocuklar\u0131m\u0131za bizler sahip c\u0131kmazsak sorumluluktan kurtulamay\u0131z&#8221;\u009d diyerek s\u00f6zlerini sonland\u0131ran B\u00f6lge Ba\u015fkan\u0131 herkese hay\u0131rl\u0131 \u00e7al\u0131\u015fmalar diledi. Genisletilmis idareciler toplant\u0131s\u0131 okunan Kur&#039;an-\u0131 Kerim&#039;le son buldu.(ik)<\/p>\n","protected":false},"excerpt":{"rendered":"<p>IGMG Ruhr-A B\u00f6lgesi 2009-2010 \u00e7al\u0131\u015fma y\u0131l\u0131n\u0131n ilk &#8220;Geni\u015fletilmi\u015f \u0130dareciler Toplant\u0131s\u0131&#8221;\u009dn\u0131  Dortmund Megastar salonunda ger\u00e7ekle\u015ftirdi. <\/p>\n","protected":false},"author":1,"featured_media":0,"comment_status":"open","ping_status":"closed","sticky":false,"template":"","format":"standard","meta":{"ngg_post_thumbnail":0},"categories":[23238,24],"tags":[],"_links":{"self":[{"href":"https:\/\/www.igmg.org\/tr\/wp-json\/wp\/v2\/posts\/7877"}],"collection":[{"href":"https:\/\/www.igmg.org\/tr\/wp-json\/wp\/v2\/posts"}],"about":[{"href":"https:\/\/www.igmg.org\/tr\/wp-json\/wp\/v2\/types\/post"}],"author":[{"embeddable":true,"href":"https:\/\/www.igmg.org\/tr\/wp-json\/wp\/v2\/users\/1"}],"replies":[{"embeddable":true,"href":"https:\/\/www.igmg.org\/tr\/wp-json\/wp\/v2\/comments?post=7877"}],"version-history":[{"count":0,"href":"https:\/\/www.igmg.org\/tr\/wp-json\/wp\/v2\/posts\/7877\/revisions"}],"wp:attachment":[{"href":"https:\/\/www.igmg.org\/tr\/wp-json\/wp\/v2\/media?parent=7877"}],"wp:term":[{"taxonomy":"category","embeddable":true,"href":"https:\/\/www.igmg.org\/tr\/wp-json\/wp\/v2\/categories?post=7877"},{"taxonomy":"post_tag","embeddable":true,"href":"https:\/\/www.igmg.org\/tr\/wp-json\/wp\/v2\/tags?post=7877"}],"curies":[{"name":"wp","href":"https:\/\/api.w.org\/{rel}","templated":true}]}}