{"id":7933,"date":"2009-10-04T10:00:00","date_gmt":"2009-10-04T08:00:00","guid":{"rendered":"https:\/\/www.igmg.org\/?p=7933"},"modified":"2015-02-16T10:47:00","modified_gmt":"2015-02-16T09:47:00","slug":"ka%c2%b6ln-fatih-camiiaenden-bayram-ayenliaeyi","status":"publish","type":"post","link":"https:\/\/www.igmg.org\/tr\/ka%c2%b6ln-fatih-camiiaenden-bayram-ayenliaeyi\/","title":{"rendered":"K\u00f6ln Fatih Camii&#8217;nden bayram \u015fenli\u011fi"},"content":{"rendered":"<p><b><span lang=\"TR\"><\/span><\/b><span lang=\"TR\">Sunuculu\u011funu Hatice Karao\u011flu ve Derya Ba\u015fkurt&#8217;un yapt\u0131\u011f\u0131 program, okunan Kur&#8217;an-\u0131 Kerim ile ba\u015flad\u0131. <\/span>\u00c7ocuklara y\u00f6nelik haz\u0131rlanan bayram \u015fenli\u011finde \u00e7ocuklar kendileri i\u00e7in haz\u0131rlanan de\u011fi\u015fik oyunlar\u0131 oynarlarken anneler de seminere kat\u0131ld\u0131.<\/p>\n<p><span lang=\"TR\">&nbsp;<\/span><\/p>\n<p><span lang=\"TR\">&nbsp;<\/span>&#8220;Bayram, \u00e7ocuklar ve Peygamberimiz&#8221;\u009d konulu seminer B\u00f6lge hatibelerinden Ruken Karabulut taraf\u0131ndan&nbsp; verildi. &nbsp;&#8220;Peygamberimiz devrinde bayram g\u00fcnleri mescidlerin etraf\u0131 \u00e7ocuk ve kad\u0131nlarla dolard\u0131&#8221;\u009d diyen Karabulut, Peygamberimizin&nbsp; bayram g\u00fcnleri namaz \u00e7\u0131k\u0131\u015f\u0131nda \u00e7ocuklar\u0131n ba\u015flar\u0131n\u0131 tek tek ok\u015fayarak onlar\u0131 hurmalarla sevindirdi\u011fini anlatt\u0131. G\u00fcn\u00fcm\u00fczde malesef baz\u0131 M\u00fcsl\u00fcmanlar\u0131n evlerinde, anne babalar\u0131n oru\u00e7 tuttarken &nbsp;\u00e7ocuklar\u0131n oru\u00e7 tutmad\u0131\u011f\u0131ndan bahseden Karabulut, bu \u00e7ocuklar i\u00e7in bayram\u0131n sadece tatl\u0131 yemek ve har\u00e7l\u0131k almak anlam\u0131na geldi\u011fini, bu tehlikeye d\u00fc\u015fmemek i\u00e7in t\u00fcm ev halk\u0131n\u0131n gerek Ramazan Ay\u0131&#8217;n\u0131 gerekse bayram\u0131 hakk\u0131yla ya\u015famas\u0131 gerekti\u011fini vurgulad\u0131. Bayram g\u00fcnleri yaln\u0131zca babalar ve o\u011fullar\u0131n de\u011fil annelerin de k\u0131zlar\u0131n\u0131 alarak bayram namaz\u0131na gitmesinin bu a\u00e7\u0131dan \u00f6nemli oldu\u011funu kaydeden Karabulut, bu sayede bayram\u0131n t\u00fcm ev halk\u0131 taraf\u0131ndan daha iyi hissedilece\u011fini belirtti. Karabulut, bayram hutbelerinin de \u00e7ocuklar\u0131n anlayabilece\u011fi \u015fekilde sade bir dilde yap\u0131lmas\u0131 gerekti\u011fini vurgulad\u0131.<\/p>\n<p><span lang=\"TR\">&nbsp;<\/span><\/p>\n<p><span lang=\"TR\">Program daha sonra \u015fiir, f\u0131kralar ve bilmecelerle devam etti. Fatih Camii Kad\u0131n Kollar\u0131 yetkilileri Fatih Camii&#8217;nin tadilat\u0131 sebebiyle, faaliyetlerde \u00e7e\u015fitli s\u0131k\u0131nt\u0131lar ya\u015fad\u0131klar\u0131n\u0131, ancak her zorlu\u011fa ra\u011fmen \u00e7ocuklar i\u00e7in bayram kutlamas\u0131 yapmak istediklerini belirttiler.&nbsp; <\/span>Kad\u0131n Kollar\u0131 yetkilileri ayr\u0131ca Fatih Camii tadilat\u0131na katk\u0131da bulunan herkese i\u00e7ten te\u015fekk\u00fcrlerini dile getirdiler.<\/p>\n<p><span lang=\"TR\">&nbsp;<\/span><\/p>\n<p><span lang=\"TR\">Program B\u00f6lge Anaokulu \u00e7ocuklar\u0131n\u0131n okudu\u011fu selavatlarla sona erdi. \u015eenlikte ayr\u0131ca geliri tadilat ve yeniden in\u015faa \u00e7al\u0131\u015fmalar\u0131 s\u00fcren K\u00f6ln Fatih Camii&#8217;ne&nbsp; <\/span>aktar\u0131lmak \u00fczere yiyecek sat\u0131\u015f\u0131 yap\u0131ld\u0131. (ik)<\/p>\n<p class=\"boxiki\"><span lang=\"TR\">IGMG K\u00f6ln Fatih Camii&#8217;ne yard\u0131mlar\u0131n\u0131z i\u00e7in hesap numaras\u0131:<\/span><span lang=\"TR\"><\/span><\/p>\n<p class=\"boxiki\"><span lang=\"TR\">IGMG Ortsverein K\u00f6ln-Nippes e.V. &nbsp; &nbsp; &nbsp; &nbsp; &nbsp; &nbsp; &nbsp; &nbsp; &nbsp; &nbsp; &nbsp; &nbsp; &nbsp; &nbsp; &nbsp; &nbsp; &nbsp; &nbsp; &nbsp; &nbsp; &nbsp; &nbsp; &nbsp; &nbsp; &nbsp; &nbsp; &nbsp; &nbsp; &nbsp; &nbsp; Stadtsparkasse K\u00f6ln &nbsp; &nbsp; &nbsp; &nbsp; &nbsp; &nbsp; &nbsp; &nbsp; &nbsp; &nbsp; &nbsp; &nbsp; &nbsp; &nbsp; &nbsp; &nbsp; &nbsp; &nbsp; &nbsp; &nbsp; &nbsp; &nbsp; &nbsp; &nbsp; &nbsp; &nbsp; &nbsp; &nbsp; &nbsp; &nbsp; &nbsp; &nbsp; &nbsp; &nbsp; &nbsp; &nbsp; &nbsp; &nbsp; &nbsp; &nbsp; &nbsp; &nbsp; &nbsp; Kontonr.: 280 020 95 &nbsp; &nbsp; &nbsp; &nbsp; &nbsp; &nbsp; &nbsp; &nbsp; &nbsp; &nbsp; &nbsp; &nbsp; &nbsp; &nbsp; &nbsp; &nbsp; &nbsp; &nbsp; &nbsp; &nbsp; &nbsp; &nbsp; &nbsp; &nbsp; &nbsp; &nbsp; &nbsp; &nbsp; &nbsp; &nbsp; &nbsp; &nbsp; &nbsp; &nbsp; &nbsp; &nbsp; &nbsp; &nbsp; &nbsp; &nbsp; &nbsp; &nbsp; &nbsp; &nbsp; BLZ: 370 501 98<\/span><\/p>\n","protected":false},"excerpt":{"rendered":"<p>IGMG K\u00f6ln B\u00f6lgesi Fatih Camii Kad\u0131n Kollar\u0131 ve K\u00f6ln B\u00f6lgesi \u00c7ocuk Kul\u00fcb\u00fc taraf\u0131ndan ortakla\u015fa d\u00fczenlenen bayram \u015fenli\u011fi, K\u00f6ln B\u00f6lge Salonu&#8217;nda ger\u00e7ekle\u015ftirildi.<\/p>\n","protected":false},"author":1,"featured_media":0,"comment_status":"open","ping_status":"closed","sticky":false,"template":"","format":"standard","meta":{"ngg_post_thumbnail":0},"categories":[23238,24,23257],"tags":[],"_links":{"self":[{"href":"https:\/\/www.igmg.org\/tr\/wp-json\/wp\/v2\/posts\/7933"}],"collection":[{"href":"https:\/\/www.igmg.org\/tr\/wp-json\/wp\/v2\/posts"}],"about":[{"href":"https:\/\/www.igmg.org\/tr\/wp-json\/wp\/v2\/types\/post"}],"author":[{"embeddable":true,"href":"https:\/\/www.igmg.org\/tr\/wp-json\/wp\/v2\/users\/1"}],"replies":[{"embeddable":true,"href":"https:\/\/www.igmg.org\/tr\/wp-json\/wp\/v2\/comments?post=7933"}],"version-history":[{"count":0,"href":"https:\/\/www.igmg.org\/tr\/wp-json\/wp\/v2\/posts\/7933\/revisions"}],"wp:attachment":[{"href":"https:\/\/www.igmg.org\/tr\/wp-json\/wp\/v2\/media?parent=7933"}],"wp:term":[{"taxonomy":"category","embeddable":true,"href":"https:\/\/www.igmg.org\/tr\/wp-json\/wp\/v2\/categories?post=7933"},{"taxonomy":"post_tag","embeddable":true,"href":"https:\/\/www.igmg.org\/tr\/wp-json\/wp\/v2\/tags?post=7933"}],"curies":[{"name":"wp","href":"https:\/\/api.w.org\/{rel}","templated":true}]}}