{"id":8036,"date":"2009-10-19T10:00:00","date_gmt":"2009-10-19T08:00:00","guid":{"rendered":"https:\/\/www.igmg.org\/?p=8036"},"modified":"2015-02-16T10:46:56","modified_gmt":"2015-02-16T09:46:56","slug":"igmg-ramazanaeda-muhtaa%c2%a7larae%c2%b1n-yanae%c2%b1nda-oldu","status":"publish","type":"post","link":"https:\/\/www.igmg.org\/tr\/igmg-ramazanaeda-muhtaa%c2%a7larae%c2%b1n-yanae%c2%b1nda-oldu\/","title":{"rendered":"IGMG Ramazan&#8217;da muhta\u00e7lar\u0131n yan\u0131nda oldu"},"content":{"rendered":"<p><span lang=\"TR\">\u0130slam Toplumu Mill\u00ee G\u00f6r\u00fc\u015f Te\u015fkilat\u0131&#039;n\u0131n finanse etti\u011fi 2009 y\u0131l\u0131 Ramazan Ay\u0131 yard\u0131m projesinde&nbsp; <\/span>IHH e.V. 7 \u00fclkede projeyi uygulayan kurulu\u015f oldu. IHH e.V, yard\u0131m organizesinin yap\u0131lmas\u0131, \u00e7al\u0131smalar\u0131n kontrol ve takibini b\u00fcy\u00fck bir titizlikle tamamlam\u0131\u015ft\u0131r.<\/p>\n<p><span lang=\"TR\">&nbsp;<\/span><\/p>\n<p><span lang=\"TR\">2009 y\u0131l\u0131 Ramazan Ay\u0131&#039;nda; T\u00fcrkiye&#039;de 1400, &nbsp;<\/span>Banglade\u015f&#039;te 2500,<b> <\/b>L\u00fcbnan&#039;da 400,<b> <\/b>Nijer&#039;de&nbsp; 200,<b> <\/b>Yemen&#039;de 100,<b> <\/b>Endonezya&#039;da 50 Aile,<b> <\/b>Pakistan&#039;da ise 1066 aile olmak \u00fczere 7 \u00fclkede toplam 5716 aileye, IHH e.V arac\u0131l\u0131\u011f\u0131yla 86.000 \u00e2\u201a\u00ac de\u011ferinde kumanya yard\u0131m\u0131 ula\u015ft\u0131r\u0131lm\u0131\u015ft\u0131r. Ortalama15 \u00e2\u201a\u00ac\u00c2\u00b4ya tekabul eden<b> <\/b>kumanya paketleri; pirinc, mercimek, nohut, fasulye, \u015feker, makarna, hurma, &nbsp;re\u00e7el ve s\u00fct tozu gibi temel g\u0131da maddelerinden haz\u0131rlanm\u0131\u015ft\u0131r.<\/p>\n<p><span lang=\"TR\">&nbsp;<\/span><\/p>\n<p><span lang=\"TR\">Ramazan yard\u0131mlar\u0131n\u0131n &nbsp;<\/span>ger\u00e7ekle\u015ftirildi\u011fi \u00fclkelerin \u00e7o\u011funda; a\u00e7l\u0131k, kurakl\u0131k, sefalet,&nbsp; e\u011fitimsizlik, ekonomik zaafiyet,&nbsp; d\u0131\u015fa ba\u011f\u0131ml\u0131l\u0131k, i\u00e7 sava\u015f, sa\u011fl\u0131k ve altyap\u0131 hizmetlerinin eksikli\u011fi ba\u015fl\u0131ca problemler olarak \u00f6ne \u00e7\u0131kmaktad\u0131r. &nbsp; <\/p>\n<p><span lang=\"TR\">Kumanyalar\u0131n da\u011f\u0131t\u0131m\u0131nda fakir ailelere, dul ve yetimlere,&nbsp; <\/span>hasta ve kimsesiz ma\u011fdurlara ve iftar \u00e7ad\u0131rlar\u0131na \u00f6ncelik verilmi\u015ftir. Da\u011f\u0131t\u0131m s\u0131ras\u0131nda izdiham ya\u015fanmam\u0131\u015f, kumanyalardan herkesin istifade edebilmesi i\u00e7in bir b\u00f6lgeden ziyade bir \u00e7ok b\u00f6lgede da\u011f\u0131t\u0131m yap\u0131lm\u0131\u015ft\u0131r. <\/p>\n<p><span lang=\"TR\">&nbsp;<\/span><\/p>\n<p><b><span lang=\"TR\">Bozkurt: Camiam\u0131za sonsuz te\u015fekk\u00fcrler<\/span><\/b><\/p>\n<p><span lang=\"TR\">&nbsp;<\/span><\/p>\n<p>Konuyla ilgili bilgi veren IGMG Sosyal Hizmetler Ba\u015fkan\u0131 Ali Bozkurt, &#8220;T\u00fcrkiye, Pakistan, Banglade\u015f, L\u00fcbnan, Nijer, Yemen ve Endonezya&#039;da yard\u0131mlar IHH e.V. (Avrupa IHH) taraf\u0131ndan koordine edildi. Biz ise IGMG olarak g\u00f6zlemci g\u00f6ndererek da\u011f\u0131t\u0131ma kat\u0131ld\u0131k. Bosna-Hersek, Sancak, Kosova, Arnavutluk, Makedonya&#039;da ise bu \u00fclkelerdeki partner kurulu\u015flar arac\u0131l\u0131\u011f\u0131yla bu yard\u0131mlar en sa\u011fl\u0131kl\u0131 bir \u015fekilde ma\u011fdur, mazlum ve yoksullara ula\u015ft\u0131r\u0131ld\u0131. Partner kurulu\u015flar\u0131m\u0131z\u0131n bu \u00fclkelerde yapt\u0131klar\u0131 tesbit \u00e7al\u0131\u015fmalar\u0131 sayesinde ger\u00e7ek ma\u011fdur, fakir ve yoksullara daha iyi ula\u015fabildik&#8230;Yap\u0131lan ba\u015far\u0131l\u0131 organizasyon sayesinde fitre ve zekatlar\u0131n\u0131z L\u00fcbnan&#039;da Filistin M\u00fclteci Kamplar\u0131&#039;na ve di\u011fer \u00fclkelerdeki muhta\u00e7lara&nbsp; ula\u015ft\u0131&#8230; 86.000 \u00e2\u201a\u00ac de\u011ferindeki yard\u0131m\u0131 IHH e.V. arac\u0131l\u0131\u011f\u0131yla yapt\u0131k. Bizim direk yapt\u0131\u011f\u0131m\u0131z yard\u0131mlarla beraber bu miktar 100.500 \u00e2\u201a\u00ac olmu\u015ftur. Bizzat ben de yard\u0131m da\u011f\u0131t\u0131mlar\u0131na kat\u0131larak, bu t\u00fcr yard\u0131mlara insanlar\u0131n ne kadar \u00e7ok ihtiyac\u0131 oldu\u011funu daha yak\u0131ndan g\u00f6rd\u00fcm. Bizleri bu \u00e7al\u0131\u015fmalarda &nbsp;yaln\u0131z b\u0131rakmayan camiam\u0131za&nbsp; en i\u00e7ten te\u015fekk\u00fcrlerimi sunar\u0131m&#8221;\u009d \u015feklinde konu\u015ftu. (ik)<\/p>\n","protected":false},"excerpt":{"rendered":"<p>IGMG Zekat ve Fitre Fonu kapsam\u0131nda ger\u00e7ekle\u015ftirilen Ramazan yard\u0131mlar\u0131 T\u00fcrkiye, Pakistan, Banglade\u015f, L\u00fcbnan, Bosna-Hersek, Sancak, Kosova, Arnavutluk, Makedonya, Nijer, Yemen ve Endonezya&#8217;da olmak \u00fczere 12 ayr\u0131 \u00fclkede ihtiya\u00e7 sahiplerine ula\u015ft\u0131r\u0131ld\u0131. 7 \u00fclkede yap\u0131lan da\u011f\u0131t\u0131mlar IHH e.V arac\u0131l\u0131\u011f\u0131 ile ger\u00e7ekle\u015ftirildi.<\/p>\n","protected":false},"author":1,"featured_media":0,"comment_status":"open","ping_status":"closed","sticky":false,"template":"","format":"standard","meta":{"ngg_post_thumbnail":0},"categories":[23238,24],"tags":[],"_links":{"self":[{"href":"https:\/\/www.igmg.org\/tr\/wp-json\/wp\/v2\/posts\/8036"}],"collection":[{"href":"https:\/\/www.igmg.org\/tr\/wp-json\/wp\/v2\/posts"}],"about":[{"href":"https:\/\/www.igmg.org\/tr\/wp-json\/wp\/v2\/types\/post"}],"author":[{"embeddable":true,"href":"https:\/\/www.igmg.org\/tr\/wp-json\/wp\/v2\/users\/1"}],"replies":[{"embeddable":true,"href":"https:\/\/www.igmg.org\/tr\/wp-json\/wp\/v2\/comments?post=8036"}],"version-history":[{"count":0,"href":"https:\/\/www.igmg.org\/tr\/wp-json\/wp\/v2\/posts\/8036\/revisions"}],"wp:attachment":[{"href":"https:\/\/www.igmg.org\/tr\/wp-json\/wp\/v2\/media?parent=8036"}],"wp:term":[{"taxonomy":"category","embeddable":true,"href":"https:\/\/www.igmg.org\/tr\/wp-json\/wp\/v2\/categories?post=8036"},{"taxonomy":"post_tag","embeddable":true,"href":"https:\/\/www.igmg.org\/tr\/wp-json\/wp\/v2\/tags?post=8036"}],"curies":[{"name":"wp","href":"https:\/\/api.w.org\/{rel}","templated":true}]}}