{"id":8074,"date":"2009-10-27T10:00:00","date_gmt":"2009-10-27T09:00:00","guid":{"rendered":"https:\/\/www.igmg.org\/?p=8074"},"modified":"2015-02-16T10:46:54","modified_gmt":"2015-02-16T09:46:54","slug":"hac-seferlerimiz-baaylae%c2%b1yor","status":"publish","type":"post","link":"https:\/\/www.igmg.org\/tr\/hac-seferlerimiz-baaylae%c2%b1yor\/","title":{"rendered":"Hac seferlerimiz ba\u015fl\u0131yor"},"content":{"rendered":"<p><span lang=\"TR\">\u0130lk kafileler, \u0130stanbul \u00fczerinden Medine&#8217;ye hareket ediyorlar. Organizenin son kafileleri ise Paris, Linz, Danimarka ve G\u00fcney Hollanda kafileleri olacak. Bu kafileler 21 Kas\u0131m&#8217;da hareket edecek.<\/span><\/p>\n<p><span lang=\"TR\">260 g\u00f6revli ile hizmet verecek olan IGMG<\/span><span lang=\"TR\">&#8220;\u02c6<\/span><span lang=\"TR\">Hac Organizesi&#8217;nde 25 de sa\u011fl\u0131k g\u00f6revlisi bulunuyor. Medine&#8217;de 5 ve Mekke&#8217;de de 6 otelde hizmet verilecek. Mekke&#8217;de otellerden Kabe&#8217;ye 24 saat otob\u00fcs hizmeti de verilecek.<\/span><\/p>\n<p><span lang=\"TR\">Yap\u0131lacak hizmetlerin daha iyi bir \u015fekilde verilebilmesi i\u00e7in IGMG<\/span><span lang=\"TR\">&#8220;\u02c6<\/span><span lang=\"TR\">Genel Merkezi&#8217;nde yap\u0131lan toplant\u0131lara g\u00f6revlilerin yan\u0131 s\u0131ra THY<\/span><span lang=\"TR\">&#8220;\u02c6<\/span><span lang=\"TR\">\u0130stanbul Havaalan\u0131 M\u00fcd\u00fcr\u00fc ve Hac Sorumlusu H\u00fcseyin \u00c7elik de kat\u0131ld\u0131. H\u00fcseyin \u00c7elik, hac gibi k\u0131sa bir d\u00f6nemde \u00e7ok say\u0131da u\u00e7u\u015fun ger\u00e7ekle\u015fmesi dolay\u0131s\u0131yla hizmetlerin daha verimli bir \u015fekilde yap\u0131lmas\u0131 i\u00e7in THY taraf\u0131ndan al\u0131nan tedbirleri anlatt\u0131\u011f\u0131 konu\u015fmas\u0131nda, kafile ba\u015fkanlar\u0131n\u0131n da bu kurallara uyulmas\u0131 hususunda hac\u0131lar\u0131 bilgilendirmelerini istedi.<\/span><\/p>\n<p><span lang=\"TR\">40. y\u0131l\u0131na giren IGMG<\/span><span lang=\"TR\">&#8220;\u02c6<\/span><span lang=\"TR\">Hac Organizasyonu ile bu sene 39 kafile hacca gidiyor. Son haz\u0131rl\u0131klar\u0131n\u0131 yapan IGMG<\/span><span lang=\"TR\">&#8220;\u02c6<\/span><span lang=\"TR\">Hac Organizesi, hac vizelerini, ba\u015fta Suudi Arabistan Berlin Konsoloslu\u011fu olmak \u00fczere di\u011fer konsolosluklardan almaya ba\u015flad\u0131. Kafilelerin hareket durumuna g\u00f6re vizeler al\u0131nmaya devam edecek.<\/span><\/p>\n<p><span lang=\"TR\">IGMG<\/span><span lang=\"TR\">&#8220;\u02c6<\/span><span lang=\"TR\">Hac Organizesi Yetkilileri, hac\u0131 adaylar\u0131na u\u00e7u\u015flar\u0131 ile ilgili bilgilerin ayr\u0131ca mektup ile ula\u015ft\u0131r\u0131laca\u011f\u0131n\u0131, ilk kafillerle gidecek olanlara bu bilgilendirmenin yap\u0131ld\u0131\u011f\u0131n\u0131 a\u00e7\u0131klad\u0131lar.<\/span><\/p>\n<p><span lang=\"TR\">IGMG<\/span><span lang=\"TR\">&#8220;\u02c6<\/span><span lang=\"TR\">Hac Organizasyonu&#8217;nun ilk d\u00f6nen kafilesi, 1 Aral\u0131k tarihinde Cidde&#8217;den hareket edecek. En son gelecek olan kafile ise 20 Aral\u0131k tarihinde Medine&#8217;den hareket edecek.<\/span><\/p>\n<p><span lang=\"TR\">&nbsp;<\/span><\/p>\n<p><b><span lang=\"TR\">Sa\u011fl\u0131\u011fa dikkat!<\/span><\/b><span lang=\"TR\"><\/span><\/p>\n<p><span lang=\"TR\">\u00d6te yandan, hac mevsiminde, hac\u0131 adaylar\u0131n\u0131n bu sene di\u011fer senelere oranla daha fazla hijyenik \u015fartlara riayet etmeleri isteniyor. \u00d6zellikle kalabal\u0131k yerlerde mutlaka maske kullanmalar\u0131 istenen hac\u0131 adaylar\u0131n\u0131n, imkan bulduklar\u0131 s\u00fcrece de s\u00fcrekli olarak ellerini y\u0131kamalar\u0131 isteniyor. Bu arada, hac organizesinin rahat bir \u015fekilde yap\u0131labilmesi i\u00e7in, hac\u0131 adaylar\u0131n\u0131n kafile ve grup ba\u015fkanlar\u0131n\u0131n talimatlar\u0131na uymas\u0131 da isteniyor.<\/span><\/p>\n","protected":false},"excerpt":{"rendered":"<p>IGMG Hadsch-Umra Reisen GmbH&#8217;n\u0131n organize etti\u011fi hac seferleri, 30 Ekim&#8217;de D\u00fcsseldorf ve Schwaben kafilelerinin haraketi ile ba\u015fl\u0131yor.<\/p>\n","protected":false},"author":1,"featured_media":0,"comment_status":"open","ping_status":"closed","sticky":false,"template":"","format":"standard","meta":{"ngg_post_thumbnail":0},"categories":[23238,24],"tags":[],"_links":{"self":[{"href":"https:\/\/www.igmg.org\/tr\/wp-json\/wp\/v2\/posts\/8074"}],"collection":[{"href":"https:\/\/www.igmg.org\/tr\/wp-json\/wp\/v2\/posts"}],"about":[{"href":"https:\/\/www.igmg.org\/tr\/wp-json\/wp\/v2\/types\/post"}],"author":[{"embeddable":true,"href":"https:\/\/www.igmg.org\/tr\/wp-json\/wp\/v2\/users\/1"}],"replies":[{"embeddable":true,"href":"https:\/\/www.igmg.org\/tr\/wp-json\/wp\/v2\/comments?post=8074"}],"version-history":[{"count":0,"href":"https:\/\/www.igmg.org\/tr\/wp-json\/wp\/v2\/posts\/8074\/revisions"}],"wp:attachment":[{"href":"https:\/\/www.igmg.org\/tr\/wp-json\/wp\/v2\/media?parent=8074"}],"wp:term":[{"taxonomy":"category","embeddable":true,"href":"https:\/\/www.igmg.org\/tr\/wp-json\/wp\/v2\/categories?post=8074"},{"taxonomy":"post_tag","embeddable":true,"href":"https:\/\/www.igmg.org\/tr\/wp-json\/wp\/v2\/tags?post=8074"}],"curies":[{"name":"wp","href":"https:\/\/api.w.org\/{rel}","templated":true}]}}