{"id":8169,"date":"2009-11-06T11:34:00","date_gmt":"2009-11-06T10:34:00","guid":{"rendered":"https:\/\/www.igmg.org\/?p=8169"},"modified":"2015-02-16T10:46:52","modified_gmt":"2015-02-16T09:46:52","slug":"rhein-neckar-saar-ba%c2%b6lgesinde-yatae%c2%b1lae%c2%b1-eaeyitim-semineri","status":"publish","type":"post","link":"https:\/\/www.igmg.org\/tr\/rhein-neckar-saar-ba%c2%b6lgesinde-yatae%c2%b1lae%c2%b1-eaeyitim-semineri\/","title":{"rendered":"Rhein Neckar Saar B\u00f6lgesi&#8217;nde Yat\u0131l\u0131 E\u011fitim Semineri"},"content":{"rendered":"<p>Toplam 51 ki\u015fiden olu\u015fan gen\u00e7 grup, unutulmaz bir haftasonu ge\u00e7irdiler. Gen\u00e7ler, Rhein Neckar Saar B\u00f6lgesi Gen\u00e7lik Te\u015fkilat\u0131 E\u011fitim Ba\u015fkan\u0131 Mustafa Atsay ve komisyon \u00fcyelerinin gayretleri ile semineri ilk defa &#8220;Jugendherberge&#039;&#039; d\u0131\u015f\u0131nda bir tatil k\u00f6y\u00fcnde ge\u00e7irmi\u015f oldular.&nbsp; <\/p>\n<p>A\u00e7\u0131l\u0131\u015f konu\u015fmas\u0131 ile ba\u015flayan programda B\u00f6lge Ba\u015fkan\u0131 Ya\u015far \u00c7im\u015fit, bu Yat\u0131l\u0131 E\u011fitim Semineri&#039;nin ne kadar \u00f6nemli oldu\u011funu vurgulad\u0131. Daha sonra Walldorf Mevlana Camisi&#039;nin de\u011ferli \u0130mam Hatibi Bilal Ka\u00e7maz hocaefendi gen\u00e7lere \u00f6zel ders verdi. Frankenthal Hicret Camii \u0130mam Hatibi Nihat \u00c7ift\u00e7i (Kuddusi) gen\u00e7lere k\u0131yamet alametleri hakk\u0131nda bilgi verirken, musikinin ne t\u00fcr zararlar getirebilece\u011fini belirtti. Mini bir Asr-\u0131 Saadeti ya\u015fatan \u00f6zel e\u011fitimci gen\u00e7lere Peygamber Efendimizin (s.a.v) gen\u00e7li\u011fini ve gen\u00e7lere olan sevgisini anlatt\u0131. Mannheim \u00c7ar\u015f\u0131 Camii \u0130mam Hatibi Sait \u015eahin&#039;in&nbsp; kat\u0131l\u0131m\u0131 seminerde ayr\u0131 bir hava olu\u015fturdu. Ludwigshafen Alemi \u0130slam Camii \u0130mam Hatibi H\u00fcsn\u00fc \u00d6z&nbsp; de seminerde s\u00f6z alan e\u011fitimcilerdendi. <\/p>\n<p> 3 g\u00fcn s\u00fcren Yat\u0131l\u0131 E\u011fitim Semineri&#039;nde her kampta oldu\u011fu  gibi mangal ziyafeti de verildi. Kampta gen\u00e7ler \u00e7e\u015fitli k\u00fclt\u00fcrel oyunlarla da ho\u015fca vakit ge\u00e7irdi. Mannheim Fatih Camii \u0130mam Hatibi Celil Yal\u0131nk\u0131l\u0131\u00e7&#039;\u0131n s\u00fcpriz ziyareti ve yan\u0131nda misafir olarak getirdi\u011fi Genel Merkez Hatibi Osman Aslant\u00fcrk  ile Yat\u0131l\u0131 E\u011fitim Semineri g\u00fczel bir son buldu.<\/p>\n<p>Kapan\u0131\u015f konu\u015fmas\u0131 ve de\u011ferlendirme konu\u015fmas\u0131 yapan Rhein Neckar Saar B\u00f6lge Gen\u00e7lik Ba\u015fkan\u0131 \u0130hsan Alt\u0131nda\u015fo\u011flu bu kampta da yine unutmaz bir hava oldu\u011funu vurgulayarak, yine bulu\u015fmak \u00fczere gen\u00e7leri yolcu etti. Gen\u00e7ler ise hem mekan olarak&nbsp; hemde edindikleri bilgiler a\u00e7\u0131s\u0131ndan kamptan \u00e7ok memnun kald\u0131klar\u0131 belirterek y\u00f6neticilere te\u015fekk\u00fcrlerini dile getirdiler. (ik)<\/p>\n","protected":false},"excerpt":{"rendered":"<p>IGMG Rhein Neckar Saar B\u00f6lgesi Gen\u00e7lik Te\u015fkilat\u0131 2009\/2010 \u00e7al\u0131\u015fma y\u0131l\u0131n\u0131n ilk Yat\u0131l\u0131 E\u011fitim Semineri&#8217;ni Kr\u00f6ckelbach-F\u00fcrth \u015fehrinde ger\u00e7ekle\u015ftirdi.<\/p>\n","protected":false},"author":1,"featured_media":0,"comment_status":"open","ping_status":"closed","sticky":false,"template":"","format":"standard","meta":{"ngg_post_thumbnail":0},"categories":[23238,24],"tags":[],"_links":{"self":[{"href":"https:\/\/www.igmg.org\/tr\/wp-json\/wp\/v2\/posts\/8169"}],"collection":[{"href":"https:\/\/www.igmg.org\/tr\/wp-json\/wp\/v2\/posts"}],"about":[{"href":"https:\/\/www.igmg.org\/tr\/wp-json\/wp\/v2\/types\/post"}],"author":[{"embeddable":true,"href":"https:\/\/www.igmg.org\/tr\/wp-json\/wp\/v2\/users\/1"}],"replies":[{"embeddable":true,"href":"https:\/\/www.igmg.org\/tr\/wp-json\/wp\/v2\/comments?post=8169"}],"version-history":[{"count":0,"href":"https:\/\/www.igmg.org\/tr\/wp-json\/wp\/v2\/posts\/8169\/revisions"}],"wp:attachment":[{"href":"https:\/\/www.igmg.org\/tr\/wp-json\/wp\/v2\/media?parent=8169"}],"wp:term":[{"taxonomy":"category","embeddable":true,"href":"https:\/\/www.igmg.org\/tr\/wp-json\/wp\/v2\/categories?post=8169"},{"taxonomy":"post_tag","embeddable":true,"href":"https:\/\/www.igmg.org\/tr\/wp-json\/wp\/v2\/tags?post=8169"}],"curies":[{"name":"wp","href":"https:\/\/api.w.org\/{rel}","templated":true}]}}