{"id":8342,"date":"2009-11-29T09:00:00","date_gmt":"2009-11-29T08:00:00","guid":{"rendered":"https:\/\/www.igmg.org\/?p=8342"},"modified":"2015-02-16T10:46:45","modified_gmt":"2015-02-16T09:46:45","slug":"nijerya-ga%c2%b6na%c2%bclla%c2%bcleri-iay-baayae%c2%b1nda","status":"publish","type":"post","link":"https:\/\/www.igmg.org\/tr\/nijerya-ga%c2%b6na%c2%bclla%c2%bcleri-iay-baayae%c2%b1nda\/","title":{"rendered":"Nijerya g\u00f6n\u00fcll\u00fcleri i\u015f ba\u015f\u0131nda"},"content":{"rendered":"<p>Nijerya Afrika k\u0131tas\u0131n\u0131n merkezinde yer alan bir \u00fclke. Afrika&#8217;n\u0131n en fazla n\u00fcfusuna sahip olan \u00fclkenin y\u00fczde 70&#8217;i fakirlik s\u0131n\u0131r\u0131n\u0131n alt\u0131nda ya\u015f\u0131yor. \u00dclkede i\u00e7 \u00e7at\u0131\u015fmalar ya\u015fan\u0131yor. Hastal\u0131klar \u00fclkede \u00e7ok say\u0131da insan\u0131n \u00f6lmesine neden oluyor. Nijeryal\u0131lar\u0131n y\u00fczde 50&#8217;si M\u00fcsl\u00fcman, yakla\u015f\u0131k y\u00fczde 40&#8217;\u0131 Hristiyan, y\u00fczde 10&#8217;u ise di\u011fer dinlere mensup.<\/p>\n<p><b>IGMG G\u00f6n\u00fcll\u00fcleri Kano&#8217;da<\/b><\/p>\n<p>Okan \u00dc\u00e7\u00fcnc\u00fc, Adem Yi\u011fit, Mustafa Okumu\u015f ve Bekir Alta\u015f&#8217;tan olu\u015fan IGMG g\u00f6n\u00fcll\u00fcleri olarak 23 Kas\u0131m&#8217;da Frankfurt&#8217;ta ba\u015fl\u0131yan yolculu\u011fumuz 24 Kas\u0131m&#8217;da Nijerya&#8217;nin bir eyaleti olan Kano&#8217;ya ula\u015fmam\u0131zla son buldu. Orada bizleri Kano Eyaleti H\u00fck\u00fcmet Matbaas\u0131 Ba\u015fkan\u0131 Tasiu Omar Abbas kar\u015f\u0131lad\u0131 ve bir otele yerle\u015ftirdi. Kurban Kampanyam\u0131z\u0131 buradan y\u00f6netece\u011fiz. <\/p>\n<p>\u0130slam Toplumu Milli G\u00f6r\u00fc\u015f 2005 y\u0131l\u0131ndan bu yana Nijerya&#8217;y\u0131 IGMG Kurban Kampanyas\u0131&#8217;na dahil etmi\u015f durumda. Bu y\u0131l Kano, Kaduna, Palteau State ve Katsina eyaletlerinde&nbsp; 1500 kurban da\u011f\u0131tmay\u0131 planl\u0131yoruz. Kurbanlar, Kano h\u00fck\u00fcmeti ile i\u015fbirli\u011fi i\u00e7erisinde da\u011f\u0131t\u0131lacak. Kurbanlar\u0131n da\u011f\u0131t\u0131lmas\u0131n\u0131n yan\u0131 s\u0131ra Nijerya&#8217;da para yard\u0131m\u0131 da yap\u0131lacak.<\/p>\n<p>IGMG ekibi ayn\u0131 zamanda Kano&#8217;da mesleki e\u011fitim merkezi projesi \u00fczerine \u00e7al\u0131\u015f\u0131yor. Bunun i\u00e7in h\u00fck\u00fcmet &nbsp;temsilcileri Rabiu Zakariyau ve Abdulkerim Hassan ile \u00e7ar\u015famba g\u00fcn\u00fc bir toplant\u0131 yapt\u0131k. Proje yerli halk i\u00e7in e\u011fitim bakanl\u0131\u011f\u0131 taraf\u0131ndan sertifakalarla desteklenecek mesleki e\u011fitim yapabilecekleri i\u015fyerleri olu\u015fturulmas\u0131n\u0131 i\u00e7eriyor. Proje \u00e7er\u00e7evesinde burs imkanlar\u0131 verilerek, Kano eyaletindeki ba\u015far\u0131l\u0131 \u00f6\u011frencilere yurt d\u0131\u015f\u0131nda e\u011fitim imkanlar\u0131 sa\u011flanmas\u0131 planlan\u0131yor.&nbsp;<\/p>\n","protected":false},"excerpt":{"rendered":"<p>IGMG Kurban Kampanyas\u0131 2009 Nijerya g\u00f6n\u00fcll\u00fcleri 25 Kas\u0131m&#8217;da \u00fclkeye vard\u0131lar. H\u00fck\u00fcmet temsilcileri ile yap\u0131lan g\u00f6r\u00fc\u015fmelerde kurbanlar\u0131n d\u00f6rt  eyalette da\u011f\u0131t\u0131lmas\u0131 kararla\u015ft\u0131r\u0131ld\u0131. G\u00f6n\u00fcll\u00fcler ayr\u0131ca Nijerya&#8217;da e\u011fitim merkezi olu\u015fturmak i\u00e7in \u00f6n \u00e7al\u0131\u015fma yap\u0131yorlar.<\/p>\n","protected":false},"author":1,"featured_media":0,"comment_status":"open","ping_status":"closed","sticky":false,"template":"","format":"standard","meta":{"ngg_post_thumbnail":0},"categories":[23238,24],"tags":[],"_links":{"self":[{"href":"https:\/\/www.igmg.org\/tr\/wp-json\/wp\/v2\/posts\/8342"}],"collection":[{"href":"https:\/\/www.igmg.org\/tr\/wp-json\/wp\/v2\/posts"}],"about":[{"href":"https:\/\/www.igmg.org\/tr\/wp-json\/wp\/v2\/types\/post"}],"author":[{"embeddable":true,"href":"https:\/\/www.igmg.org\/tr\/wp-json\/wp\/v2\/users\/1"}],"replies":[{"embeddable":true,"href":"https:\/\/www.igmg.org\/tr\/wp-json\/wp\/v2\/comments?post=8342"}],"version-history":[{"count":0,"href":"https:\/\/www.igmg.org\/tr\/wp-json\/wp\/v2\/posts\/8342\/revisions"}],"wp:attachment":[{"href":"https:\/\/www.igmg.org\/tr\/wp-json\/wp\/v2\/media?parent=8342"}],"wp:term":[{"taxonomy":"category","embeddable":true,"href":"https:\/\/www.igmg.org\/tr\/wp-json\/wp\/v2\/categories?post=8342"},{"taxonomy":"post_tag","embeddable":true,"href":"https:\/\/www.igmg.org\/tr\/wp-json\/wp\/v2\/tags?post=8342"}],"curies":[{"name":"wp","href":"https:\/\/api.w.org\/{rel}","templated":true}]}}