{"id":8346,"date":"2009-11-26T10:55:00","date_gmt":"2009-11-26T09:55:00","guid":{"rendered":"https:\/\/www.igmg.org\/?p=8346"},"modified":"2015-02-16T10:46:45","modified_gmt":"2015-02-16T09:46:45","slug":"aeoekonuaymak-yetmez-gelin-paylaayalae%c2%b1maeoe","status":"publish","type":"post","link":"https:\/\/www.igmg.org\/tr\/aeoekonuaymak-yetmez-gelin-paylaayalae%c2%b1maeoe\/","title":{"rendered":"&#8220;Konu\u015fmak Yetmez, Gelin Payla\u015fal\u0131m!&#8221;"},"content":{"rendered":"<p>Dil ve k\u00fclt\u00fcr, zamana ve mekana ba\u011fl\u0131 olarak de\u011fi\u015fiklik arzetse de, tanr\u0131n\u0131n birli\u011fi iki dinin de ortak paydas\u0131n\u0131 olu\u015fturuyor. M\u00fcsl\u00fcmanlar\u0131n ve Arap D\u00fcnyas\u0131ndaki Hristiyanlar\u0131n Allah \u015feklinde tesmiye etti\u011fini, bir ba\u015fka k\u00fclt\u00fcr dairesinde bulunanlar Gott (tanr\u0131 ) olarak tan\u0131yorlar. \u0130mam Ramazan U\u00e7ar ve St. Georg-Borgfelde Protestan L\u00fcteriyen Kilisesi&#8217;nden rahip Kay Kraak ile Gunter Marwege; Kur&#8217;an ve \u0130ncil&#8217;den yapt\u0131klar\u0131 al\u0131nt\u0131larla herkesin bir olan Allah taraf\u0131ndan yarat\u0131ld\u0131\u011f\u0131n\u0131n ve onun iradesi ile \u015fekillenen \u00e7e\u015fitlili\u011fin bir par\u00e7as\u0131 oldu\u011funun alt\u0131n\u0131 \u00e7izdiler.<\/p>\n<p>Kur&#8217;an-\u0131n bir ayet-i kerimesinde \u015f\u00f6yle buyrulur: &#8221; Ey insanlar! Do\u011frusu biz sizi bir erkekle bir di\u015fiden yaratt\u0131k. Ve birbirinizle tan\u0131\u015fman\u0131z i\u00e7in sizi milletlere ve kabilelere ay\u0131rd\u0131k. Muhakkak ki Allah yan\u0131nda en de\u011ferli ve en \u00fcst\u00fcn\u00fcn\u00fcz O&#8217;ndan en \u00e7ok korkan\u0131n\u0131zd\u0131r. \u015e\u00fcphesiz Allah bilendir, her\u015feyden haberdar oland\u0131r.&#8221;\u009d (Hucurat,13)<\/p>\n<p>Kur&#8217;an ve \u0130ncil&#8217;den pasajlar\u0131n okunmas\u0131n\u0131n yan\u0131s\u0131ra, imam Osman \u00c7elik ve kilise korosundan Ingo M\u00fcller&#8217;in \u015fefli\u011finde ne\u015fidelerin terenn\u00fcm edilmesi programa renk katt\u0131. Seyircilerin de, ne\u015fidelere e\u015flik etti\u011finin g\u00f6zlendi\u011fi program, dinlerin karde\u015fli\u011finin birebir tecr\u00fcbe edilmesine de f\u0131rsat sa\u011flam\u0131\u015f oldu.<\/p>\n<p>Program\u0131n bitiminde; \u00fczerine dua, dilek ve niyazlar\u0131n yaz\u0131lmas\u0131 i\u00e7in kartlar da\u011f\u0131t\u0131ld\u0131 ve Rahip Marwege ile \u0130mam U\u00e7ar sayg\u0131, sevgi ve takdir duygular\u0131n\u0131 ve programdan duyduklar\u0131 memnuniyetleri dile getiren kartlar\u0131 sesli olarak okudu. Program caminin restoran\u0131nda ger\u00e7ekle\u015ftirilen \u00e7ay sohbetiyle sona erdi. (hya)<\/p>\n","protected":false},"excerpt":{"rendered":"<p>&#8220;Konu\u015fmak yetmez, gelin payla\u015fal\u0131m&#8221; \u015fiar\u0131ndan hareketle, Merkez Camii&#8217;nde, tek bir tanr\u0131ya iman ediyor olman\u0131n manas\u0131 mucibince, \u00e7ok say\u0131da M\u00fcsl\u00fcman&#8217;\u0131n ve Hristiyan&#8217;\u0131n kat\u0131ld\u0131\u011f\u0131 bir program tertip edildi.<\/p>\n","protected":false},"author":1,"featured_media":0,"comment_status":"open","ping_status":"closed","sticky":false,"template":"","format":"standard","meta":{"ngg_post_thumbnail":0},"categories":[23238,24],"tags":[],"_links":{"self":[{"href":"https:\/\/www.igmg.org\/tr\/wp-json\/wp\/v2\/posts\/8346"}],"collection":[{"href":"https:\/\/www.igmg.org\/tr\/wp-json\/wp\/v2\/posts"}],"about":[{"href":"https:\/\/www.igmg.org\/tr\/wp-json\/wp\/v2\/types\/post"}],"author":[{"embeddable":true,"href":"https:\/\/www.igmg.org\/tr\/wp-json\/wp\/v2\/users\/1"}],"replies":[{"embeddable":true,"href":"https:\/\/www.igmg.org\/tr\/wp-json\/wp\/v2\/comments?post=8346"}],"version-history":[{"count":0,"href":"https:\/\/www.igmg.org\/tr\/wp-json\/wp\/v2\/posts\/8346\/revisions"}],"wp:attachment":[{"href":"https:\/\/www.igmg.org\/tr\/wp-json\/wp\/v2\/media?parent=8346"}],"wp:term":[{"taxonomy":"category","embeddable":true,"href":"https:\/\/www.igmg.org\/tr\/wp-json\/wp\/v2\/categories?post=8346"},{"taxonomy":"post_tag","embeddable":true,"href":"https:\/\/www.igmg.org\/tr\/wp-json\/wp\/v2\/tags?post=8346"}],"curies":[{"name":"wp","href":"https:\/\/api.w.org\/{rel}","templated":true}]}}