{"id":8429,"date":"2009-12-09T10:46:00","date_gmt":"2009-12-09T09:46:00","guid":{"rendered":"https:\/\/www.igmg.org\/?p=8429"},"modified":"2015-02-16T10:46:37","modified_gmt":"2015-02-16T09:46:37","slug":"kurban-kampanyasae%c2%b1-pakistan-2","status":"publish","type":"post","link":"https:\/\/www.igmg.org\/tr\/kurban-kampanyasae%c2%b1-pakistan-2\/","title":{"rendered":"Kurban Kampanyas\u0131 Pakistan -2-"},"content":{"rendered":"<p><b><span lang=\"TR\"><\/span><\/b><span lang=\"TR\">\u0130lk \u00f6nce Lahor&#039;da yakla\u015f\u0131k 200 fakire et da\u011f\u0131tt\u0131k. Viral etkiden dolay\u0131 kampanyam\u0131z\u0131 duyan insanlar duymayanlara s\u00f6yl\u00fcyorlar ve fazla vakit ge\u00e7meden bir \u00e7ok fakir kap\u0131m\u0131za dayan\u0131yor. Kimseyi eli bo\u015f g\u00f6ndermiyoruz. Burada da\u011f\u0131l\u0131m\u0131 yapt\u0131ktan sonra Sargodha \u015fehrine gidiyoruz. Lahor \u015fehrinden 175 km uzakl\u0131kta bir \u015fehir buras\u0131. Orada bir k\u00f6y\u00fc ziyaret ediyoruz. \u0130nsanlar\u0131n durumu i\u00e7ler ac\u0131s\u0131. Bir \u00e7ogu en az sekiz ki\u015fi ile iki odal\u0131, ta\u015ftan \u00f6r\u00fclm\u00fc\u015f k\u00fc\u00e7\u00fck evlerde ya\u015f\u0131yorlar. Sokaklar\u0131 \u00e7amur i\u00e7inde.<\/span><\/p>\n<p><span lang=\"TR\">&nbsp;<\/span><\/p>\n<p><span lang=\"TR\">Kap\u0131 kap\u0131 geziyor Sargodha&#039;n\u0131n fakir halk\u0131na et ve har\u00e7l\u0131k da\u011f\u0131t\u0131yoruz. Kimileri \u00e7ok seviniyor, kimileri g\u00f6zya\u015flar\u0131na hakim olam\u0131yorlar. K\u00f6yden ayr\u0131lmadan \u00f6nce k\u00f6y halk\u0131yla toplan\u0131yor, ellerimizi semaya kald\u0131r\u0131yoruz. K\u00f6y\u00fcn imam\u0131 k\u0131sa bir dua yap\u0131yor: &#8220;Ya Rabbi! Avrupa&#039;daki M\u00fcsl\u00fcmanlara g\u00fc\u00e7 ve kuvvet ver. Onlar\u0131 yaln\u0131z b\u0131rakma ve herzaman yanlar\u0131nda ol&#8221;\u00a6&#8221;\u009d<\/span><\/p>\n<p><span lang=\"TR\">&nbsp;<\/span><\/p>\n<p><span lang=\"TR\">O k\u00f6yde g\u00fclmek i\u00e7in bir nedeni olmayan y\u00fczler g\u00f6rd\u00fcm. Bu k\u00f6y beni \u00e7ok etkiledi ve bana g\u00f6revlerimden birini daha hat\u0131rlatt\u0131. T\u00fcm d\u00fcnyadaki son a\u00e7 doyurulana, son susuz suya kavu\u015fana ve son yang\u0131n s\u00f6nd\u00fcr\u00fclene kadar \u00e7al\u0131\u015fmam gerekiyor!<\/span><\/p>\n<p><span lang=\"TR\">&nbsp;<\/span><\/p>\n<p><span lang=\"TR\">Bundan sonraki g\u00fcnlerdede partner kurulu\u015fumuzla birlikte de\u011fi\u015fik \u015fehirlerde da\u011f\u0131l\u0131mlar\u0131 ger\u00e7ekle\u015ftirdik. 1 Aral\u0131k g\u00fcn\u00fc i\u00e7imiz buruk bir \u015fekilde Almanya&#039;ya d\u00f6nmek i\u00e7in yola koyuluyoruz.<\/span><\/p>\n<p><span lang=\"TR\">&nbsp;<\/span><\/p>\n<p><b><span lang=\"TR\">Pakistan hakk\u0131nda genel bilgiler:<\/span><\/b><\/p>\n<p><span lang=\"TR\">Pakistan&#039;\u0131n ana dili Urduca. \u0130slam Cumhuriyeti olan Pakistan&#039;\u0131n kom\u015fu \u00fclkeleri \u0130ran, Afganistan, \u00c7in ve Hindistan. 166 milyonluk bu \u00fclke d\u00fcnyan\u0131n alt\u0131 b\u00fcy\u00fck \u00fclkesi aras\u0131nda yer almaktad\u0131r. Kad\u0131n ba\u015f\u0131na d\u00fc\u015fen \u00e7ocuk say\u0131s\u0131 d\u00f6rt. Yetersiz g\u0131dadan dolay\u0131 her on \u00e7ocuktan biri be\u015f ya\u015f\u0131na ula\u015fmadan hayat\u0131n\u0131 kaybediyor.<\/span><\/p>\n<p><span lang=\"TR\">&nbsp;<\/span><\/p>\n<p><span lang=\"TR\">Halk\u0131n %50&#039;si okuma yazma bilmiyor. Pakistan 14 A\u011fustos 1947 tarihinde Hindistan&#039;dan ayr\u0131larak kuruldu. Ayr\u0131 bir \u00fclke olma hayali milli \u015fsair Muhammed \u0130kbal&#039;e dayan\u0131yor. 1930 y\u0131l\u0131nda ilk defa Muhammed \u0130kbal bu fikri dile getirdi. Hindistan&#039;da Hindulara yap\u0131lan ayr\u0131cal\u0131klar ve M\u00fcsl\u00fcmanlar\u0131n adaletsiz muamele g\u00f6rmesi ayr\u0131l\u0131k fikrini g\u00fc\u00e7lendirdi. Muhammed \u0130kbal&#039;in vefat etmesinden sonra bu fikri Muhammed Ali Cinnah devam s\u00fcrd\u00fcr\u00fcyor. Pakistan \u0130slam Cumhuriyeti kurulduktan sonra Muhammed Ali Cinnah Vali olarak \u00fclkenin ba\u015f\u0131na se\u00e7ilmi\u015ftir. (ik)<br \/>\n<\/span><\/p>\n","protected":false},"excerpt":{"rendered":"<p>Pakistan, Afganistan ve Ke\u015fmir&#8217;de olmak \u00fczere toplam 6951 adet kurban kesimi ger\u00e7ekle\u015ftirildi ve 50 farkl\u0131 \u015fehirde yakla\u015f\u0131k 50 bin aileye et da\u011f\u0131t\u0131ld\u0131. Dolay\u0131s\u0131 ile b\u00f6lgede yakla\u015f\u0131k 250 bin insana ula\u015ft\u0131k.<\/p>\n","protected":false},"author":1,"featured_media":0,"comment_status":"open","ping_status":"closed","sticky":false,"template":"","format":"standard","meta":{"ngg_post_thumbnail":0},"categories":[23238,24],"tags":[],"_links":{"self":[{"href":"https:\/\/www.igmg.org\/tr\/wp-json\/wp\/v2\/posts\/8429"}],"collection":[{"href":"https:\/\/www.igmg.org\/tr\/wp-json\/wp\/v2\/posts"}],"about":[{"href":"https:\/\/www.igmg.org\/tr\/wp-json\/wp\/v2\/types\/post"}],"author":[{"embeddable":true,"href":"https:\/\/www.igmg.org\/tr\/wp-json\/wp\/v2\/users\/1"}],"replies":[{"embeddable":true,"href":"https:\/\/www.igmg.org\/tr\/wp-json\/wp\/v2\/comments?post=8429"}],"version-history":[{"count":0,"href":"https:\/\/www.igmg.org\/tr\/wp-json\/wp\/v2\/posts\/8429\/revisions"}],"wp:attachment":[{"href":"https:\/\/www.igmg.org\/tr\/wp-json\/wp\/v2\/media?parent=8429"}],"wp:term":[{"taxonomy":"category","embeddable":true,"href":"https:\/\/www.igmg.org\/tr\/wp-json\/wp\/v2\/categories?post=8429"},{"taxonomy":"post_tag","embeddable":true,"href":"https:\/\/www.igmg.org\/tr\/wp-json\/wp\/v2\/tags?post=8429"}],"curies":[{"name":"wp","href":"https:\/\/api.w.org\/{rel}","templated":true}]}}