{"id":8446,"date":"2009-12-11T09:00:00","date_gmt":"2009-12-11T08:00:00","guid":{"rendered":"https:\/\/www.igmg.org\/?p=8446"},"modified":"2015-02-16T10:46:36","modified_gmt":"2015-02-16T09:46:36","slug":"cezayir-ve-ganaaeda-kurban-kampanyasae%c2%b1","status":"publish","type":"post","link":"https:\/\/www.igmg.org\/tr\/cezayir-ve-ganaaeda-kurban-kampanyasae%c2%b1\/","title":{"rendered":"Cezayir ve Gana&#8217;da Kurban Kampanyas\u0131"},"content":{"rendered":"<p>Uzun y\u0131llar s\u00f6m\u00fcrge \u00fclkesi olarak ya\u00e1\u00b9\u00a3ad\u0131klar\u0131 halde, \u0130slami de\u011ferlerinden hi\u00e7 \u00f6d\u00fcn vermemi\u00e1\u00b9\u00a3, fakir ve mazlum Cezayirli karde\u015flerimizin selamlar\u0131 ve dualar\u0131 var. Siz IGMG camias\u0131n\u0131n g\u00fczel insanlar\u0131na&#8221;\u00a6<\/p>\n<p>&#8220;Kurban bir \u00fcmmet dayan\u0131\u015fmas\u0131d\u0131r&#8221;\u009d dedik, \u00fcmmet dayan\u0131\u00e1\u00b9\u00a3mas\u0131 bu olsa gerek.<br \/>\nAvrupa&#039;n\u0131n d\u00f6rt bir yan\u0131ndan toplam 80 k\u00fcs\u00fcr bin kurban\u0131, d\u00fcnyan\u0131n d\u00f6rt yan\u0131na ula\u00e1\u00b9\u00a3t\u0131rmak&#8221;\u00a6\u015euurlu M\u00fcsl\u00fcman, \u00e1\u00b9\u00a3uurlu \u00fcmmet ancak b\u00f6yle olur.&nbsp;&nbsp;&nbsp;&nbsp;&nbsp;&nbsp;<\/p>\n<p>&nbsp;&nbsp;&nbsp;&nbsp;&nbsp;&nbsp;&nbsp;&nbsp;&nbsp;&nbsp;&nbsp;&nbsp;&nbsp;&nbsp;&nbsp;&nbsp;&nbsp;&nbsp;&nbsp;&nbsp;&nbsp;&nbsp;&nbsp;&nbsp;&nbsp;&nbsp;&nbsp;&nbsp;&nbsp;&nbsp;&nbsp;&nbsp;&nbsp;&nbsp;&nbsp;&nbsp;&nbsp;&nbsp;&nbsp;&nbsp;&nbsp;&nbsp;&nbsp;&nbsp;&nbsp;&nbsp;&nbsp;&nbsp;&nbsp;&nbsp;&nbsp;&nbsp;&nbsp;&nbsp;&nbsp;&nbsp;&nbsp;&nbsp;&nbsp;&nbsp;&nbsp;&nbsp;&nbsp;&nbsp;&nbsp;&nbsp;&nbsp;&nbsp;&nbsp;&nbsp;&nbsp;&nbsp;&nbsp;&nbsp;&nbsp;&nbsp;&nbsp;&nbsp;&nbsp;&nbsp;&nbsp;&nbsp;&nbsp;&nbsp;&nbsp;&nbsp;&nbsp;&nbsp;&nbsp;&nbsp;&nbsp;&nbsp;&nbsp;&nbsp;&nbsp;&nbsp;&nbsp;&nbsp;&nbsp;&nbsp;&nbsp;&nbsp;&nbsp;&nbsp;&nbsp;&nbsp;&nbsp;&nbsp;&nbsp;&nbsp;&nbsp;&nbsp;&nbsp;&nbsp;&nbsp;&nbsp;&nbsp;&nbsp;&nbsp;&nbsp;&nbsp;&nbsp;&nbsp;&nbsp;&nbsp;&nbsp;&nbsp;&nbsp;&nbsp;&nbsp;&nbsp;&nbsp;&nbsp;&nbsp;&nbsp;&nbsp;&nbsp;&nbsp;&nbsp;&nbsp;&nbsp;&nbsp;&nbsp;&nbsp;&nbsp;&nbsp;&nbsp;&nbsp;&nbsp;&nbsp;&nbsp;&nbsp;&nbsp;&nbsp;&nbsp;&nbsp;&nbsp;&nbsp;&nbsp;&nbsp;&nbsp;&nbsp;&nbsp;&nbsp;&nbsp;&nbsp;&nbsp;&nbsp;&nbsp;&nbsp;&nbsp;&nbsp;&nbsp;&nbsp;&nbsp;&nbsp;&nbsp;<br \/>\nBen Hamza Mor, IGMG Cezayir Kurban G\u00f6revlisi olarak, bu b\u00fcy\u00fck kampanyan\u0131n Cezayir aya\u011f\u0131n\u0131 organize ettim. G\u00f6t\u00fcrd\u00fc\u011f\u00fcm mebla\u011f ile 158 adet koyunu sat\u0131n alarak Sahara \u00e7ol\u00fc s\u0131n\u0131r\u0131ndaki Tiaret \u015fehrine got\u00fcr\u00fcp Vali, Belediye Ba\u015fkan\u0131 ve oradaki rehber karde\u00e1\u00b9\u00a3lerimle beraber kestirip, 600 fakir aileye da\u011f\u0131tt\u0131k.<\/p>\n<p>Burada fakirlik ve yokluk var. Ama bi o kadarda dayan\u0131\u00e1\u00b9\u00a3ma, sevgi, ihlas var. Siz karde\u00e1\u00b9\u00a3lerime dualar ediyorlar. Bu g\u00fczel organizeyi d\u00fczenleyen ba\u00e1\u00b9\u00a3ta Genel merkemize, b\u00f6lgemize, \u015fubelerimize t\u00fcm camiam\u0131za ve bana yard\u0131mlar\u0131n\u0131 esirgemeyen Tiaret Valimize, Belediye Ba\u015fkan\u0131m\u0131za, Prof Dr. Hayati&#039;ye, Dr .Sahravi&#039;ye&nbsp; ve eme\u011fi ge\u00e7en herkese te\u00e1\u00b9\u00a3ekk\u00fcrlerimi arz ediyorum.<\/p>\n<p><strong>Gana<\/strong><\/p>\n<p>IGMG 2009 Kurban Kampanyas\u0131&#039;nda, Gana kurban ekibinin ba\u015far\u0131l\u0131 \u00e7al\u0131\u015fmalar\u0131 neticesinde, te\u015fkilat mensuplar\u0131 ve Avrupal\u0131 M\u00fcsl\u00fcmanlar\u0131n kurban emanetleri en iyi \u015fekilde organize edilerek&nbsp; ihtiya\u00e7 sahiplerine ula\u015ft\u0131r\u0131ld\u0131. <\/p>\n<p>Ruhr-A B\u00f6lgesi Sosyal Hizmetler Birimi Gana Kurban Sorumlusu Adnan Sa\u011flam, \u0130brahim K\u0131l\u0131\u00e7l\u0131o\u011flu ve Tuncay Y\u0131lmaz&#039;dan olu\u015fan Gana ekibi, Gana&#039;daki karde\u015flerimizin Avrupa&#039;daki karde\u015flerine kucak dolusu selamlar\u0131n\u0131 ve dualar\u0131n\u0131 getirdi. Gana ekibi ayr\u0131ca, IGMG 2009 Kurban Kampanyas\u0131&#039;nda eme\u011fi, deste\u011fi, takdiri ve duas\u0131 bulunan herkese te\u015fekk\u00fcrlerini dile getirdi.(ik)<\/p>\n","protected":false},"excerpt":{"rendered":"<p>IGMG Kurban g\u00f6n\u00fcll\u00fcleri Afrika \u00fclkeleleri Cezayir ve Gana&#8217;dan selamlar ve hay\u0131r dualar getirdiler.<\/p>\n","protected":false},"author":1,"featured_media":0,"comment_status":"open","ping_status":"closed","sticky":false,"template":"","format":"standard","meta":{"ngg_post_thumbnail":0},"categories":[23238,24],"tags":[],"_links":{"self":[{"href":"https:\/\/www.igmg.org\/tr\/wp-json\/wp\/v2\/posts\/8446"}],"collection":[{"href":"https:\/\/www.igmg.org\/tr\/wp-json\/wp\/v2\/posts"}],"about":[{"href":"https:\/\/www.igmg.org\/tr\/wp-json\/wp\/v2\/types\/post"}],"author":[{"embeddable":true,"href":"https:\/\/www.igmg.org\/tr\/wp-json\/wp\/v2\/users\/1"}],"replies":[{"embeddable":true,"href":"https:\/\/www.igmg.org\/tr\/wp-json\/wp\/v2\/comments?post=8446"}],"version-history":[{"count":0,"href":"https:\/\/www.igmg.org\/tr\/wp-json\/wp\/v2\/posts\/8446\/revisions"}],"wp:attachment":[{"href":"https:\/\/www.igmg.org\/tr\/wp-json\/wp\/v2\/media?parent=8446"}],"wp:term":[{"taxonomy":"category","embeddable":true,"href":"https:\/\/www.igmg.org\/tr\/wp-json\/wp\/v2\/categories?post=8446"},{"taxonomy":"post_tag","embeddable":true,"href":"https:\/\/www.igmg.org\/tr\/wp-json\/wp\/v2\/tags?post=8446"}],"curies":[{"name":"wp","href":"https:\/\/api.w.org\/{rel}","templated":true}]}}