{"id":8509,"date":"2009-12-22T10:03:00","date_gmt":"2009-12-22T09:03:00","guid":{"rendered":"https:\/\/www.igmg.org\/?p=8509"},"modified":"2015-02-16T10:46:33","modified_gmt":"2015-02-16T09:46:33","slug":"kurban-kampanyasae%c2%b1-2009-filipinler-ii","status":"publish","type":"post","link":"https:\/\/www.igmg.org\/tr\/kurban-kampanyasae%c2%b1-2009-filipinler-ii\/","title":{"rendered":"Kurban Kampanyas\u0131 2009: Filipinler II"},"content":{"rendered":"<p>Kesilen kurbanlar, sel felaketzedelerine, yetimhanelere, medreselere, sava\u015f ma\u011fdurlar\u0131na, g\u00f6\u00e7e zorlanan insanlar\u0131n bulundu\u011fu \u00e7e\u015fitli tahliye kamplar\u0131na&nbsp;ula\u015ft\u0131r\u0131ld\u0131. <\/p>\n<p><span lang=\"EN-GB\"><br \/>\n<\/span><\/p>\n<p><span lang=\"EN-GB\">IGMG 2009 Kurban g\u00f6n\u00fcll\u00fcleri olarak bizler de Moro b\u00f6lgesindeki Marawi ba\u015fta olmak \u00fczere Maguindanao, Matanog, Butig, Domalondong, Balabagan, Kapatagan, <\/span>Masiu, \u0130ligan City, Davao, Laguna, Lanao del Norte ve \u00e7evre \u015fehirlerde kurban da\u011f\u0131t\u0131m\u0131n\u0131 ger\u00e7ekle\u015ftirdik.<\/p>\n<p><span lang=\"EN-GB\">&nbsp; <\/span>&nbsp;<\/p>\n<p><span lang=\"EN-GB\">Gitti\u011fimiz b\u00f6lgelerde sadece kurban da\u011f\u0131t\u0131m\u0131 yapmad\u0131k, \u00f6zellikle her firsatta onlara T\u00fcrkiye&#039;deki ve Avrupa&#039;daki M\u00fcsl\u00fcman karde\u015flerinin kendilerini unutmad\u0131klar\u0131n\u0131 ve selamlar\u0131n\u0131 ilettik. <\/span><\/p>\n<p><span lang=\"EN-GB\">&nbsp;<\/span><\/p>\n<p><span lang=\"EN-GB\">Da\u011f\u0131t\u0131m yap\u0131lan baz\u0131 b\u00f6lgelerde <\/span><span lang=\"EN-GB\">elektiri\u011fi ve suyu <\/span>olmayan 21. yy&#039;da \u00e7a\u011flar \u00f6ncesini ya\u015fayan ve <span lang=\"EN-GB\">senede sadece bir defa de\u011fil, hayat\u0131nda hi\u00e7 et yememi\u015f insanlar\u0131n oldu\u011funu \u00f6\u011frendik ve i\u00e7imiz par\u00e7aland\u0131.&nbsp; <\/span> <\/p>\n<p><span lang=\"EN-GB\">&nbsp;<\/span><\/p>\n<p><span lang=\"EN-GB\">Bayram Namaz\u0131&#039;n\u0131 Marawi \u015fehrindeki a\u00e7\u0131k alanda t\u00fcm \u015fehirle beraber k\u0131ld\u0131k. Bayram Namaz\u0131&#039;nda b\u00f6lge m\u00fcft\u00fcs\u00fc konu\u015fmas\u0131nda Kurban Bayram\u0131 i\u00e7in et da\u011f\u0131t\u0131m\u0131na gelen T\u00fcrk karde\u015flerine dua etti ve te\u015fek\u00fcrlerini sundu. <\/span><\/p>\n<p><span lang=\"EN-GB\">&nbsp;<\/span><\/p>\n<p><span lang=\"EN-GB\">Ortak \u00e7al\u0131\u015ft\u0131\u011f\u0131m\u0131z partner kurulu\u015fun okul \u00f6\u011frencileri bayramda bizler i\u00e7in bir s\u00fcrpriz haz\u0131rlam\u0131\u015flard\u0131. \u015eehir merkezinde ilk defa bayram festivali ger\u00e7ekle\u015ftirildi. Program\u0131n onur konuklar\u0131 IGMG ekibiydi. \u00d6zellikle \u00f6\u011frencilerin ve halk\u0131n &nbsp;<\/span>programa yo\u011fun bir ilgisi vard\u0131.Belediye ba\u015fkan\u0131, b\u00f6lge m\u00fcft\u00fcs\u00fc ve bizler s\u0131rayla birer konu\u015fma yapt\u0131k. Ayr\u0131ca halka \u0130ngilizce ve kendi dillerinde s\u00f6ylenen ilahiler e\u015fliginde m\u00fczik ziyafeti verildi. Programda \u00f6\u011frenciler IGMG arac\u0131l\u0131\u011f\u0131yla Avrupal\u0131 M\u00fcsl\u00fcmanlar\u0131n g\u00f6ndermi\u015f olduklar\u0131 kurban etleriyle yemek yar\u0131\u015fmas\u0131 d\u00fczenlediler. Bizler de s\u0131rayla yemekleri test ederek ilk \u00fc\u00e7e girenleri belirledik ve \u00f6d\u00fcllerini verdik. Bayramda haftasonu boyunca \u00f6\u011frenciler taraf\u0131ndan t\u00fcm halka \u00fccretsiz yemek ikram\u0131 yap\u0131ld\u0131. Daha sonra programda \u00e7uvalla ko\u015fma, bambu a\u011fac\u0131na t\u0131rmanma gibi \u00e7esitli yar\u0131\u015fmalar d\u00fczenlendi. T\u00fcm yar\u0131\u015fmalarda ama\u00e7 IGMG bayra\u011f\u0131n\u0131 kapmakt\u0131.<\/p>\n<p><span lang=\"EN-GB\">&nbsp;<\/span><\/p>\n<p><span lang=\"EN-GB\">Bayramda 7-8 ya\u015flar\u0131ndaki medrese \u00f6\u011frencileri de bizler icin hi\u00e7 unutamayaca\u011f\u0131m\u0131z bir program haz\u0131rlam\u0131\u015flard\u0131. Onlar\u0131 da bayram har\u00e7l\u0131\u011f\u0131 ve \u015fekerler vererek sevindirdik. Ayr\u0131ca bizlerden yapacaklar\u0131 programlar i\u00e7in bir mikrofon ve ses sistemi talebinde bulundular ve bunu da kar\u015f\u0131layabilmi\u015f olman\u0131n mutlu\u011funu ya\u015fad\u0131k. <\/span><\/p>\n<p><span lang=\"EN-GB\">&nbsp;<\/span><\/p>\n<p><span lang=\"EN-GB\">Daha \u00f6nceki senelerin tecr\u00fcbeleriyle, partner kurulu\u015fumuz 2009 Kurban Kampanyas\u0131&#039;na \u00e7ok iyi haz\u0131rlanm\u0131\u015flard\u0131. Yakla\u015f\u0131k 250 ki\u015filik bir ekip profesyonel \u015fekilde kesim ve da\u011f\u0131t\u0131m i\u015flerini t\u00fcm b\u00f6lgelerde ba\u015far\u0131yla tamamlad\u0131.<\/span><\/p>\n<p><span lang=\"EN-GB\">&nbsp;<\/span><\/p>\n<p><span lang=\"EN-GB\">Ayr\u0131ca bayramda bir \u00e7ok ulusal radyo ve gazeteye IGMG&#039;nin kurban projesi hakk\u0131nda r\u00f6portaj verdik. B\u00f6lgenin yerel televizyonunda &nbsp;<\/span>programa \u00e7\u0131kt\u0131k ve onlara Avrupal\u0131 M\u00fcsl\u00fcmanlar\u0131n selamlar\u0131n\u0131 ilettik. M\u00fcsl\u00fcman olmalar\u0131na ra\u011fmen fakirlikten ve baz\u0131 sebeplerden dolay\u0131 kurban\u0131n ne oldu\u011funu unutmu\u015f olanlara bunu anlatma f\u0131rsat\u0131m\u0131z oldu.<\/p>\n<p><span lang=\"EN-GB\">&nbsp;<\/span><\/p>\n<p><span lang=\"EN-GB\">Belki hayat\u0131m\u0131zda bir daha ya\u015fayamayaca\u011f\u0131m\u0131z g\u00fczellikte sanki cennet hayat\u0131ndan bir hafta ya\u015fad\u0131k orada.<br \/>\n<\/span><\/p>\n<p><span lang=\"EN-GB\">&nbsp;<\/span><\/p>\n<p><span lang=\"EN-GB\">Bizler Moro&#039;dan ayr\u0131l\u0131rken \u00e7ocuklar \u00fczg\u00fcnd\u00fc ve kimisi a\u011fl\u0131yordu. \u0130nsanlar gelecek seneki Kurban Kampanyas\u0131&#039;n\u0131 \u015fimdiden d\u00f6rt g\u00f6zle beklediklerini ifade ediyorlard\u0131.<\/span><\/p>\n<p><span lang=\"EN-GB\">Heybemizde gelirken kendilerini unutmay\u0131p kurban ba\u011f\u0131\u015f\u0131nda bulunan t\u00fcm Avrupal\u0131 M\u00fcsl\u00fcmanlara, Filipin Morolu karde\u015flerimizin i\u00e7ten te\u015fekk\u00fcrlerini ve dualar\u0131n\u0131 getirdik.(ik)<\/span><\/p>\n","protected":false},"excerpt":{"rendered":"<p>IGMG her sene oldu\u011fu gibi bu sene de kurban bayram\u0131nda Filipinler&#8217;deki M\u00fcsl\u00fcman karde\u015flerini unutmad\u0131. Yakla\u015f\u0131k 15.000 km&#8217;lik olan uzun bir yolculu\u011fun ard\u0131ndan, \u0130ngiltere&#8217;den Enes Poyraz, Hollanda&#8217;dan Selami Y\u00fcksel, Mustafa Taner ve Avustralya&#8217;dan Abdurrahman T\u00fcrker&#8217;in kat\u0131l\u0131m\u0131yla olu\u015fan 4 ki\u015filik ekip Filipinler&#8217;in 25 farkl\u0131 b\u00f6lgesinde toplam 1687 hisse kurban kesimi ger\u00e7ekle\u015ftirerek yakla\u015f\u0131k 45.000 ihtiya\u00e7 sahibine ula\u015ft\u0131.<\/p>\n","protected":false},"author":1,"featured_media":0,"comment_status":"open","ping_status":"closed","sticky":false,"template":"","format":"standard","meta":{"ngg_post_thumbnail":0},"categories":[23238,24],"tags":[],"_links":{"self":[{"href":"https:\/\/www.igmg.org\/tr\/wp-json\/wp\/v2\/posts\/8509"}],"collection":[{"href":"https:\/\/www.igmg.org\/tr\/wp-json\/wp\/v2\/posts"}],"about":[{"href":"https:\/\/www.igmg.org\/tr\/wp-json\/wp\/v2\/types\/post"}],"author":[{"embeddable":true,"href":"https:\/\/www.igmg.org\/tr\/wp-json\/wp\/v2\/users\/1"}],"replies":[{"embeddable":true,"href":"https:\/\/www.igmg.org\/tr\/wp-json\/wp\/v2\/comments?post=8509"}],"version-history":[{"count":0,"href":"https:\/\/www.igmg.org\/tr\/wp-json\/wp\/v2\/posts\/8509\/revisions"}],"wp:attachment":[{"href":"https:\/\/www.igmg.org\/tr\/wp-json\/wp\/v2\/media?parent=8509"}],"wp:term":[{"taxonomy":"category","embeddable":true,"href":"https:\/\/www.igmg.org\/tr\/wp-json\/wp\/v2\/categories?post=8509"},{"taxonomy":"post_tag","embeddable":true,"href":"https:\/\/www.igmg.org\/tr\/wp-json\/wp\/v2\/tags?post=8509"}],"curies":[{"name":"wp","href":"https:\/\/api.w.org\/{rel}","templated":true}]}}