{"id":8525,"date":"2009-12-24T13:59:00","date_gmt":"2009-12-24T12:59:00","guid":{"rendered":"https:\/\/www.igmg.org\/?p=8525"},"modified":"2015-02-16T12:25:06","modified_gmt":"2015-02-16T11:25:06","slug":"igmg-genel-sekreteriaenden-noel-tebriaeyi","status":"publish","type":"post","link":"https:\/\/www.igmg.org\/tr\/igmg-genel-sekreteriaenden-noel-tebriaeyi\/","title":{"rendered":"IGMG Genel Sekreteri&#8217;nden Noel tebri\u011fi"},"content":{"rendered":"<p>\u0130slam Toplumu Milli G\u00f6r\u00fc\u015f (IGMG) Genel Sekreteri O\u011fuz \u00dc\u00e7\u00fcnc\u00fc yay\u0131nlad\u0131\u011f\u0131 bir mesaj ile H\u0131ristiyan vatanda\u015flar\u0131n Noel bayram\u0131n\u0131 kutlad\u0131. \u00dc\u00e7\u00fcnc\u00fc, mesaj\u0131nda, t\u00fcm toplumu ilgilendiren problemlere dikkatleri \u00e7ekerek, &#8220;tart\u0131\u015fmas\u0131 dahi yap\u0131lamayacak temel haklar\u0131n g\u00fcn ge\u00e7tik\u00e7e k\u0131s\u0131tlanmaya \u00e7al\u0131\u015f\u0131ld\u0131\u011f\u0131&#8221;\u009d hususunda uyar\u0131da bulundu. IGMG Genel Sekreteri bu t\u00fcr geli\u015fmelere, &#8220;\u00e7o\u011funlu\u011fu M\u00fcsl\u00fcman olmayan bir toplum i\u00e7erisinde M\u00fcsl\u00fcmanlar veya \u00e7o\u011funlu\u011fu M\u00fcsl\u00fcmanlar\u0131n olu\u015fturdu\u011fu bir toplum i\u00e7erisinde H\u0131ristiyanlar&#8221;\u009d olarak ay\u0131rt etmeksizin M\u00fcsl\u00fcmanlar, H\u0131ristiyanlar, Yahudiler ve di\u011fer inan\u00e7lara sahip insanlar aras\u0131nda yap\u0131c\u0131 bir diyalog i\u00e7erisinde, din ayr\u0131m\u0131 yapmaks\u0131z\u0131n yakla\u015fmak gerekti\u011fini belirtti. \u00dc\u00e7\u00fcnc\u00fc&#8217;n\u00fcn, bu y\u00f6nde at\u0131lacak ad\u0131mlarda IGMG&#8217;nin \u00f6nceden oldu\u011fu gibi bundan sonra da haz\u0131r oldu\u011funu bildirdi\u011fi mesaj\u0131nda \u015fu ifadeler yer ald\u0131:<\/p>\n<p>&#8220;\u0130slam Toplumu Milli G\u00f6r\u00fc\u015f (IGMG) ad\u0131na t\u00fcm H\u0131ristiyan vatanda\u015flar\u0131n Noel bayram\u0131n\u0131 tebrik ediyorum. Dini bayramlar, inanan bireyler ve toplumlar i\u00e7in \u00e7ok anlaml\u0131 zaman dilimleridir ve bayramlar, \u00f6zellikle insanlar\u0131n kendi amellerini g\u00f6zden ge\u00e7irmesini sa\u011flarken, toplum i\u00e7erisinde manevi bir huzurun olu\u015fmas\u0131na imk\u00e2n verir.<\/p>\n<p>Bunun yan\u0131 s\u0131ra ya\u015fad\u0131\u011f\u0131m\u0131z zaman dilimi, bir \u00e7ok olumsuzlu\u011fu da g\u00f6zlerimizin \u00f6n\u00fcne seriyor. K\u00fcreselle\u015fmenin sadece kazand\u0131rd\u0131klar\u0131 de\u011fil, ayn\u0131 zamanda kaybettirdikleri de a\u00e7\u0131k\u00e7a ortaya \u00e7\u0131k\u0131yor: Artan fakirlik, adaletsizliklerin artmas\u0131, ho\u015fg\u00f6r\u00fcs\u00fczl\u00fck ve ayr\u0131mc\u0131l\u0131k. Tam da bu&nbsp; zamanda, d\u00fcnden \u00e7ok daha fazla, eylemlerimizle Allah ve insanlar \u00f6n\u00fcnde sorumlu oldu\u011fumuzu bize daima hat\u0131rlatan bir ahlak bilincine ihtiyac\u0131m\u0131z var.<\/p>\n<p>Sayd\u0131\u011f\u0131m\u0131z sorunlar, sadece \u00e7ok uzaklardaki \u00fc\u00e7\u00fcnc\u00fc d\u00fcnya diye bahsedilen \u00fclkelerde de\u011fil, aksine bizim ya\u015fad\u0131\u011f\u0131m\u0131z toplumun merkezinde de mevcuttur. Fakir \u00e7ocuklar\u0131n say\u0131s\u0131ndaki art\u0131\u015f, yoksulla\u015fan aileler, asgari ihtiyaca dahi yetmeyen i\u015f\u00e7i maa\u015flar\u0131, hepsi, huzursuzluk verici geli\u015fmelerdir. &#8220;F\u0131rsat e\u015fitli\u011fi&#8221;\u009d&nbsp; sanki sadece do\u011fu\u015ftan &#8220;do\u011fru&#8221;\u009d sosyal arkaplana sahip ki\u015filer i\u00e7in ge\u00e7erli gibi g\u00f6z\u00fck\u00fcyor. \u00d6zellikle, \u00fc\u00e7\u00fcnc\u00fc nesilden de olsalar, g\u00f6\u00e7menler \u00e7o\u011funlukla bu gruba dahil dahil olam\u0131yor.<\/p>\n<p>Bu ba\u011flamda tart\u0131\u015f\u0131lmas\u0131 bile s\u00f6zkonusu olmamas\u0131 gereken temel haklar\u0131n&nbsp; farkl\u0131 \u015fekillerde a\u00e7\u0131k\u00e7a s\u0131n\u0131rland\u0131r\u0131ld\u0131\u011f\u0131n\u0131n alt\u0131n\u0131 \u00e7izmeliyiz. Bu geli\u015fmeleri anlay\u0131\u015fla kar\u015f\u0131lamamal\u0131y\u0131z, tam aksine, toplumumuzda insan haklar\u0131 bilincinin daha fazla yayg\u0131nla\u015fmas\u0131na \u00e7ok daha fazla \u00f6nem vermeliyiz. Bu noktada Hristiyanlar\u0131n \u00e7o\u011funlukta oldu\u011fu toplumda ya\u015fayan M\u00fcsl\u00fcmanlarla, M\u00fcsl\u00fcmanlar\u0131n \u00e7o\u011funlukta oldu\u011fu toplumda ya\u015fayan Hristiyanlar aras\u0131nda herhangi bir fark g\u00f6zetmemeliyiz. Zira, insan haklar\u0131 tart\u0131\u015f\u0131lmazd\u0131r.&nbsp; Ayn\u0131 \u015fekilde&nbsp; M\u00fcsl\u00fcman ve Hristiyan dini cemaatler ve dindar insanlar aras\u0131ndaki diyalog ve i\u015fbirli\u011finin s\u00fcrd\u00fcr\u00fclmesi \u00e7ok \u00f6nemlidir.<\/p>\n<p>M\u00fcsl\u00fcmanlar\u0131&#8217;n da Peygamber ve Allah&#8217;\u0131n el\u00e7isi olarak g\u00f6rd\u00fc\u011f\u00fc Hz. \u0130sa&#8217;n\u0131n do\u011fumunun kutland\u0131\u011f\u0131 ve hat\u0131rland\u0131\u011f\u0131 bu g\u00fcnlerin,&nbsp; s\u00f6z\u00fcn\u00fc etti\u011fimiz temel haklar\u0131n ve birarada ya\u015fam\u0131n olmazsa olmazlar\u0131 olan adalet, ho\u015fg\u00f6r\u00fc, dayan\u0131\u015fma ve samimiyet gibi \u00f6zelliklerin gereklili\u011finin bilincinde olmaya vesile olmas\u0131n\u0131 \u00fcmit ediyoruz. Bu \u00f6zellikler, Hz. Adem&#8217;den Hz. Muhammed&#8217;e (s.a.v) kadar t\u00fcm peygamberler taraf\u0131ndan vazedilmi\u015f ve korunmu\u015ftur.<\/p>\n<p>\u00d6zellikle de M\u00fcsl\u00fcmanlar, Hristiyanlar&nbsp; ve Yahudiler olarak bizler kendimize, insanlara ve Allah&#8217;a kar\u015f\u0131 hangi sorumluluklara sahip oldu\u011fumuzun yeniden bilincine varmal\u0131y\u0131z. \u00c7\u00fcnk\u00fc ifade etti\u011fimiz sorunlar hi\u00e7bir \u015fekilde belli bir din veya o dinin mensuplar\u0131 ile s\u0131n\u0131rland\u0131r\u0131lamaz Kar\u015f\u0131 kar\u015f\u0131ya oldu\u011fumuz sorunlar\u0131n \u00e7o\u011fu, dinleri a\u015fan bir mahiyete sahiptir. Bu konudaki bilincimiz nedeniyle Yahudiler, Hristiyanlar ve M\u00fcsl\u00fcmanlar aras\u0131nda&nbsp; ve hatta di\u011fer dinlerin mensuplar\u0131 veya dindar olmayan insanlarla toplum i\u00e7erisinde&nbsp; da s\u00fcrekli ileti\u015fimi sa\u011flamal\u0131 ve korumal\u0131y\u0131z.<\/p>\n<p>IGMG, bu anlay\u0131\u015fla toplumun menfaati do\u011frultusunda \u00e7aba g\u00f6stermekte ve M\u00fcsl\u00fcmanlar\u0131, sorumlu bireyler olarak toplumun merkezinde yer alabilmeleri i\u00e7in&nbsp; her alanda aktif&nbsp; kat\u0131l\u0131ma \u00e7a\u011f\u0131rmaktad\u0131r. Bunlar\u0131 yaparken \u00e7o\u011funluk toplumunu&nbsp; ilgili t\u00fcm kurumlar\u0131yla dostane i\u015fbirli\u011fine y\u00f6nlendirmeyi ihmal etmedik. Bu \u00e7izgimizi s\u00fcrd\u00fcrd\u00fc\u011f\u00fcm\u00fcz\u00fc ve \u00e7abalar\u0131m\u0131z\u0131n toplum taraf\u0131ndan ve daha da \u00f6nemlisi Allah (c.c) taraf\u0131ndan da kabul ve takdir edilmesini \u00fcmit ediyoruz.<\/p>\n<p>Bu \u00e7er\u00e7evede herkesin Noel bayram\u0131n\u0131 tebrik ediyor ve huzurlu bir yeni y\u0131l diliyoruz.&#8221;\u009d<\/p>\n","protected":false},"excerpt":{"rendered":"<p>\u0130slam Toplumu Milli G\u00f6r\u00fc\u015f (IGMG) Genel Sekreteri O\u011fuz \u00dc\u00e7\u00fcnc\u00fc yay\u0131nlad\u0131\u011f\u0131 bir mesaj ile H\u0131ristiyan vatanda\u015flar\u0131n Noel bayram\u0131n\u0131 kutlad\u0131. \u00dc\u00e7\u00fcnc\u00fc, mesaj\u0131nda, t\u00fcm toplumu ilgilendiren problemlere dikkatleri \u00e7ekerek, &#8220;tart\u0131\u015fmas\u0131 dahi yap\u0131lamayacak temel haklar\u0131n g\u00fcn ge\u00e7tik\u00e7e k\u0131s\u0131tlanmaya \u00e7al\u0131\u015f\u0131ld\u0131\u011f\u0131&#8221;\u009d hususunda uyar\u0131da bulundu. IGMG Genel Sekreteri bu t\u00fcr geli\u015fmelere, &#8220;\u00e7o\u011funlu\u011fu M\u00fcsl\u00fcman olmayan bir toplum i\u00e7erisinde M\u00fcsl\u00fcmanlar veya \u00e7o\u011funlu\u011fu M\u00fcsl\u00fcmanlar\u0131n olu\u015fturdu\u011fu [&hellip;]<\/p>\n","protected":false},"author":1,"featured_media":0,"comment_status":"open","ping_status":"closed","sticky":false,"template":"","format":"standard","meta":{"ngg_post_thumbnail":0},"categories":[23244,23262,1],"tags":[],"_links":{"self":[{"href":"https:\/\/www.igmg.org\/tr\/wp-json\/wp\/v2\/posts\/8525"}],"collection":[{"href":"https:\/\/www.igmg.org\/tr\/wp-json\/wp\/v2\/posts"}],"about":[{"href":"https:\/\/www.igmg.org\/tr\/wp-json\/wp\/v2\/types\/post"}],"author":[{"embeddable":true,"href":"https:\/\/www.igmg.org\/tr\/wp-json\/wp\/v2\/users\/1"}],"replies":[{"embeddable":true,"href":"https:\/\/www.igmg.org\/tr\/wp-json\/wp\/v2\/comments?post=8525"}],"version-history":[{"count":0,"href":"https:\/\/www.igmg.org\/tr\/wp-json\/wp\/v2\/posts\/8525\/revisions"}],"wp:attachment":[{"href":"https:\/\/www.igmg.org\/tr\/wp-json\/wp\/v2\/media?parent=8525"}],"wp:term":[{"taxonomy":"category","embeddable":true,"href":"https:\/\/www.igmg.org\/tr\/wp-json\/wp\/v2\/categories?post=8525"},{"taxonomy":"post_tag","embeddable":true,"href":"https:\/\/www.igmg.org\/tr\/wp-json\/wp\/v2\/tags?post=8525"}],"curies":[{"name":"wp","href":"https:\/\/api.w.org\/{rel}","templated":true}]}}