{"id":8534,"date":"2009-12-24T10:00:00","date_gmt":"2009-12-24T09:00:00","guid":{"rendered":"https:\/\/www.igmg.org\/?p=8534"},"modified":"2015-02-16T10:46:32","modified_gmt":"2015-02-16T09:46:32","slug":"kosovaaeda-kurban-kampanyasae%c2%b1","status":"publish","type":"post","link":"https:\/\/www.igmg.org\/tr\/kosovaaeda-kurban-kampanyasae%c2%b1\/","title":{"rendered":"Kosova&#8217;da Kurban Kampanyas\u0131"},"content":{"rendered":"<p>Pri\u015ftine&#8217;ye vard\u0131\u011f\u0131m\u0131zda IGMG taraf\u0131ndan a\u00e7\u0131lan ve bizimde konaklayaca\u011f\u0131m\u0131z Alaadiin Medrese&#8217;sine geldik. Burada \u00f6\u011frencilerle birlikte sohbet ettik. B\u00f6lgedeki sorumlular ile kurban organizasyonunda kurbanlar\u0131n kesim ve da\u011f\u0131t\u0131mlar\u0131 ile ilgili meseleleri g\u00f6r\u00fc\u015ft\u00fck. Ard\u0131nda f\u0131rsattan istifade \u015fehirdeki Osmanl\u0131 izlerini camilerini ziyaret etme imk\u00e2n\u0131 bulduk.<\/p>\n<p>Sonraki g\u00fcn ekip olarak Kosova Din \u0130\u015fleri Dairesi&#8217;ni ziyaret ettik. Her y\u0131l oldu\u011fu gibi bu y\u0131l da Kosova&#8217;ya gelerek Kurban Kampanyas\u0131`n\u0131 ger\u00e7ekle\u015ftiren IGMG&#8217;ye te\u015fekk\u00fcrler sunuldu. Ard\u0131ndan Kosova T\u00fcrk El\u00e7isine bir ziyarette bulunduk. El\u00e7iye Avrupa&#8217;dan geldi\u011fimizi ve kurban kampanyas\u0131 d\u00fczenleyip fakirlere kurban eti da\u011f\u0131tt\u0131\u011f\u0131m\u0131z\u0131 anlat\u0131nca kendisi \u00e7ok memnun kald\u0131. Daha sonra II. Murad&#8217;\u0131n t\u00fcrbesini ziyaretimizden sonra Prizren \u015fehrine yola koyulduk.<\/p>\n<p>Prizren&#8217;de yine \u00e7ok say\u0131da Osmanl\u0131 camisini ve eserini g\u00f6rd\u00fck. Bayram Namaz\u0131`n\u0131 Emir Sultan Camii&#8217;nde k\u0131ld\u0131k. Daha sonra kurban kesimlerinin yap\u0131ld\u0131\u011f\u0131 mezbahaneye gittik. Bir sonraki dura\u011f\u0131m\u0131z m\u00fclteci yurduydu. Burada bulunan insanlara hediyeler da\u011f\u0131tt\u0131k. Daha sonra &#8220;Osmanl\u0131 Kalesini&#8221;\u009d g\u00f6rd\u00fck.<\/p>\n<p>Bir sonraki g\u00fcn kasaplar\u0131n yard\u0131m\u0131yla kesilmi\u015f olan kurbanlar\u0131 paketledik. Ard\u0131ndan Prizren&#8217;in yoksul b\u00f6lgelerinde da\u011f\u0131t\u0131mlar yaparak muhta\u00e7lar\u0131 sevindirdik. \u00d6nceki g\u00fcn gitti\u011fimiz m\u00fclteci yurduna giderek oradaki insanlara da kurban etlerinden da\u011f\u0131tt\u0131k. Yard\u0131mlar\u0131 sevin\u00e7le kabul eden muhta\u00e7 insanlar IGMG&#8217;ye ve Avrupa&#8217;daki M\u00fcsl\u00fcmanlara \u015f\u00fckranlar\u0131n\u0131 sundular. Bizde bu hay\u0131rl\u0131 i\u015fe arac\u0131 olman\u0131n mutlulu\u011fuyla g\u00f6revimizi yerine getiriyorduk.<\/p>\n<p>Son olarak 1999 y\u0131l\u0131ndaki sava\u015fta \u00e7ok say\u0131da insan\u0131n hayat\u0131n\u0131 kaybetti\u011fi bir k\u00f6ye gittik. Bu k\u00f6yde 300 ki\u015fi \u00f6lm\u00fc\u015f ve 200 \u00e7ocuk yetim, 100 kad\u0131n dul kalm\u0131\u015f. Bu k\u00f6yde sava\u015f\u0131n ortaya \u00e7\u0131kard\u0131\u011f\u0131 \u00fcz\u00fcnt\u00fc verici tablo hepimizi derinden etkiledi. Bu k\u00f6yde kurban etlerini da\u011f\u0131tarak \u00e7ocuklara \u015fekerler verdik. Ak\u015fam namaz\u0131n\u0131n ard\u0131ndan k\u00f6y halk\u0131yla sohbet ettik. K\u00f6yl\u00fcler Kosova&#8217;da kurban organizasyonunu yaln\u0131zca IGMG&#8217;nin d\u00fczenledi\u011fini belirterek Avrupa&#8217;daki M\u00fcsl\u00fcmanlara ve IGMG sorumlular\u0131na \u00e7ok te\u015fekk\u00fcr ettiler.<\/p>\n<p>Daha sonra gruplar\u0131m\u0131z toplanarak izlenimlerimizi payla\u015ft\u0131k. Ekibimizdeki t\u00fcm g\u00f6revli arkada\u015flar \u00e7e\u015fitli izlenimlerini aktard\u0131. Hepimizin ortak noktas\u0131 bu kutlu g\u00f6revin verdi\u011fi mutlulu\u011fu ya\u015famam\u0131z idi. Sonu\u00e7ta hepimiz bundan sonra daha fazla kurban ba\u011f\u0131\u015f\u0131 toplayarak, daha fazla muhta\u00e7 insana yard\u0131m ula\u015ft\u0131rabilmek i\u00e7in \u00e7al\u0131\u015fmaya karar verdik. (ya)<\/p>\n","protected":false},"excerpt":{"rendered":"<p>IGMG Kurban Kampanyas\u0131 g\u00f6revlileri Mehmet \u00d6zt\u00fcrk, Talip Ulusoy, Nihat \u00c7etin ve grup ba\u015fkan\u0131 \u0130brahim Kirg\u00f6z Kosova&#8217;dayd\u0131.<\/p>\n","protected":false},"author":1,"featured_media":0,"comment_status":"open","ping_status":"closed","sticky":false,"template":"","format":"standard","meta":{"ngg_post_thumbnail":0},"categories":[23238,24],"tags":[],"_links":{"self":[{"href":"https:\/\/www.igmg.org\/tr\/wp-json\/wp\/v2\/posts\/8534"}],"collection":[{"href":"https:\/\/www.igmg.org\/tr\/wp-json\/wp\/v2\/posts"}],"about":[{"href":"https:\/\/www.igmg.org\/tr\/wp-json\/wp\/v2\/types\/post"}],"author":[{"embeddable":true,"href":"https:\/\/www.igmg.org\/tr\/wp-json\/wp\/v2\/users\/1"}],"replies":[{"embeddable":true,"href":"https:\/\/www.igmg.org\/tr\/wp-json\/wp\/v2\/comments?post=8534"}],"version-history":[{"count":0,"href":"https:\/\/www.igmg.org\/tr\/wp-json\/wp\/v2\/posts\/8534\/revisions"}],"wp:attachment":[{"href":"https:\/\/www.igmg.org\/tr\/wp-json\/wp\/v2\/media?parent=8534"}],"wp:term":[{"taxonomy":"category","embeddable":true,"href":"https:\/\/www.igmg.org\/tr\/wp-json\/wp\/v2\/categories?post=8534"},{"taxonomy":"post_tag","embeddable":true,"href":"https:\/\/www.igmg.org\/tr\/wp-json\/wp\/v2\/tags?post=8534"}],"curies":[{"name":"wp","href":"https:\/\/api.w.org\/{rel}","templated":true}]}}