{"id":8563,"date":"2009-12-29T23:07:00","date_gmt":"2009-12-29T22:07:00","guid":{"rendered":"https:\/\/www.igmg.org\/?p=8563"},"modified":"2015-02-16T10:46:31","modified_gmt":"2015-02-16T09:46:31","slug":"igmg-ruhr-a-hacae%c2%b1larae%c2%b1na-a%c2%a7oaykulu-karayae%c2%b1lama","status":"publish","type":"post","link":"https:\/\/www.igmg.org\/tr\/igmg-ruhr-a-hacae%c2%b1larae%c2%b1na-a%c2%a7oaykulu-karayae%c2%b1lama\/","title":{"rendered":"IGMG Ruhr A hac\u0131lar\u0131na \u00e7o\u015fkulu kar\u015f\u0131lama"},"content":{"rendered":"<p><span lang=\"TR\"><\/span><b><span lang=\"TR\"><\/span><\/b><span lang=\"TR\">T\u00fcrk Hava Yollar\u0131 ile T\u00fcrkiye \u00fczerinden Almanya&#8217;ya gelen 250 hac\u0131 ba\u015fta IGMG Ruhr A B\u00f6lge Ba\u015fkan\u0131 \u00d6zcan <\/span>Kuri olmak \u00fczere b\u00f6lge ve cemiyet yetkilileri ve hac\u0131lar\u0131n yak\u0131nlar\u0131 taraf\u0131ndan b\u00fcy\u00fck co\u015fku ile kar\u015f\u0131land\u0131lar.<\/p>\n<p><span lang=\"TR\">Yer yer duygulu anlar\u0131n ya\u015fand\u0131\u011f\u0131 ve sevin\u00e7 g\u00f6z ya\u015flar\u0131n\u0131n gizlenilemedi\u011fi kar\u015f\u0131lamada IGMG Ruhr A B\u00f6lgesi Kafile Ba\u015fkan\u0131 Abdullah Kodaman, &#8220;Elhamdulillah hi\u00e7 bir s\u0131k\u0131nt\u0131 ve sorun ya\u015famadan 250 hac\u0131m\u0131z ile sa\u011f selim gidip hac ibadetimizi en g\u00fczel bir \u015fekilde yerine getirerek d\u00f6nd\u00fck. Bu arada <\/span>hac\u0131lar\u0131m\u0131za ve g\u00f6revli karde\u015flerimize te\u015fekk\u00fcr ediyorum, Allah kendilerinden raz\u0131 olsun&#8221;\u009d \u015feklinde konu\u015ftu.<\/p>\n<p><span lang=\"TR\">Baz\u0131 hac\u0131lar duygular\u0131n\u0131 \u015fu \u015fekilde dile getirdi, &#8220;Bir ay boyu IGMG ve Ruhr A B\u00f6lgesi Hac Organizesi ile m\u00fckemmel bir hac g\u00f6revi yerine getirdik. Burdan ba\u015fta Kafile Ba\u015fkan\u0131m\u0131z Abdullah Kodaman olmak \u00fczere t\u00fcm yetkililere te\u015fekk\u00fcr&nbsp; <\/span>ediyoruz.&#8221;\u009d&nbsp; <\/p>\n<p>Mutluluk ve sevin\u00e7 g\u00f6z ya\u015flar\u0131n\u0131n yo\u011funluk kazand\u0131\u011f\u0131 kar\u015f\u0131lama program\u0131nda hac\u0131lar ve yak\u0131nlar\u0131 gerek kendi aralar\u0131nda gerekse b\u00f6lge ve cemiyet yetkilileri ile birlikte hat\u0131ra fotograflar\u0131 \u00e7ekilip hasret giderdiler.(ik)<\/p>\n","protected":false},"excerpt":{"rendered":"<p>IGMG Ruhr A B\u00f6lgesi Hacc Organizesi ile hac farizelerini yerine getirmek \u00fczere kutsal topraklarda bulunan hac\u0131lar D\u00fcsseldorf Havaalan\u0131nda co\u015fkulu bir \u015fekilde g\u00fcllerle kar\u015f\u0131land\u0131lar.<\/p>\n","protected":false},"author":1,"featured_media":0,"comment_status":"open","ping_status":"closed","sticky":false,"template":"","format":"standard","meta":{"ngg_post_thumbnail":0},"categories":[23238,24],"tags":[],"_links":{"self":[{"href":"https:\/\/www.igmg.org\/tr\/wp-json\/wp\/v2\/posts\/8563"}],"collection":[{"href":"https:\/\/www.igmg.org\/tr\/wp-json\/wp\/v2\/posts"}],"about":[{"href":"https:\/\/www.igmg.org\/tr\/wp-json\/wp\/v2\/types\/post"}],"author":[{"embeddable":true,"href":"https:\/\/www.igmg.org\/tr\/wp-json\/wp\/v2\/users\/1"}],"replies":[{"embeddable":true,"href":"https:\/\/www.igmg.org\/tr\/wp-json\/wp\/v2\/comments?post=8563"}],"version-history":[{"count":0,"href":"https:\/\/www.igmg.org\/tr\/wp-json\/wp\/v2\/posts\/8563\/revisions"}],"wp:attachment":[{"href":"https:\/\/www.igmg.org\/tr\/wp-json\/wp\/v2\/media?parent=8563"}],"wp:term":[{"taxonomy":"category","embeddable":true,"href":"https:\/\/www.igmg.org\/tr\/wp-json\/wp\/v2\/categories?post=8563"},{"taxonomy":"post_tag","embeddable":true,"href":"https:\/\/www.igmg.org\/tr\/wp-json\/wp\/v2\/tags?post=8563"}],"curies":[{"name":"wp","href":"https:\/\/api.w.org\/{rel}","templated":true}]}}