{"id":8587,"date":"2010-01-02T12:05:00","date_gmt":"2010-01-02T11:05:00","guid":{"rendered":"https:\/\/www.igmg.org\/?p=8587"},"modified":"2015-02-16T10:46:30","modified_gmt":"2015-02-16T09:46:30","slug":"cimg-alpes-ba%c2%b6lgesi-hac-kafilesi-da%c2%b6nda%c2%bc","status":"publish","type":"post","link":"https:\/\/www.igmg.org\/tr\/cimg-alpes-ba%c2%b6lgesi-hac-kafilesi-da%c2%b6nda%c2%bc\/","title":{"rendered":"CIMG Alpes B\u00f6lgesi hac kafilesi  d\u00f6nd\u00fc"},"content":{"rendered":"<p><span lang=\"TR\"><\/span>Alpes B\u00f6lgesi &nbsp;hac\u0131lar\u0131, IGMG Alpes B\u00f6lge Ba\u015fkan\u0131 Emir Demirba\u015f, Alpes B\u00f6lgesi \u00fcyeleri ve hac\u0131lar\u0131n yak\u0131nlar\u0131 kar\u015f\u0131lad\u0131. <\/p>\n<p><span lang=\"TR\">&nbsp;<\/span><\/p>\n<p><span lang=\"TR\">Hac\u0131lar\u0131 kar\u015f\u0131lama program\u0131nda g\u00f6r\u00fc\u015flerini ald\u0131\u011f\u0131m\u0131z, IGMG Alpes B\u00f6lge ba\u015fkan\u0131 Emir Demirba\u015f, &#8220;Hac organizasyonunda adeta bir marka haline gelen te\u015fkilat\u0131m\u0131z, hac\u0131lar\u0131m\u0131za en g\u00fczel hizmeti sunabilmenin gayreti i\u00e7erisindedir. Hac\u0131lar\u0131m\u0131z Allah\u0131n misafirleridir, onlara en g\u00fczel hizmeti sunabilmek, bu kutsal ibadeti eksiksiz bir \u015fekilde yapt\u0131rabilmek, temel hedefimizdir&quot; dedi. <\/span><\/p>\n<p><span lang=\"TR\">&nbsp;<\/span><\/p>\n<p><span lang=\"TR\">\u0130lk olarak Mekke \u015fehrine giden ve 22 g\u00fcn boyunca yo\u011fun bir programa tabi tutulan hac\u0131lar, 8 g\u00fcnde Medine&#8217;de kalmak suretiyle alemlerin efendisi Peygamberimizi ziyaret etme \u015ferefine nail oldular. <\/span><\/p>\n<p><span lang=\"TR\">&nbsp;<\/span><\/p>\n<p><span lang=\"TR\">Havaalan\u0131n\u0131 dolduran hac\u0131 yak\u0131nlar\u0131ndan kimi babas\u0131n\u0131, kimi annesini, kimi e\u015fini, kimi ablas\u0131n\u0131, kimi de dedesini ve ninesini ellerinde g\u00fcllerle bekliyordu. Her hac\u0131n\u0131n y\u00fcz\u00fcnde sevin\u00e7 ve g\u00f6zya\u015f\u0131 vard\u0131. Sevdiklerine kavu\u015ftuklar\u0131 i\u00e7in sevin\u00e7liydiler ama Mekke ve Medine&#8217;den ayr\u0131lman\u0131n da \u00fcz\u00fcnt\u00fcs\u00fcn\u00fc ya\u015f\u0131yorlard\u0131. Duygulu anlar\u0131n ya\u015fand\u0131\u011f\u0131 havaliman\u0131nda Alpes Hac Kafilesi Ba\u015fkan\u0131 Hayrullah Ekici, g\u00fczel bir hac yapt\u0131klar\u0131n\u0131 s\u00f6yledi. Di\u011fer Alpesli hac\u0131lar da, IGMG&#8217;ye te\u015fekk\u00fcr ederek, &#8220;Allah IGMG&#8217;den raz\u0131 olsun g\u00fczel bir hac yapt\u0131k,bu g\u00fczel kar\u015f\u0131lama da bizleri fazlas\u0131 ile duyguland\u0131rd\u0131&#8221;\u009d dediler.<\/span><\/p>\n<p><span lang=\"TR\">Alpes b\u00f6lgesinden 140 ki\u015filik bir kafile olarak kutsal topraklardan d\u00f6nen Hac\u0131lara Hayrullah EKICI ba\u015fkanl\u0131\u011f\u0131nda 4 ki\u015filik tecrubeli g\u00f6revliler nezaret ettiler.(ik)<\/p>\n<p> <\/span><\/p>\n","protected":false},"excerpt":{"rendered":"<p>Medine-\u0130stanbul aktarmal\u0131 olarak Saint Exupery Havaliman\u0131&#8217;na inen, Alpes kafilesi g\u00fcllerle ve sevin\u00e7 g\u00f6zya\u015flar\u0131 ile kar\u015f\u0131land\u0131. <\/p>\n","protected":false},"author":1,"featured_media":0,"comment_status":"open","ping_status":"closed","sticky":false,"template":"","format":"standard","meta":{"ngg_post_thumbnail":0},"categories":[23238,24],"tags":[],"_links":{"self":[{"href":"https:\/\/www.igmg.org\/tr\/wp-json\/wp\/v2\/posts\/8587"}],"collection":[{"href":"https:\/\/www.igmg.org\/tr\/wp-json\/wp\/v2\/posts"}],"about":[{"href":"https:\/\/www.igmg.org\/tr\/wp-json\/wp\/v2\/types\/post"}],"author":[{"embeddable":true,"href":"https:\/\/www.igmg.org\/tr\/wp-json\/wp\/v2\/users\/1"}],"replies":[{"embeddable":true,"href":"https:\/\/www.igmg.org\/tr\/wp-json\/wp\/v2\/comments?post=8587"}],"version-history":[{"count":0,"href":"https:\/\/www.igmg.org\/tr\/wp-json\/wp\/v2\/posts\/8587\/revisions"}],"wp:attachment":[{"href":"https:\/\/www.igmg.org\/tr\/wp-json\/wp\/v2\/media?parent=8587"}],"wp:term":[{"taxonomy":"category","embeddable":true,"href":"https:\/\/www.igmg.org\/tr\/wp-json\/wp\/v2\/categories?post=8587"},{"taxonomy":"post_tag","embeddable":true,"href":"https:\/\/www.igmg.org\/tr\/wp-json\/wp\/v2\/tags?post=8587"}],"curies":[{"name":"wp","href":"https:\/\/api.w.org\/{rel}","templated":true}]}}