{"id":8617,"date":"2010-01-09T10:00:00","date_gmt":"2010-01-09T09:00:00","guid":{"rendered":"https:\/\/www.igmg.org\/?p=8617"},"modified":"2015-02-16T10:46:28","modified_gmt":"2015-02-16T09:46:28","slug":"igmg-bremen-ba%c2%b6lge-toplantae%c2%b1sae%c2%b1-yapae%c2%b1ldae%c2%b1","status":"publish","type":"post","link":"https:\/\/www.igmg.org\/tr\/igmg-bremen-ba%c2%b6lge-toplantae%c2%b1sae%c2%b1-yapae%c2%b1ldae%c2%b1\/","title":{"rendered":"IGMG Bremen B\u00f6lge Toplant\u0131s\u0131 yap\u0131ld\u0131"},"content":{"rendered":"<p>Kur&#039;an-\u0131 Kerim tilavetiyle ba\u015flayan toplant\u0131n\u0131n a\u00e7\u0131l\u0131\u015f konu\u015fmas\u0131n\u0131 B\u00f6lge Ba\u015fkan\u0131 Zeki Ba\u015faran yapt\u0131. Konu\u015fmas\u0131na hazirunu selamlayarak ba\u015flayan Ba\u015faran, b\u00f6lgesi ile ilgili gerekli ve \u00f6nemli a\u00e7\u0131klamalarda bulunarak, son g\u00fcnlerde lehte ve aleyhte ger\u00e7ekle\u015fen g\u00fcncel baz\u0131 geli\u015fmelere vurgu yapt\u0131. Bask\u0131nlar, minare yasaklamalar\u0131, \u0130slamfobi gibi konular hakk\u0131nda te\u015fkilat\u0131n g\u00f6r\u00fc\u015f ve tutumunu net bir \u015fekilde dile getiren Ba\u015faran &#8220;Bizim M\u00fcsl\u00fcmanlar olarak kimseyle kavga etmek gibi bir niyetimiz yoktur, buna dinimiz de m\u00fcsade etmez&#8221;\u009d dedi.<\/p>\n<p>E\u011fitim, sosyal hizmetler, hacc ve umre, b\u00f6lge \u00fcyeli\u011fi, gen\u00e7lik ve di\u011fer birim ba\u015fkanlar\u0131 \u00e7al\u0131\u015fmalar\u0131 ve hedefleri hakk\u0131nda \u00f6nemli a\u00e7\u0131klamalarda bulunarak, b\u00fct\u00fcn bu \u00e7al\u0131\u015fmalarda gerekli deste\u011fin cemiyetler taraf\u0131ndan sa\u011flanm\u0131\u015f olmas\u0131ndan dolay\u0131 te\u015fekk\u00fcr edildi.<\/p>\n<p><strong>&#8220;Temel hak ve h\u00fcrriyetler oylanmaz&#8221;\u009d<\/strong><\/p>\n<p>Toplant\u0131ya kat\u0131lan IGMG Genel Sekreteri O\u011fuz \u00dc\u00e7\u00fcnc\u00fc, &#8220;Bir toplumda dindarlar varsa, onlar ba\u015f\u0131m\u0131za s\u0131k\u0131nt\u0131 olu\u015fturur&#8221;\u009d \u015feklinde Avrupa&#039;da bir felsefe olu\u015fturdu\u011funu vurgulad\u0131. Minareyi referanduma g\u00f6t\u00fcren \u0130svi\u00e7re&#039;de sadece 4 camiide minare bulundu\u011funu belirten \u00dc\u00e7\u00fcnc\u00fc, &#8220;En fazla \u0130slam kar\u015f\u0131tl\u0131\u011f\u0131n\u0131n oldu\u011fu \u00fclkeler, en az M\u00fcsl\u00fcman&#039;\u0131n ya\u015fad\u0131\u011f\u0131 \u00fclkelerdir, bu Almanya&#039;da b\u00f6lge eyaletlerde de ge\u00e7erli&#8221;\u009ddedi.<\/p>\n<p><sub><\/sub>\u00dc\u00e7\u00fcnc\u00fc, Almanya genelinde baz\u0131 b\u00fcrolarda yap\u0131lan aramalar\u0131 ele\u015ftirerek, hukuk devletine g\u00fcvendiklerini, tez zamanda iddialar\u0131n a\u00e7\u0131kl\u0131\u011fa kavu\u015fturulmas\u0131n\u0131 \u00fcmit ettiklerini ve iddialar\u0131n do\u011fru olmad\u0131\u011f\u0131n\u0131 ifade ederek, &#8220;Aln\u0131m\u0131z a\u00e7\u0131k, veremeyecek bir hesab\u0131m\u0131z yok.&#8221;\u009d dedi. &#8220;Hocalar\u0131m\u0131z\u0131 ka\u00e7ak olarak \u00e7al\u0131\u015ft\u0131rd\u0131\u011f\u0131m\u0131z y\u00f6n\u00fcnde iddialar var. Oysa biz hocalar\u0131m\u0131z\u0131n i\u015fvereni de\u011filiz, camilerimiz onlar\u0131n i\u015fvereni. 500 tane camide bunu yapt\u0131\u011f\u0131m\u0131z\u0131 iddia ediyorlar. Bizim Almanya&#039;da 300 tane camimiz var. Hem iddia yanl\u0131\u015f, hem rakamlar yanl\u0131\u015f. Biliyorsunuz kiliselere benzer taraf\u0131m\u0131z yok, yani her camide imam olacak diye bir \u015fart\u0131m\u0131z da yok. \u0130htiya\u00e7 duyuldu\u011funda herhangi bir ki\u015fi de imam olabilir. Gere\u011fini yapan cemiyetlerimize haks\u0131zl\u0131k ediyorlar. \u0130htiya\u00e7 duyuldu\u011funda imam istihdam ediyorlar ve gerekli sosyal sigorta primlerini de yat\u0131r\u0131yorlar, her sorumlu vatanda\u015f gibi gerekini yap\u0131yorlar&#8221;\u009d dedi. <\/p>\n<p>Olay\u0131n imam istihdam\u0131yla ilgisinin olmad\u0131\u011f\u0131n\u0131n a\u00e7\u0131k\u00e7a ortada oldu\u011funu ifade eden \u00dc\u00e7\u00fcnc\u00fc, &#8220;Bu bir atmosferin \u00fcr\u00fcn\u00fc. Bir duru\u015fun, bir manada ortaya konulmu\u015f olan bir tavra g\u00f6sterilmi\u015f olan bir kar\u015f\u0131l\u0131k. Ancak biz bundan tersine bir ders \u00e7\u0131karm\u0131yor, hukuk devletine g\u00fcveniyor ve tez bir zaman i\u00e7erisinde ac\u0131\u011fa kavu\u015fturulaca\u011f\u0131na da inan\u0131yoruz&#8221;\u009d dedi. Bayram\u0131n hemen sonras\u0131nda b\u00f6yle bir \u015feyin ho\u015f olmad\u0131\u011f\u0131n\u0131 ifade eden \u00dc\u00e7\u00fcnc\u00fc, &#8220;Biz bunu bir \u00f6zg\u00fcvenle kar\u015f\u0131lad\u0131k. Aln\u0131m\u0131z a\u00e7\u0131k, veremeyecek bir hesab\u0131m\u0131z yok. Hele hele emanetlere tevess\u00fcl etme gibi ibadetler noktas\u0131nda \u00f6zellikle bir k\u00f6t\u00fc niyetimiz ve art niyetimiz kesinlikle olamaz. \u0130n\u015fallah kamuoyu da bunu bu \u015fekilde \u00f6\u011frenecek&#8221;\u009d \u015feklinde konu\u015ftu.<\/p>\n<p>\u00dc\u00e7\u00fcnc\u00fc, son 14 ay i\u00e7inde 4 defa evinin ve te\u015fkilatlar\u0131n\u0131n bask\u0131nlara maruz kald\u0131\u011f\u0131n\u0131 belirterek, &#8220;Ancak hi\u00e7bir yasal i\u015flem hakk\u0131m\u0131zda ba\u015flat\u0131lmam\u0131\u015ft\u0131r&#8221;\u009d dedi.<\/p>\n<p>Sosyal hizmetlerde g\u00f6sterdikleri ba\u015far\u0131l\u0131 \u00e7al\u0131\u015fma ve desteklerinden dolay\u0131 b\u00fct\u00fcn cemiyet ba\u015fkanlar\u0131na cemiyetleri ad\u0131na birer plaket takdim edildi.<\/p>\n<p>2009 Bremen B\u00f6lgesi Hacc Kafile Ba\u015fkan\u0131 Adem Sevgi 40. hacc organizesi hakk\u0131nda an\u0131 ve duygular\u0131n\u0131 anlatt\u0131. Sevgi, IGMG&#039;nin herzaman oldu\u011fu gibi bu y\u0131lda bu sahada m\u00fchr\u00fcn\u00fc vurdu\u011funu s\u00f6yledi. Yeni d\u00f6nem i\u00e7in baz\u0131 tavsiyelerde bulundu.<\/p>\n<p>Te\u015fkilatlardan gelen dilek ve temennilere b\u00f6lge ad\u0131na Ba\u015fkan Zeki Ba\u015faran, a\u00e7\u0131kl\u0131k getirirken, Genel Merkez ad\u0131na da Genel Sekreter O\u011fuz \u00dc\u00e7\u00fcnc\u00fc yan\u0131t verdi.<\/p>\n<p>&#8220;Meyvesiz a\u011fa\u00e7 ta\u015flanmaz, ta\u015flaniyorsan\u0131z meyve veriyorsunuz demektir&#8221;\u009d s\u00f6zleriyle, ya\u015fanan son bask\u0131nlara vurgu yapan g\u00fcn\u00fcn hatibi Fatih Aksay, &#8220;\u00c7al\u0131\u015fmalar\u0131m\u0131z sa\u011flam, metin ve muhkim bir \u015fekilde, en \u00f6nemlisi de Allah r\u0131zas\u0131 i\u00e7in devam etmelidir&#8221;\u009d dedi. Konu\u015fmas\u0131n\u0131 Hz. Yunus (as) vakias\u0131na ay\u0131ran Aksay, onun gemiden at\u0131larak bal\u0131k taraf\u0131ndan yutulmas\u0131n\u0131, onun izinsiz olarak g\u00f6rev mahallindan uzakla\u015fmas\u0131na ba\u011flad\u0131 ve kurtulduktan sonra&#039;da kavminin hakk\u0131 buldu\u011funu s\u00f6yledi.(ik)<\/p>\n","protected":false},"excerpt":{"rendered":"<p>Bremen B\u00f6lgesi 2009-2010 \u00e7al\u0131\u015fma y\u0131l\u0131 II. B\u00f6lge toplant\u0131s\u0131n\u0131 icra etti. Yeni IGMG Bremen B\u00f6lge ve E\u011fitim Merkezi&#8217;nde ger\u00e7ekle\u015fen toplant\u0131da m\u00fc\u015fterek hizmet veren b\u00fct\u00fcn te\u015fkilatlar ve cemiyetler t\u00fcm birimleri ile birlikte eksiksiz olarak haz\u0131r bulundular.<\/p>\n","protected":false},"author":1,"featured_media":0,"comment_status":"open","ping_status":"closed","sticky":false,"template":"","format":"standard","meta":{"ngg_post_thumbnail":0},"categories":[23238,24,23255],"tags":[],"_links":{"self":[{"href":"https:\/\/www.igmg.org\/tr\/wp-json\/wp\/v2\/posts\/8617"}],"collection":[{"href":"https:\/\/www.igmg.org\/tr\/wp-json\/wp\/v2\/posts"}],"about":[{"href":"https:\/\/www.igmg.org\/tr\/wp-json\/wp\/v2\/types\/post"}],"author":[{"embeddable":true,"href":"https:\/\/www.igmg.org\/tr\/wp-json\/wp\/v2\/users\/1"}],"replies":[{"embeddable":true,"href":"https:\/\/www.igmg.org\/tr\/wp-json\/wp\/v2\/comments?post=8617"}],"version-history":[{"count":0,"href":"https:\/\/www.igmg.org\/tr\/wp-json\/wp\/v2\/posts\/8617\/revisions"}],"wp:attachment":[{"href":"https:\/\/www.igmg.org\/tr\/wp-json\/wp\/v2\/media?parent=8617"}],"wp:term":[{"taxonomy":"category","embeddable":true,"href":"https:\/\/www.igmg.org\/tr\/wp-json\/wp\/v2\/categories?post=8617"},{"taxonomy":"post_tag","embeddable":true,"href":"https:\/\/www.igmg.org\/tr\/wp-json\/wp\/v2\/tags?post=8617"}],"curies":[{"name":"wp","href":"https:\/\/api.w.org\/{rel}","templated":true}]}}