{"id":8789,"date":"2010-02-03T13:05:00","date_gmt":"2010-02-03T12:05:00","guid":{"rendered":"https:\/\/www.igmg.org\/?p=8789"},"modified":"2015-02-16T10:46:22","modified_gmt":"2015-02-16T09:46:22","slug":"kuzey-ruhr-ba%c2%b6lgesi-azubeler-arasae%c2%b1-kuraean-ae%c2%b1-kerim-yarae%c2%b1aymasae%c2%b1","status":"publish","type":"post","link":"https:\/\/www.igmg.org\/tr\/kuzey-ruhr-ba%c2%b6lgesi-azubeler-arasae%c2%b1-kuraean-ae%c2%b1-kerim-yarae%c2%b1aymasae%c2%b1\/","title":{"rendered":"Kuzey Ruhr B\u00f6lgesi \u015eubeler Aras\u0131 Kur&#8217;an-\u0131 Kerim Yar\u0131\u015fmas\u0131"},"content":{"rendered":"<p><b><span lang=\"TR\"><\/span><\/b><span lang=\"TR\">Sunucu Celalettin Ate\u015f konu\u015fmac\u0131lar\u0131 ve program\u0131n ak\u0131\u015f\u0131n\u0131 sunduktan sonra, a\u00e7\u0131l\u0131\u015f Kur&#8217;an-\u0131 Kerim&#8217;i ile ba\u015flayan programda B\u00f6lge \u0130r\u015fad Ba\u015fkan\u0131 \u0130kram Sever yar\u0131\u015fma kurallar\u0131n\u0131 a\u00e7\u0131klayarak, yar\u0131\u015fman\u0131n ezber ve y\u00fcz\u00fcnden olarak yap\u0131laca\u011f\u0131n\u0131, 10-14 ya\u015f aras\u0131 ve 14-18 ya\u015f aras\u0131nda iki grupta toplam 26 yar\u0131\u015fmac\u0131n\u0131n bulunaca\u011f\u0131n\u0131 belirterek yar\u0131\u015fmac\u0131lara ba\u015far\u0131lar diledi. <\/span><\/p>\n<p><span lang=\"TR\">&nbsp;<\/span><\/p>\n<p><span lang=\"TR\">IGMG Kuzey Ruhr B\u00f6lge Ba\u015fkan\u0131 &nbsp;<\/span>Murat \u0130leri; &#8220;Kur&#8217;an b\u00fclb\u00fcl\u00fc yavrular\u0131m\u0131za huzurlar\u0131n\u0131zda ba\u015far\u0131lar dilemek istiyorum, &#8216;Sizin en hay\u0131rl\u0131n\u0131z Kur&#8217;an&#8217;\u0131 \u00f6\u011frenen ve e\u011freteninizdir&#8217; hadisinde belirtildi\u011fi gibi bizler tohumlar\u0131 sa\u00e7\u0131yoruz bu yavrular\u0131m\u0131z da in\u015faallah ye\u015fertecektir&#8221;\u009d dedi. B\u00f6lge hizmetlerinden de bilgi veren Ba\u015fkan \u0130leri; &#8220;Bug\u00fcn Kur&#8217;an dinleme g\u00fcn\u00fcd\u00fcr, \u015fimdi hep birlikte yavrular\u0131m\u0131z\u0131 dinleyelim&#8221;\u009d diyerek s\u00f6zlerine son verdi. <\/p>\n<p><span lang=\"TR\">&nbsp;<\/span><\/p>\n<p><span lang=\"TR\">Yar\u0131\u015fma sonunda j\u00fcri Ba\u015fkan\u0131 Saffet G\u00fcndo\u011fdu dereceye girenleri \u015f\u00f6yle s\u0131ralad\u0131:10-14 ya\u015f aras\u0131; 1. Bielefeld \u015eubesi&#8217;nden Abdulsamet T\u00fcrkseven, 2. Steinhagen \u015eubesi&#8217;nden Abdulkerim \u0130leri, 3. Osnabr\u00fcck \u015eubesi&#8217;nden \u0130sa Recber 14-18 ya\u015f aras\u0131; 1. \u0130bbenb\u00fcren \u015eubesi&#8217;nden Faruk Kaplan, 2. Osnabr\u00fcck \u015eubesi&#8217;den Mehmet Emin Akyol, 3. L\u00f6hne \u015eubesi&#8217;nden Emre Amil <\/span><\/p>\n<p><span lang=\"TR\">&nbsp;<\/span><\/p>\n<p><span lang=\"TR\">Birincilere laptop hediyesini Ba\u015fkan Murat \u0130leri takdim etti. IGMG \u0130r\u015fad Ba\u015fkan\u0131 ve Genel Ba\u015fkan Yard\u0131mc\u0131s\u0131 Ahmet \u00d6zden; &#8220;Kur&#8217;an b\u00fclb\u00fcllerimizi dinledik, Cenab-\u0131 Allah onlardan ve onlar\u0131n yeti\u015fmesinde eme\u011fi ge\u00e7enlerden raz\u0131 olsun. Bu yavrular, birer cevherdir, i\u015fledikce daha da g\u00fczelle\u015firler&#8221;\u009d diyerek ve sahabelerden de \u00f6rnekler vererek konu\u015fmas\u0131na son verdi. Osnabr\u00fcck Cemiyeti&#8217;nin verdi\u011fi ziyafetle bir g\u00fczel program daha sona erdi.(ik)<\/span><\/p>\n<p><span lang=\"TR\">&nbsp;<\/span><\/p>\n<p><span lang=\"TR\">&nbsp;<\/span><\/p>\n","protected":false},"excerpt":{"rendered":"<p>IGMG Kuzey Ruhr B\u00f6lgesi \u015eubeler Aras\u0131 Kur&#8217;an-\u0131 Kerim Yar\u0131\u015fmas\u0131 Osnabr\u00fcck Cemiyeti&#8217;nde d\u00fczenlendi. <\/p>\n","protected":false},"author":1,"featured_media":0,"comment_status":"open","ping_status":"closed","sticky":false,"template":"","format":"standard","meta":{"ngg_post_thumbnail":0},"categories":[23238,24],"tags":[],"_links":{"self":[{"href":"https:\/\/www.igmg.org\/tr\/wp-json\/wp\/v2\/posts\/8789"}],"collection":[{"href":"https:\/\/www.igmg.org\/tr\/wp-json\/wp\/v2\/posts"}],"about":[{"href":"https:\/\/www.igmg.org\/tr\/wp-json\/wp\/v2\/types\/post"}],"author":[{"embeddable":true,"href":"https:\/\/www.igmg.org\/tr\/wp-json\/wp\/v2\/users\/1"}],"replies":[{"embeddable":true,"href":"https:\/\/www.igmg.org\/tr\/wp-json\/wp\/v2\/comments?post=8789"}],"version-history":[{"count":0,"href":"https:\/\/www.igmg.org\/tr\/wp-json\/wp\/v2\/posts\/8789\/revisions"}],"wp:attachment":[{"href":"https:\/\/www.igmg.org\/tr\/wp-json\/wp\/v2\/media?parent=8789"}],"wp:term":[{"taxonomy":"category","embeddable":true,"href":"https:\/\/www.igmg.org\/tr\/wp-json\/wp\/v2\/categories?post=8789"},{"taxonomy":"post_tag","embeddable":true,"href":"https:\/\/www.igmg.org\/tr\/wp-json\/wp\/v2\/tags?post=8789"}],"curies":[{"name":"wp","href":"https:\/\/api.w.org\/{rel}","templated":true}]}}