{"id":8853,"date":"2010-02-10T10:30:00","date_gmt":"2010-02-10T09:30:00","guid":{"rendered":"https:\/\/www.igmg.org\/?p=8853"},"modified":"2015-02-16T10:46:19","modified_gmt":"2015-02-16T09:46:19","slug":"grup-dildaraedan-alternatif-programlar","status":"publish","type":"post","link":"https:\/\/www.igmg.org\/tr\/grup-dildaraedan-alternatif-programlar\/","title":{"rendered":"Grup Dildar&#8217;dan alternatif programlar"},"content":{"rendered":"<p>Grup Ba\u015fkan\u0131 G\u00fcl Yal\u00e7\u0131ner, grup \u00fcyesi 20 gen\u00e7 k\u0131z\u0131n her hafta camide bulu\u015farak Kur&#8217;an okuyup, ezberlerini geli\u015ftirme ve sohbet d\u00fczenlemelerinin yan\u0131nda, bu bulu\u015fmalarda tiyatro, folklor ve ilahi alanlar\u0131nda kendilerini geli\u015ftirdiklerini a\u00e7\u0131klad\u0131. \u00c7o\u011funlu\u011fu \u00fcniversite okuyan veya meslek sahibi olan grup \u00fcyelerinin k\u0131na gecesi, d\u00fc\u011f\u00fcn ve s\u00fcnnet d\u00fc\u011f\u00fcn\u00fc gibi programlarda sahne ald\u0131klar\u0131n\u0131 belirten G\u00fcl Yal\u00e7\u0131ner, Grup Dildar&#8217;\u0131n geleneksel folklor g\u00f6sterilerinin yan\u0131nda, semazen ve tiyatro g\u00f6sterileri de d\u00fczenledi\u011fini s\u00f6yledi.<\/p>\n<p>Grup Ba\u015fkan\u0131 Yal\u00e7\u0131ner ayr\u0131ca grup \u00fcyelerinin fahri olarak \u00e7al\u0131\u015ft\u0131klar\u0131n\u0131 ve programlardan elde edilen gelirin ba\u011f\u0131\u015flarda kullan\u0131ld\u0131\u011f\u0131n\u0131, bu nedenle gruplar\u0131na yap\u0131lacak destekleri memnuniyetle kar\u015f\u0131lad\u0131klar\u0131n\u0131 belirtti. (ya)<\/p>\n","protected":false},"excerpt":{"rendered":"<p>IGMG Ruhr A B\u00f6lgesi&#8217;ne ba\u011fl\u0131 Hagen Cemiyeti&#8217;nde bundan birka\u00e7 y\u0131l \u00f6nce 20 ki\u015filik Grup Dildar isminde \u00e7e\u015fitli programlarda sahne alan bir 20 ki\u015filik bir grup olu\u015fturuldu. Grubun olu\u015fturulmas\u0131 fikri grup ba\u015fkan\u0131 G\u00fcl Yal\u00e7\u0131ner&#8217;in d\u00fc\u011f\u00fcn\u00fcnde arkada\u015flar\u0131n\u0131n folklor g\u00f6sterisinin ard\u0131ndan ortaya \u00e7\u0131kt\u0131. Bundan sonra grup \u00fcyeleri kad\u0131nlar i\u00e7in \u00f6zel programlar d\u00fczenlemeye karar verdiler. 2003 y\u0131l\u0131ndan beri k\u00fc\u00e7\u00fck b\u00fcy\u00fck programlarda sahne alan Grup Dildar&#8217;\u0131n kurulma ser\u00fcveni bu \u015fekilde ger\u00e7ekle\u015fti.<\/p>\n","protected":false},"author":1,"featured_media":0,"comment_status":"open","ping_status":"closed","sticky":false,"template":"","format":"standard","meta":{"ngg_post_thumbnail":0},"categories":[23238,24],"tags":[],"_links":{"self":[{"href":"https:\/\/www.igmg.org\/tr\/wp-json\/wp\/v2\/posts\/8853"}],"collection":[{"href":"https:\/\/www.igmg.org\/tr\/wp-json\/wp\/v2\/posts"}],"about":[{"href":"https:\/\/www.igmg.org\/tr\/wp-json\/wp\/v2\/types\/post"}],"author":[{"embeddable":true,"href":"https:\/\/www.igmg.org\/tr\/wp-json\/wp\/v2\/users\/1"}],"replies":[{"embeddable":true,"href":"https:\/\/www.igmg.org\/tr\/wp-json\/wp\/v2\/comments?post=8853"}],"version-history":[{"count":0,"href":"https:\/\/www.igmg.org\/tr\/wp-json\/wp\/v2\/posts\/8853\/revisions"}],"wp:attachment":[{"href":"https:\/\/www.igmg.org\/tr\/wp-json\/wp\/v2\/media?parent=8853"}],"wp:term":[{"taxonomy":"category","embeddable":true,"href":"https:\/\/www.igmg.org\/tr\/wp-json\/wp\/v2\/categories?post=8853"},{"taxonomy":"post_tag","embeddable":true,"href":"https:\/\/www.igmg.org\/tr\/wp-json\/wp\/v2\/tags?post=8853"}],"curies":[{"name":"wp","href":"https:\/\/api.w.org\/{rel}","templated":true}]}}