{"id":8944,"date":"2010-02-22T11:44:00","date_gmt":"2010-02-22T10:44:00","guid":{"rendered":"https:\/\/www.igmg.org\/?p=8944"},"modified":"2015-02-16T10:46:15","modified_gmt":"2015-02-16T09:46:15","slug":"rhein-neckar-saar-ba%c2%b6lge-baaykanae%c2%b1-aeoegelecegimiz-ia%c2%a7in-gena%c2%a7lik-a%c2%a7ok-a%c2%b6nemliae%c2%9d","status":"publish","type":"post","link":"https:\/\/www.igmg.org\/tr\/rhein-neckar-saar-ba%c2%b6lge-baaykanae%c2%b1-aeoegelecegimiz-ia%c2%a7in-gena%c2%a7lik-a%c2%a7ok-a%c2%b6nemliae%c2%9d\/","title":{"rendered":"Rhein Neckar Saar B\u00f6lge Ba\u015fkan\u0131: &#8220;Gelecegimiz i\u00e7in gen\u00e7lik \u00e7ok \u00f6nemli&#8221;\u009d"},"content":{"rendered":"<p>Ya\u015far \u00c7im\u015fit Worms Gen\u00e7lik Te\u015fkilat\u0131&#8217;nda yap\u0131lan e\u011fitim program\u0131nda yapt\u0131\u011f\u0131 konu\u015fmada gelece\u011fi gen\u00e7lerin kuraca\u011f\u0131n\u0131 s\u00f6yleyerek &#8220;gelece\u011fimiz i\u00e7in gen\u00e7lik \u00e7ok \u00f6nemli&#8221;\u009d dedi. <\/p>\n<p>\u00c7im\u015fit bu nedenle gen\u00e7lerin erdemli bir insan olmalar\u0131 gerekti\u011fini ve i\u00e7inde ya\u015fam\u0131\u015f oldu\u011fumuz toplumla&nbsp; uyum i\u00e7inde hareket etmeleri gerektigini vurgulad\u0131. \u00c7im\u015fit; &#8220;\u0130nsanlar\u0131n en hay\u0131rl\u0131s\u0131 insanlara en faydal\u0131 oland\u0131r, d\u00fcst\u00fcr\u00fcndan hareketle, ba\u015far\u0131l\u0131 ve e\u011fitimini en g\u00fczel bir \u015fekilde tamamlam\u0131\u015f ve topluma faydal\u0131 birer fert olman\u0131z gerekmektedir. Bu \u00fclkenin gelece\u011fi olan siz gen\u00e7lerin sorumluluklar\u0131n\u0131z\u0131n bilincinde olmas\u0131, bu \u00fclkenin sorunlar\u0131yla ilgilenmesi ve sorumluluklar almas\u0131 gerekmektedir. \u00c7\u00fcnk\u00fc biz art\u0131k misafir de\u011filiz, burada do\u011fan ve hayat\u0131n\u0131 burada s\u00fcrd\u00fcren bir toplumuz. Gen\u00e7lik olarak her t\u00fcrl\u00fc k\u00f6t\u00fcl\u00fckten ve her t\u00fcrl\u00fc k\u00f6t\u00fc al\u0131\u015fkanl\u0131klardan uzak durmam\u0131z gerekmektedir. \u0130yi bir gen\u00e7 \u00f6nce yaratan\u0131na, ailesine ve topluma kar\u015f\u0131 sorumluluklar\u0131n\u0131 bilen ve onu hayat\u0131na uygulayan gen\u00e7tir. Gen\u00e7lerimizin d\u00fcr\u00fcst, ahlakl\u0131, adaletli, bar\u0131\u015fc\u0131, ilkeli ve seviyeli olmas\u0131 i\u00e7in gayretli bir \u015fekilde \u00e7al\u0131\u015ft\u0131\u011f\u0131n\u0131z\u0131 biliyor ve bundan dolay\u0131 da eme\u011fi ge\u00e7en herkese te\u015fekk\u00fcr ediyorum&#8221;\u009d&nbsp;\u015feklinde konu\u015ftu.<\/p>\n<p>Daha sonra her hafta d\u00fczenli olarak yap\u0131lan egitim ve sohbet \u00e7al\u0131\u015fmalar\u0131ndan bilgi <\/p>\n<p>sunan Worms \u015eubesi Gen\u00e7lik Ba\u015fkan\u0131 Ahmet Perk\u00fcn, B\u00f6lge Ba\u015fkan\u0131 Ya\u015far Cim\u015fit&#8217;e kat\u0131l\u0131m\u0131ndan dolay\u0131 te\u015fekk\u00fcr etti.(ik)<\/p>\n","protected":false},"excerpt":{"rendered":"<p>IGMG Rhein Neckar Saar B\u00f6lgesi Worms Gen\u00e7lik Te\u015fkilat\u0131&#8217;nda yap\u0131lan e\u011fitim program\u0131na kat\u0131lan B\u00f6lge Ba\u015fkan\u0131 Ya\u015far \u00c7im\u015fit gen\u00e7lere hitap etti.<\/p>\n","protected":false},"author":1,"featured_media":0,"comment_status":"open","ping_status":"closed","sticky":false,"template":"","format":"standard","meta":{"ngg_post_thumbnail":0},"categories":[23238,24,23259],"tags":[],"_links":{"self":[{"href":"https:\/\/www.igmg.org\/tr\/wp-json\/wp\/v2\/posts\/8944"}],"collection":[{"href":"https:\/\/www.igmg.org\/tr\/wp-json\/wp\/v2\/posts"}],"about":[{"href":"https:\/\/www.igmg.org\/tr\/wp-json\/wp\/v2\/types\/post"}],"author":[{"embeddable":true,"href":"https:\/\/www.igmg.org\/tr\/wp-json\/wp\/v2\/users\/1"}],"replies":[{"embeddable":true,"href":"https:\/\/www.igmg.org\/tr\/wp-json\/wp\/v2\/comments?post=8944"}],"version-history":[{"count":0,"href":"https:\/\/www.igmg.org\/tr\/wp-json\/wp\/v2\/posts\/8944\/revisions"}],"wp:attachment":[{"href":"https:\/\/www.igmg.org\/tr\/wp-json\/wp\/v2\/media?parent=8944"}],"wp:term":[{"taxonomy":"category","embeddable":true,"href":"https:\/\/www.igmg.org\/tr\/wp-json\/wp\/v2\/categories?post=8944"},{"taxonomy":"post_tag","embeddable":true,"href":"https:\/\/www.igmg.org\/tr\/wp-json\/wp\/v2\/tags?post=8944"}],"curies":[{"name":"wp","href":"https:\/\/api.w.org\/{rel}","templated":true}]}}