{"id":8947,"date":"2010-02-22T13:28:00","date_gmt":"2010-02-22T12:28:00","guid":{"rendered":"https:\/\/www.igmg.org\/?p=8947"},"modified":"2015-02-16T10:46:15","modified_gmt":"2015-02-16T09:46:15","slug":"schwaben-ba%c2%b6lgesi-geniayletilmiay-azube-ya%c2%bcra%c2%bctme-kurulu-toplantae%c2%b1sae%c2%b1-yapae%c2%b1ldae%c2%b1","status":"publish","type":"post","link":"https:\/\/www.igmg.org\/tr\/schwaben-ba%c2%b6lgesi-geniayletilmiay-azube-ya%c2%bcra%c2%bctme-kurulu-toplantae%c2%b1sae%c2%b1-yapae%c2%b1ldae%c2%b1\/","title":{"rendered":"Schwaben B\u00f6lgesi Geni\u015fletilmi\u015f \u015eube Y\u00fcr\u00fctme Kurulu Toplant\u0131s\u0131 yap\u0131ld\u0131"},"content":{"rendered":"<p>Toplant\u0131ya Bayram Mumcu&#039;nun okudu\u011fu Kur&#039;an-\u0131 Kerim ile ba\u015fland\u0131. Cemiyetlerimize \u00fcyelik kampanyas\u0131 ile alakal\u0131 sinevizyon ile devam edildi. Program\u0131 sunan Recep Eken selamlama konu\u015fmas\u0131n\u0131 yapmak \u00fczere B\u00f6lge Ba\u015fkan\u0131 Davut Ko\u00e7ak&#039;\u0131 davet etti. B\u00f6lge Ba\u015fkan\u0131 konu\u015fmas\u0131nda davetlileri selamlad\u0131ktan sonra Schwaben B\u00f6lgesi&#039;nde yap\u0131lan \u00e7al\u0131\u015fmalar hakk\u0131nda bilgi verdi. D\u00fcnya genelindeki geli\u015fmeleri de de\u011ferlendiren B\u00f6lge Ba\u015fkan\u0131, y\u00fcr\u00fctme kurulunun isti\u015faresini bitirdi\u011fini belirterek ve yeni b\u00f6lge idarecilerini, \u015fube idarecilerine birimleri ile birlikte tan\u0131tarak sahneye davet etti. 24 ki\u015filik b\u00f6lge idaresi kadrosuyla \u00e7ekilen hat\u0131ra foto\u011fraf\u0131yla birlikte s\u00f6zlerini noktalad\u0131. <\/p>\n<p>B\u00f6lge Gen\u00e7lik Te\u015fkilat\u0131 Ba\u015fkan\u0131 Haluk \u00dcnl\u00fct\u00fcrk, kat\u0131l\u0131mc\u0131lar\u0131 selamlad\u0131ktan sonra, Schwaben Gen\u00e7lik Te\u015fkilat\u0131&#039;n\u0131n faaliyetlerden k\u0131saca bahsettikten sonra Gen\u00e7lik B\u00f6lge Y\u00fcr\u00fctme Kurulu(BYK)&#039;nu sinevizyon e\u015fli\u011finde taktim etti.<\/p>\n<p>B\u00f6lge Kad\u0131nlar Te\u015fkilat\u0131 Ba\u015fkan\u0131 Fatma Eken konu\u015fmas\u0131nda Schwaben Kad\u0131nlar Te\u015fkilat\u0131 olarak cemiyetlerimizin maddi giderlerini kar\u015f\u0131lamak i\u00e7in yap\u0131lan \u00e7al\u0131\u015fmalar\u0131n\u0131 s\u00fcrd\u00fcrd\u00fcklerini, t\u00fcm bu \u00e7al\u0131\u015fmalar\u0131 takdir etti\u011fini belirterek bunun yan\u0131s\u0131ra manevi \u00e7al\u0131\u015fmalar\u0131n da devam etti\u011fini ve bu \u00e7al\u0131\u015fmalara daha da h\u0131z kazand\u0131rmak istediklerini ifade ettiler. Kad\u0131nlar BYK&#039;s\u0131 da sinevizyonla takdim edildi.<\/p>\n<p>Kad\u0131nlar Te\u015fkilat\u0131 Gen\u00e7lik Ba\u015fkan\u0131 Hatice Erdem ise, gen\u00e7lerimizin burada do\u011fup b\u00fcy\u00fcd\u00fc\u011f\u00fcn\u00fc, entegre olmu\u015f bir gen\u00e7li\u011fin yeti\u015fdi\u011fini ve gen\u00e7lerin yeti\u015fmesinde IGMG Kad\u0131nlar Te\u015fkilat\u0131 Gen\u00e7li\u011finin b\u00fcy\u00fck pay\u0131 oldu\u011funu vurgulayarak eme\u011fi ge\u00e7enlere te\u015fekk\u00fcr etti. Bundan sonraki yap\u0131lacak \u00e7al\u0131\u015fmalarda da \u015fubelerden destek istedi. Kad\u0131nlar Te\u015fkilat\u0131 Gen\u00e7lik BYK&#039;s\u0131n\u0131 tan\u0131tarak s\u00f6zlerini noktalad\u0131.<\/p>\n<p>Thanhausen Y\u00f6neticilerinden olan \u015e\u00fckr\u00fc Y\u0131lmaz&#039;\u0131n okudu\u011fu ikindi ezan\u0131 ile programa namaz aras\u0131 verildi.<\/p>\n<table>\n<tbody>\n<tr>\n<th><\/th>\n<th scope=\"col\"><\/th>\n<\/tr>\n<\/tbody>\n<\/table>\n<p>B\u00f6lgenin ikramlar\u0131n\u0131n ard\u0131ndan ikinci b\u00f6l\u00fcme ge\u00e7ildi. Mikrofona  gelen Schwaben B\u00f6lge Sorumlusu ve IGMG Te\u015fkilatlanma Ba\u015fkan Yard\u0131mc\u0131s\u0131  Mehmet Toprak yeni BYK&#039;y\u0131 tebrik ederek ba\u015far\u0131lar diledi. Genel Merkez  \u00e7al\u0131\u015fmalar\u0131 hakk\u0131nda bilgi veren Toprak&nbsp; &#8220;Nas\u0131l ki Hz. \u0130brahim g\u00fcllerin  i\u00e7inde dirildi, bizde IGMG te\u015fkilat\u0131n\u0131n i\u00e7inde diriliyoruz ve diri  kal\u0131yoruz&#8221;\u009d dedi.<\/p>\n<p>Dilek ve temennilerin al\u0131nmas\u0131ndan sonra k\u00fcrs\u00fcye  gelen Genel Ba\u015fkan Yard\u0131mc\u0131s\u0131 ve Te\u015fkilatlanma Ba\u015fkan\u0131 Sami Ganio\u011flu  dilek ve temennilere cevap verdi. Almanya genelinde te\u015fkilat \u00fczerinde  oynanmak istenen oyunlara da dikkat \u00e7eken Ganio\u011flu &#8220;Entegrasyona var\u0131z  ama asimilasyonun kar\u015f\u0131s\u0131nday\u0131z&#8221;\u009d dedi. Yeni olu\u015fan BYK&#039;y\u0131 tebrik ederek,  ba\u015far\u0131lar diledi. Krumbach Cemiyeti Gen\u00e7lik&nbsp; Ba\u015fkan\u0131 Adem Kartal&#039;\u0131n  okudu\u011fu kapan\u0131\u015f Kur&#039;an-\u0131 ile program son buldu.(ik)<\/p>\n","protected":false},"excerpt":{"rendered":"<p>IGMG Schwaben B\u00f6lgesi 1.Geni\u015fletilmi\u015f \u015eube Y\u00fcr\u00fctme Kurulu Toplant\u0131s\u0131 Senden Ay salonunda ger\u00e7ekle\u015ftirildi. <\/p>\n","protected":false},"author":1,"featured_media":0,"comment_status":"open","ping_status":"closed","sticky":false,"template":"","format":"standard","meta":{"ngg_post_thumbnail":0},"categories":[23238,24,23255],"tags":[],"_links":{"self":[{"href":"https:\/\/www.igmg.org\/tr\/wp-json\/wp\/v2\/posts\/8947"}],"collection":[{"href":"https:\/\/www.igmg.org\/tr\/wp-json\/wp\/v2\/posts"}],"about":[{"href":"https:\/\/www.igmg.org\/tr\/wp-json\/wp\/v2\/types\/post"}],"author":[{"embeddable":true,"href":"https:\/\/www.igmg.org\/tr\/wp-json\/wp\/v2\/users\/1"}],"replies":[{"embeddable":true,"href":"https:\/\/www.igmg.org\/tr\/wp-json\/wp\/v2\/comments?post=8947"}],"version-history":[{"count":0,"href":"https:\/\/www.igmg.org\/tr\/wp-json\/wp\/v2\/posts\/8947\/revisions"}],"wp:attachment":[{"href":"https:\/\/www.igmg.org\/tr\/wp-json\/wp\/v2\/media?parent=8947"}],"wp:term":[{"taxonomy":"category","embeddable":true,"href":"https:\/\/www.igmg.org\/tr\/wp-json\/wp\/v2\/categories?post=8947"},{"taxonomy":"post_tag","embeddable":true,"href":"https:\/\/www.igmg.org\/tr\/wp-json\/wp\/v2\/tags?post=8947"}],"curies":[{"name":"wp","href":"https:\/\/api.w.org\/{rel}","templated":true}]}}