{"id":9013,"date":"2010-03-10T11:15:00","date_gmt":"2010-03-10T10:15:00","guid":{"rendered":"https:\/\/www.igmg.org\/?p=9013"},"modified":"2015-02-16T10:46:10","modified_gmt":"2015-02-16T09:46:10","slug":"hacae%c2%b1lar-hasret-giderdi","status":"publish","type":"post","link":"https:\/\/www.igmg.org\/tr\/hacae%c2%b1lar-hasret-giderdi\/","title":{"rendered":"Hac\u0131lar hasret giderdi"},"content":{"rendered":"<p>B\u00f6lge Hac Sorumlusu Osman Sar\u0131&#039;n\u0131n haz\u0131rlam\u0131\u015f oldu\u011fu programda hac\u0131lar<br \/>\n o kutsal beldelerdeki an\u0131lar\u0131n\u0131 tazelendiler, sunulan resim ve haz\u0131rlanan DVD ile adeta o g\u00fcnleri yeniden ya\u015fad\u0131lar.<\/p>\n<p>Program\u0131n misafir konu\u015fmac\u0131s\u0131 B\u00f6lge Ba\u015fkan\u0131 Ya\u015far Cim\u015fit yapt\u0131\u011f\u0131 duygusal konu\u015fmada \u015funlar\u0131 dile getirdi: &#8220;Ne mutlu sizlereki o g\u00fczel beldelerde dostluk edinerek \u015fu anda bir araya gelerek kutsal beldeleri yeniden ya\u015fama ve hat\u0131rlama imkan\u0131 buluyorsunuz, sizleri Allah&#039;\u0131n evi olan Kabe&#039;de ve Peygamberimizin huzurunda bir araya getirek sevgi muhabbet ve dostluklar\u0131n\u0131z k\u0131yamete kadar devam etmesini dilerim, elbetteki bu hasret giderme g\u00fcn\u00fcn\u00fcz ayn\u0131 zaman da \u0130slam&#039;\u0131n karde\u015fli\u011fe verdi\u011fi \u00f6nemi de g\u00f6stemektedir. Te\u015fkilat\u0131m\u0131z\u0131n hac organizesinin 40.y\u0131l\u0131na denk gelen bir y\u0131lda bu ibadeti yerine getirmeniz de ayr\u0131ca \u00f6nemlidir.&#8221;\u009d<br \/>\n &nbsp;<br \/>\n Daha sonra 2009 y\u0131l\u0131 B\u00f6lge Kafile Ba\u015fkan\u0131 olan Bilal Ka\u00e7maz yapt\u0131\u011f\u0131 konu\u015fmada, &#8220;Sizlere sadece kendi ad\u0131ma de\u011fil, t\u00fcm kafilede g\u00f6rev yapan grup ba\u015fkanlar\u0131n\u0131n ad\u0131na date\u015fekk\u00fcr ederim. &nbsp;2009 y\u0131l\u0131nda bu g\u00fczel kafile ile hac ibadetini yapmak bizim i\u00e7in ayr\u0131cal\u0131k olmu\u015ftur. Sizin gibi g\u00fczel insanlar\u0131 o m\u00fcbarek topraklarda a\u011f\u0131rlamaktan onur duyduk. Bizler de Kafile ve Grup Ba\u015fkanlar\u0131 olarak \u00e7ok rahat bir&nbsp; hac ibadeti yapm\u0131\u015f bulunmaktay\u0131z, bundan dolay\u0131 hepinize ayr\u0131 ayr\u0131 te\u015fekk\u00fcr eder, nice y\u0131llarda tekrar sizlerle beraber o kutsal topraklarda bulu\u015fmay\u0131 dilerim. De\u011ferli hac\u0131 karde\u015flerim, hac ibadeti bizim hayat\u0131m\u0131z\u0131 de\u011fi\u015ftiren ve yeniden tertemiz bir hayata ba\u015flad\u0131\u011f\u0131m\u0131z\u0131 g\u00f6steren \u00e7ok \u00f6nemli ibadetlerden biridir, bundan dolay\u0131 hac da elde ettigimiz o safl\u0131\u011f\u0131, o temizligi kirletmeden hayat\u0131m\u0131z\u0131 s\u00fcrd\u00fcrmemiz gerekmektedir&#8221;\u009d dedi.<\/p>\n<p>Program\u0131n sonunda B\u00f6lge Ba\u015fkanl\u0131\u011f\u0131 2009 y\u0131l\u0131nda g\u00f6rev yapan g\u00f6revlilere plaket takdim etti.(ik)<\/p>\n","protected":false},"excerpt":{"rendered":"<p>Rhein Neckar Saar B\u00f6lgesi 2009 y\u0131l\u0131 hac\u0131lar\u0131 hasret giderme g\u00fcn\u00fcnde bulu\u015ftular.<\/p>\n","protected":false},"author":1,"featured_media":0,"comment_status":"open","ping_status":"closed","sticky":false,"template":"","format":"standard","meta":{"ngg_post_thumbnail":0},"categories":[23238,24],"tags":[],"_links":{"self":[{"href":"https:\/\/www.igmg.org\/tr\/wp-json\/wp\/v2\/posts\/9013"}],"collection":[{"href":"https:\/\/www.igmg.org\/tr\/wp-json\/wp\/v2\/posts"}],"about":[{"href":"https:\/\/www.igmg.org\/tr\/wp-json\/wp\/v2\/types\/post"}],"author":[{"embeddable":true,"href":"https:\/\/www.igmg.org\/tr\/wp-json\/wp\/v2\/users\/1"}],"replies":[{"embeddable":true,"href":"https:\/\/www.igmg.org\/tr\/wp-json\/wp\/v2\/comments?post=9013"}],"version-history":[{"count":0,"href":"https:\/\/www.igmg.org\/tr\/wp-json\/wp\/v2\/posts\/9013\/revisions"}],"wp:attachment":[{"href":"https:\/\/www.igmg.org\/tr\/wp-json\/wp\/v2\/media?parent=9013"}],"wp:term":[{"taxonomy":"category","embeddable":true,"href":"https:\/\/www.igmg.org\/tr\/wp-json\/wp\/v2\/categories?post=9013"},{"taxonomy":"post_tag","embeddable":true,"href":"https:\/\/www.igmg.org\/tr\/wp-json\/wp\/v2\/tags?post=9013"}],"curies":[{"name":"wp","href":"https:\/\/api.w.org\/{rel}","templated":true}]}}